{"id":7263,"date":"2019-01-14T00:03:22","date_gmt":"2019-01-14T00:03:22","guid":{"rendered":"https:\/\/redsemlac.com\/semmexico\/?p=7263"},"modified":"2023-07-21T14:41:48","modified_gmt":"2023-07-21T19:41:48","slug":"miradas-de-reportero-10","status":"publish","type":"post","link":"https:\/\/redsemlac.com\/semmexico\/miradas-de-reportero-10\/","title":{"rendered":"Miradas de reportero"},"content":{"rendered":"\n<p class=\"wp-block-paragraph\">\u2022 \u00bfPor qu\u00e9 Carmen, Julio, Loret, Sarmiento y Lupita, Mart\u00edn, Elvira, Alem\u00e1n\u2026?<\/p>\n\n\n\n<h5 class=\"wp-block-heading\"> Las reestructuraciones con despidos en los medios, que incluyen a periodistas, se aceleraron masivamente.<\/h5>\n\n\n\n<p class=\"wp-block-paragraph\"><a href=\"https:\/\/semmexico.com\/gallery-post.php?id=6824#\">Rogelio Hern\u00e1ndez<\/a><\/p>\n\n\n\n<p class=\"wp-block-paragraph\">SemM\u00e9xico, 14 enero 2019.- Colegas \u00bfqui\u00e9n puede informar con datos duros que Andr\u00e9s Manuel L\u00f3pez Obrador como Presidente de la Rep\u00fablica o alguien de su gabinete ha pedido o sugerido que despidan o contraten a periodistas?<\/p>\n\n\n\n<p class=\"wp-block-paragraph\">Ay\u00fadenme a verificar esa versi\u00f3n, o a desmentirla. El lunes 8 de enero me top\u00e9 con Jes\u00fas Ram\u00edrez Cuevas, el vocero del Ejecutivo federal y no me coment\u00f3 nada al respecto.<\/p>\n\n\n\n<p class=\"wp-block-paragraph\">En aras de la precisi\u00f3n tenemos que documentar si los movimientos recientes de personal (despidos y contrataciones) en el periodismo mexicano tienen m\u00e1s explicaciones que la tendencia empresarial de alinear sus inventarios a las aton\u00edas del mercado de la publicidad.<\/p>\n\n\n\n<p class=\"wp-block-paragraph\"><strong>La tendencia<\/strong><\/p>\n\n\n\n<p class=\"wp-block-paragraph\">Las reestructuraciones con despidos en los medios, que incluyen a periodistas, se aceleraron masivamente en el segundo semestre de 2018 pero ya eran recurrentes. Las causas son varias: revaloraci\u00f3n de puestos por tecnolog\u00eda, variaciones bruscas de carteras de clientes, desarrollo acelerado de plataformas digitales, dependencia perversa de la inversi\u00f3n p\u00fablica, mala planeaci\u00f3n\u2026<\/p>\n\n\n\n<p class=\"wp-block-paragraph\">En ning\u00fan caso, que se sepa, las contrataciones o despidos son por peticiones expresas del gobierno federal que apenas empez\u00f3. \u00bfO s\u00ed?<\/p>\n\n\n\n<p class=\"wp-block-paragraph\">\u201cEl n\u00famero de trabajadores cesados en meses recientes se sit\u00faa entre cinco y 10 mil y en dos a\u00f1os, de acuerdo con un cruce de datos del INEGI, el n\u00famero llegar\u00eda a casi 20 mil. Tan s\u00f3lo en Televisa se estiman entre tres mil y cuatro mil\u201d sostiene el colega, especializado en finanzas y econom\u00eda, Roberto Fuentes Vivar en su art\u00edculo del 9 de enero en el sitio almomento.mx.<\/p>\n\n\n\n<p class=\"wp-block-paragraph\">\u201cPor las caracter\u00edsticas de los contratos (en muchos casos personales y negociables entre dos partes) es casi imposible conocer a detalle el n\u00famero de despedidos en Televisa, TV Azteca, Grupo Imagen, Multimedios, Radio F\u00f3rmula, Radio Centro, Organizaci\u00f3n Editorial Mexicana, Reforma, La Jornada, El Universal, La Cr\u00f3nica, El Heraldo de M\u00e9xico y otros medios m\u00e1s que han incurrido en deshacerse de personal para sortear la crisis o han negociado baja de salarios o prestaciones\u201d, a\u00f1ade el reportero.<\/p>\n\n\n\n<p class=\"wp-block-paragraph\"><strong>Siete de los movimientos notables, fueron en Radio Centro<\/strong><\/p>\n\n\n\n<p class=\"wp-block-paragraph\">Entre todos esos movimientos de personal, atraen el inter\u00e9s de nosotros y ciertos sectores pol\u00edticos, los reacomodos recientes de ocho colegas de los m\u00e1s conocidos y que siete de ellos han sido en el corporativo Radio Centro.<\/p>\n\n\n\n<p class=\"wp-block-paragraph\">Seguramente han sucedido otras separaciones forzadas de periodistas destacados pero sus casos no saltaron a la gran vecindad de las llamadas redes sociales en su modalidad del chisme, especulaciones y noticias falsas.<\/p>\n\n\n\n<p class=\"wp-block-paragraph\">El grupo Radio Centro anunci\u00f3, despu\u00e9s de las elecciones federales, que incorporar\u00eda a Carmen Aristegui a su barra de noticieros. Ella cumplir\u00e1 cuatro a\u00f1os (marzo de 2015) de que MVS le rescindi\u00f3 el contrato. La empresa arguy\u00f3 incumplimiento, frente a la percepci\u00f3n general de que la empresa obedeci\u00f3 a petici\u00f3n de la Presidencia por la investigaci\u00f3n de la Casa Blanca. Aristegui ha ganado el juicio civil en varias instancias. L\u00f3pez Obrador, ya como presidente, dijo que se hab\u00eda cometido una injusticia contra la libertad de prensa. Pero ni Carmen, ni en la empresa ni alg\u00fan morenista ha dicho que el gobierno federal haya intervenido para su contrataci\u00f3n en Radio Centro. Su noticiero inicia este lunes 14. Fue decisi\u00f3n de la empresa.<\/p>\n\n\n\n<p class=\"wp-block-paragraph\">Luego, tambi\u00e9n en Radio Centro, vino la salida del reportero y conductor de noticieros en Televisa, Carlos Loret de Mola. Andr\u00e9s Manuel L\u00f3pez Obrador le ha se\u00f1alado p\u00fablicamente tres veces de mentir en sus columnas, como lo ha hecho tambi\u00e9n con cuatro trabajos del Diario Reforma. Eso s\u00ed es presi\u00f3n extrema con palabras de presidente. Pero la decisi\u00f3n de marginarlo fue de la empresa. Loret, en redes digitales explic\u00f3 que los directivos de la cadena quisieron cambiarle horarios, d\u00edas y pago distintos a los que se hab\u00edan convenido; sugiri\u00f3 que la empresa lo desplaz\u00f3 por ser cr\u00edtico al nuevo gobierno federal; sus seguidores, en redes sociales, especularon censura sin aportar el dato duro de la petici\u00f3n o sugerencia del Ejecutivo Federal. Carlos Loret, ya anunci\u00f3 el regreso de su noticiero a W radio, propiedad de Televisa.<\/p>\n\n\n\n<p class=\"wp-block-paragraph\">Una tercera noticia muy notable para los periodistas, fue el anuncio oficial de Radio Centro que incorpora a su barra noticiosa a Julio Hern\u00e1ndez L\u00f3pez, director de La Jornada de San Luis Potos\u00ed, creador de la columna Astillero y del sitio digital Julio Astillero. En el comunicado, la cadena resalt\u00f3 (lo que sabemos entre colegas) que lo invit\u00f3 por su credibilidad y por ser uno de los tres m\u00e1s influyentes en redes sociales. La nota fue replicada intensamente. En la viralizaci\u00f3n se record\u00f3 que el reportero-columnista desde hace a\u00f1os muestra empat\u00eda con el movimiento de Morena y, por supuesto con L\u00f3pez Obrador. Julio comienza su programa, seg\u00fan me coment\u00f3, el 16 mi\u00e9rcoles de enero. Este, como en el caso de Carmen es iniciativa y arriesgue empresarial.<\/p>\n\n\n\n<p class=\"wp-block-paragraph\">El 8 de enero nos enteramos por anuncios de los propios periodistas que ser\u00e1n retirados de La Red de Radio Red, propiedad de Radio Centro, Lupita Ju\u00e1rez y Sergio Sarmiento que por a\u00f1os trabajaron juntos. Su retirada ocurrir\u00e1 en los d\u00edas pr\u00f3ximos de enero. Jes\u00fas Mart\u00edn Mendoza, quien labor\u00f3 muy cercano a Jos\u00e9 Guti\u00e9rrez Viv\u00f3 en Radio Red, tambi\u00e9n anunci\u00f3 en Twitter que el s\u00e1bado 12 de enero dejar\u00eda de trabajar all\u00ed. El jueves 10, la periodista de cultura Elvira Garc\u00eda inform\u00f3 en Facebook la terminaci\u00f3n del noticiero Entre Nos de Radio Red-Radio Centro despu\u00e9s de 17 a\u00f1os.<\/p>\n\n\n\n<p class=\"wp-block-paragraph\">La mayor\u00eda de reacciones por estos anuncios fueron de buenos deseos para los cuatro colegas que esencialmente informaban con profesionalismo, lo que incluye la cr\u00edtica. Una parte de los comentarios sugiri\u00f3 que obedec\u00edan al nuevo gobierno, pero tampoco sin datos concretos de qui\u00e9n o cu\u00e1ndo se haya pedido expl\u00edcitamente.<\/p>\n\n\n\n<p class=\"wp-block-paragraph\">La reportera entrevistadora Elvira Garc\u00eda, interpret\u00f3 mejor que los especuladores de las redes sociales: \u201c\u2026el Grupo Radio Centro ha entrado en un per\u00edodo de reestructuraci\u00f3n del perfil de sus estaciones. Es en ese marco que yo dejo, por ahora, ese espacio radiof\u00f3nico y esa empresa, para la cual no tengo m\u00e1s que agradecimiento por el respeto a mi trabajo y la libertad de expresi\u00f3n de la que siempre he gozado, a lo largo de 17 a\u00f1os\u2026 Agradezco a la familia Aguirre y en espec\u00edfico a Francisco Aguirre su generosidad\u201d.<\/p>\n\n\n\n<p class=\"wp-block-paragraph\">Siete movimientos de notables. Todos en Radio Centro. Y la \u00fanica certeza es que ha sido la empresa quien plane\u00f3 y decidi\u00f3 los despidos y contrataciones. Si alguien puede documentar lo contrario, comp\u00e1rtanlo.<\/p>\n\n\n\n<p class=\"wp-block-paragraph\"><strong>Otra vez Alem\u00e1n<\/strong><\/p>\n\n\n\n<p class=\"wp-block-paragraph\">El mismo 8 de enero, ocurri\u00f3 otra salida de un notable. Ricardo Alem\u00e1n difundi\u00f3 en redes sociales que la empresa editora del sitio y el impreso&nbsp;<em>24 horas<\/em>&nbsp;le presion\u00f3 para que \u00e9l optara por \u201cretirarse del medio ya que argumentaron que de permanecer en \u00e9l correr\u00edan el riesgo de perder importantes ingresos en publicidad\u201d. Fue por ser cr\u00edtico al presidente, a\u00f1adi\u00f3 e interpret\u00f3 que cuatro de los retirados de Radio Centro fueron tambi\u00e9n por su actitud cr\u00edtica al nuevo gobierno y desliz\u00f3 que esto es \u201ccomo si fuera una cacer\u00eda de brujas\u201d. En este otro despido Alem\u00e1n tampoco aport\u00f3 datos de qui\u00e9n o c\u00f3mo presionaron a la empresa para que fuese retirado, igual que de Televisa y de Canal 11 cuando caduc\u00f3 su convenio.<\/p>\n\n\n\n<p class=\"wp-block-paragraph\">Si en estos u otros casos alguien nos diera datos precisos y concretos del regreso de que hubo acciones directas y expresas de gobernantes para despedir a colegas de sus empleos en empresas nos sumariamos a la defensa de la libertad de expresi\u00f3n y de prensa de los colegas afectados como lo hacemos desde hace d\u00e9cadas, incluso de mi amigo Ricardo Alem\u00e1n pese a que fue perdiendo aceptaci\u00f3n, confianza y credibilidad de la gente y sus empleadores, factores que si tienen Carmen y Julio, como lo reflejan sus miles de seguidores.<br><\/p>\n","protected":false},"excerpt":{"rendered":"<p>\u2022 \u00bfPor qu\u00e9 Carmen, Julio, Loret, Sarmiento y Lupita, Mart\u00edn, Elvira, Alem\u00e1n\u2026? Las reestructuraciones con despidos en los medios, que incluyen a periodistas, se aceleraron masivamente. Rogelio Hern\u00e1ndez SemM\u00e9xico, 14 enero 2019.- Colegas \u00bfqui\u00e9n puede informar con datos duros que Andr\u00e9s Manuel L\u00f3pez Obrador como Presidente de la Rep\u00fablica o alguien de su gabinete ha [&hellip;]<\/p>\n","protected":false},"author":3,"featured_media":7234,"comment_status":"open","ping_status":"open","sticky":false,"template":"","format":"standard","meta":{"_monsterinsights_skip_tracking":false,"footnotes":""},"categories":[690,85],"tags":[],"class_list":["post-7263","post","type-post","status-publish","format-standard","has-post-thumbnail","category-690","category-rogelio-hernandez-lopez"],"_links":{"self":[{"href":"https:\/\/redsemlac.com\/semmexico\/wp-json\/wp\/v2\/posts\/7263","targetHints":{"allow":["GET"]}}],"collection":[{"href":"https:\/\/redsemlac.com\/semmexico\/wp-json\/wp\/v2\/posts"}],"about":[{"href":"https:\/\/redsemlac.com\/semmexico\/wp-json\/wp\/v2\/types\/post"}],"author":[{"embeddable":true,"href":"https:\/\/redsemlac.com\/semmexico\/wp-json\/wp\/v2\/users\/3"}],"replies":[{"embeddable":true,"href":"https:\/\/redsemlac.com\/semmexico\/wp-json\/wp\/v2\/comments?post=7263"}],"version-history":[{"count":0,"href":"https:\/\/redsemlac.com\/semmexico\/wp-json\/wp\/v2\/posts\/7263\/revisions"}],"wp:featuredmedia":[{"embeddable":true,"href":"https:\/\/redsemlac.com\/semmexico\/wp-json\/wp\/v2\/media\/7234"}],"wp:attachment":[{"href":"https:\/\/redsemlac.com\/semmexico\/wp-json\/wp\/v2\/media?parent=7263"}],"wp:term":[{"taxonomy":"category","embeddable":true,"href":"https:\/\/redsemlac.com\/semmexico\/wp-json\/wp\/v2\/categories?post=7263"},{"taxonomy":"post_tag","embeddable":true,"href":"https:\/\/redsemlac.com\/semmexico\/wp-json\/wp\/v2\/tags?post=7263"}],"curies":[{"name":"wp","href":"https:\/\/api.w.org\/{rel}","templated":true}]}}