{"id":72604,"date":"2023-10-14T16:32:45","date_gmt":"2023-10-14T22:32:45","guid":{"rendered":"https:\/\/redsemlac.com\/semmexico\/?p=72604"},"modified":"2023-10-14T16:35:11","modified_gmt":"2023-10-14T22:35:11","slug":"por-una-macroeconomia-feminista","status":"publish","type":"post","link":"https:\/\/redsemlac.com\/semmexico\/por-una-macroeconomia-feminista\/","title":{"rendered":"Por una macroeconom\u00eda feminista"},"content":{"rendered":"\n<p class=\"wp-block-paragraph\"><strong>Redacci\u00f3n&nbsp; *<\/strong><\/p>\n\n\n\n<p class=\"wp-block-paragraph\">SemM\u00e9xico, Ciudad de M\u00e9xico, 14 de octubre, 2023.- En este momento del otorgamiento del Premio Nobel de Econom\u00eda 2023 a Claudia Goldin por su obra <em>Estudios sobre la Mujer en el mercado laboral<\/em>, es un buen momento para hablar del libro de Magdalena Garc\u00eda Hern\u00e1ndez que trata sobre Conceptos y Criterios para una Macroeconom\u00eda Feminista.<\/p>\n\n\n\n<p class=\"wp-block-paragraph\">Magdalena Garc\u00eda Hern\u00e1ndez (1948-) es una economista mexicana de larga experiencia en an\u00e1lisis de la econom\u00eda con una visi\u00f3n de g\u00e9nero. Directora General de Bufete de Estudios Interdisciplinarios AC, Integrante del Grupo Asesor de Partes Interesadas de ONU H\u00e1bitat y Coordinadora de MIRA Pensadoras Urbanas.<\/p>\n\n\n\n<p class=\"wp-block-paragraph\">En este documento la autora expone, de forma resumida, las aportaciones de las economistas feministas a la macroeconom\u00eda en su interlocuci\u00f3n con otras escuelas de pensamiento econ\u00f3mico, cuyas poderosas construcciones te\u00f3rico-conceptuales ha hecho acreedoras a las economistas feministas a ser reconocidas como una Escuela de pensamiento econ\u00f3mico feminista.<\/p>\n\n\n\n<p class=\"wp-block-paragraph\">&nbsp;La inclusi\u00f3n en estas Escuelas reconoce los saberes y potencia su incidencia a alt\u00edsimo nivel desde una perspectiva transdisciplinaria y hol\u00edstica.<\/p>\n\n\n\n<p class=\"wp-block-paragraph\">Esta experiencia compleja de s\u00edntesis y aportaciones agregadas cont\u00f3 con apoyos invaluables provenientes de economistas feministas y feministas no economistas que cobijan con sus saberes hol\u00edsticos y comprometidos las reflexiones del mundo feminista latinoamericano.<\/p>\n\n\n\n<p class=\"wp-block-paragraph\">Publicaci\u00f3n proveniente de la rama de la econom\u00eda heterodoxa por el buen vivir, para salvar a la humanidad y el planeta de los estragos generados por el neoliberalismo.<\/p>\n\n\n\n<p class=\"wp-block-paragraph\">Invitamos a todos y todas aquellas que se interesen a una lectura general o espec\u00edfica de este texto, que constituye un eslab\u00f3n que siembre semillas y contribuya a construir y mejorar, colectivamente, las piezas por pulir y completar de algo tan monumental como es el desarrollo, consolidaci\u00f3n y difusi\u00f3n del contenido de una ESCUELA DE PENSAMIENTO ECON\u00d3MICO FEMINISTA, en un mundo que se enfrenta a transformaciones estructurales profundas que urgen de miradas frescas y comprometidas que reconozcan e impulsen las propuestas del feminismo.<\/p>\n\n\n\n<p class=\"wp-block-paragraph\"><a href=\"https:\/\/www.cepal.org\/es\/publicaciones\/67998-conceptos-criterios-macroeconomia-feminista\">https:\/\/www.cepal.org\/es\/publicaciones\/67998-conceptos-criterios-macroeconomia-feminista<\/a><\/p>\n\n\n<div class=\"wp-block-image\">\n<figure class=\"alignleft size-full\"><a href=\"https:\/\/redsemlac.com\/semmexico\/wp-content\/uploads\/2023\/10\/macroeconomia-02.png\"><img loading=\"lazy\" decoding=\"async\" width=\"237\" height=\"308\" src=\"https:\/\/redsemlac.com\/semmexico\/wp-content\/uploads\/2023\/10\/macroeconomia-02.png\" alt=\"\" class=\"wp-image-72606\"\/><\/a><\/figure>\n<\/div>\n\n\n<p class=\"wp-block-paragraph\">Mar\u00eda del Pilar<strong><u> Magdalena<\/u><\/strong> Amanda del Coraz\u00f3n de Jes\u00fas<strong> <u>Garc\u00eda<\/u><\/strong> y <strong><u>Hern\u00e1ndez<\/u><\/strong><strong> <\/strong>es<strong> <\/strong>esposa, madre, abuela<strong>, <\/strong>Ingeniera Comercial y Maestra en Ciencias Econ\u00f3micas. Economista experta en temas econ\u00f3micos presupuestales, g\u00e9nero, derechos humanos y desarrollo. Egresada de la Escuela de Econom\u00eda y de la Escuela para Graduados de la Universidad de Chile, Directora General de Bufete de Estudios Interdisciplinarios AC, Integrante del Grupo Asesor de Partes Interesadas de ONU H\u00e1bitat y Coordinadora de MIRA Pensadoras Urbanas. Secretaria T\u00e9cnica de la Presidencia del Grupo INTERAGENCIAL de G\u00e9nero del Sistema de Naciones Unidas en M\u00e9xico (2010-2012). Participante como sociedad civil de las mesas de trabajo de la C\u00e1mara de Diputados para el presupuesto 2024.<\/p>\n","protected":false},"excerpt":{"rendered":"<p>En este momento del otorgamiento del Premio Nobel de Econom\u00eda 2023 a Claudia Goldin por su obra Estudios sobre la Mujer en el mercado laboral, es un buen momento para hablar del libro de Magdalena Garc\u00eda Hern\u00e1ndez que trata sobre Conceptos y Criterios para una Macroeconom\u00eda Feminista.<\/p>\n","protected":false},"author":3,"featured_media":72605,"comment_status":"open","ping_status":"open","sticky":false,"template":"","format":"standard","meta":{"_monsterinsights_skip_tracking":false,"footnotes":""},"categories":[702],"tags":[],"class_list":["post-72604","post","type-post","status-publish","format-standard","has-post-thumbnail","category-economia"],"_links":{"self":[{"href":"https:\/\/redsemlac.com\/semmexico\/wp-json\/wp\/v2\/posts\/72604","targetHints":{"allow":["GET"]}}],"collection":[{"href":"https:\/\/redsemlac.com\/semmexico\/wp-json\/wp\/v2\/posts"}],"about":[{"href":"https:\/\/redsemlac.com\/semmexico\/wp-json\/wp\/v2\/types\/post"}],"author":[{"embeddable":true,"href":"https:\/\/redsemlac.com\/semmexico\/wp-json\/wp\/v2\/users\/3"}],"replies":[{"embeddable":true,"href":"https:\/\/redsemlac.com\/semmexico\/wp-json\/wp\/v2\/comments?post=72604"}],"version-history":[{"count":0,"href":"https:\/\/redsemlac.com\/semmexico\/wp-json\/wp\/v2\/posts\/72604\/revisions"}],"wp:featuredmedia":[{"embeddable":true,"href":"https:\/\/redsemlac.com\/semmexico\/wp-json\/wp\/v2\/media\/72605"}],"wp:attachment":[{"href":"https:\/\/redsemlac.com\/semmexico\/wp-json\/wp\/v2\/media?parent=72604"}],"wp:term":[{"taxonomy":"category","embeddable":true,"href":"https:\/\/redsemlac.com\/semmexico\/wp-json\/wp\/v2\/categories?post=72604"},{"taxonomy":"post_tag","embeddable":true,"href":"https:\/\/redsemlac.com\/semmexico\/wp-json\/wp\/v2\/tags?post=72604"}],"curies":[{"name":"wp","href":"https:\/\/api.w.org\/{rel}","templated":true}]}}