{"id":72596,"date":"2023-10-14T16:24:44","date_gmt":"2023-10-14T22:24:44","guid":{"rendered":"https:\/\/redsemlac.com\/semmexico\/?p=72596"},"modified":"2023-10-14T16:24:46","modified_gmt":"2023-10-14T22:24:46","slug":"puebla-esta-preparada-para-que-una-mujer-la-encabece-es-tiempo-de-las-morenas-olivia-salomon","status":"publish","type":"post","link":"https:\/\/redsemlac.com\/semmexico\/puebla-esta-preparada-para-que-una-mujer-la-encabece-es-tiempo-de-las-morenas-olivia-salomon\/","title":{"rendered":"&#8216;Puebla est\u00e1 preparada para que una mujer la encabece, es tiempo de las morenas&#8217;: Olivia Salom\u00f3n"},"content":{"rendered":"\n<p class=\"wp-block-paragraph\">Olivia Salom\u00f3n, aspirante a coordinar la defensa de la 4T en compa\u00f1\u00eda de los dem\u00e1s aspirantes. Cortes\u00eda<\/p>\n\n\n\n<p class=\"wp-block-paragraph\">La aspirante a coordinar la defensa de la Transformaci\u00f3n en Puebla dijo que el movimiento que inici\u00f3 el presidente Andr\u00e9s Manuel L\u00f3pez Obrador ha tra\u00eddo buenos resultados.<\/p>\n\n\n\n<p class=\"wp-block-paragraph\">Redacci\u00f3n*<\/p>\n\n\n\n<p class=\"wp-block-paragraph\">SemM\u00e9xico, Puebla de los \u00c1ngeles, Puebla, 14 de octubre, 2023.-<a href=\"https:\/\/www.radioformula.com.mx\/nacional\/2023\/10\/11\/olivia-salomon-sostiene-encuentro-con-jovenes-para-que-no-caigan-en-la-trampa-de-las-drogas-785336.html\" target=\"_blank\" rel=\"noreferrer noopener\">Olivia Salom\u00f3n, aspirante a la coordinar la defensa de la Transformaci\u00f3n en Puebla<\/a>,&nbsp;resalt\u00f3 este viernes la posible&nbsp;inclusi\u00f3n de otros liderazgos locales en el proceso de selecci\u00f3n que determinar\u00e1 a la persona que quede al frente de la coordinaci\u00f3n en la entidad, aunque no pidi\u00f3 olvidar que &#8216;es tiempo de las morenas&#8217;.<\/p>\n\n\n\n<p class=\"wp-block-paragraph\">En ese sentido, expres\u00f3 su agradecimiento por ser considerada en dicho proceso y aplaudi\u00f3 a&nbsp;Morena&nbsp;por ser un partido con principios democr\u00e1ticos y abiertos. Record\u00f3&nbsp;que el compromiso de&nbsp;Morena&nbsp;refleja la visi\u00f3n del presidente&nbsp;Andr\u00e9s Manuel L\u00f3pez Obrador, la cual no excluye a nadie.<\/p>\n\n\n\n<p class=\"wp-block-paragraph\"><strong>Olivia Salom\u00f3n se dice entusiasmada<\/strong><\/p>\n\n\n\n<p class=\"wp-block-paragraph\">Durante la presentaci\u00f3n de los resultados de la encuesta de reconocimiento de&nbsp;Morena&nbsp;en&nbsp;Puebla,&nbsp;Olivia Salom\u00f3n&nbsp;mostr\u00f3 su entusiasmo por ser parte de un movimiento que coloca el&nbsp;bienestar de Puebla&nbsp;y su poblaci\u00f3n por encima de intereses personales o grupales.<\/p>\n\n\n\n<p class=\"wp-block-paragraph\">Asimismo, celebr\u00f3&nbsp;el compromiso de Morena&nbsp;con s\u00f3lidos principios democr\u00e1ticos, en l\u00ednea con la visi\u00f3n de Andr\u00e9s Manuel L\u00f3pez Obrador de no dejar a nadie atr\u00e1s y expres\u00f3 su satisfacci\u00f3n por participar en un proceso democr\u00e1tico transparente y se\u00f1al\u00f3 que conf\u00eda en que Morena triunfar\u00e1 en Puebla.<\/p>\n\n\n\n<p class=\"wp-block-paragraph\"><strong>Resalta actitud de los morenistas<\/strong><\/p>\n\n\n\n<p class=\"wp-block-paragraph\">Destac\u00f3 la calidad de sus compa\u00f1eros y compa\u00f1eras y reafirm\u00f3 su convicci\u00f3n de que, juntos, pueden desempe\u00f1ar un papel fundamental en beneficio de la poblaci\u00f3n poblana.<\/p>\n\n\n\n<p class=\"wp-block-paragraph\">La aspirante subray\u00f3 que la elecci\u00f3n final recae en la ciudadan\u00eda, quienes, a trav\u00e9s de una encuesta, elegir\u00e1n a la persona m\u00e1s competitiva y adecuada para liderar&nbsp;Puebla, bas\u00e1ndose en las cualidades que la poblaci\u00f3n considere esenciales.<\/p>\n\n\n\n<p class=\"wp-block-paragraph\"><strong>Puebla lista para ver ganar a Claudia Sheinbaum&nbsp;<\/strong><\/p>\n\n\n\n<p class=\"wp-block-paragraph\">Enfatiz\u00f3 el respaldo de&nbsp;Morena&nbsp;a las mujeres y la confianza que la ciudadan\u00eda les otorga, ejemplific\u00e1ndolo con&nbsp; Claudia Sheinbaum Pardo, indicando que&nbsp;Puebla&nbsp;est\u00e1 lista para tener a una mujer como l\u00edder estatal.<\/p>\n\n\n\n<p class=\"wp-block-paragraph\">Olivia Salom\u00f3n&nbsp;concluy\u00f3 destacando su convicci\u00f3n de que la unidad fortalecer\u00e1 el&nbsp;Movimiento de Transformaci\u00f3n&nbsp;y que el enfoque principal es el bienestar de las mujeres, bajo el lema \u00abEs Tiempo de las Morenas\u00bb.<\/p>\n","protected":false},"excerpt":{"rendered":"<p>La aspirante a coordinar la defensa de la Transformaci\u00f3n en Puebla dijo que el movimiento que inici\u00f3 el presidente Andr\u00e9s Manuel L\u00f3pez Obrador ha tra\u00eddo buenos resultados.<\/p>\n","protected":false},"author":3,"featured_media":72597,"comment_status":"open","ping_status":"open","sticky":false,"template":"","format":"standard","meta":{"_monsterinsights_skip_tracking":false,"footnotes":""},"categories":[141],"tags":[],"class_list":["post-72596","post","type-post","status-publish","format-standard","has-post-thumbnail","category-elecciones-2020-2021"],"_links":{"self":[{"href":"https:\/\/redsemlac.com\/semmexico\/wp-json\/wp\/v2\/posts\/72596","targetHints":{"allow":["GET"]}}],"collection":[{"href":"https:\/\/redsemlac.com\/semmexico\/wp-json\/wp\/v2\/posts"}],"about":[{"href":"https:\/\/redsemlac.com\/semmexico\/wp-json\/wp\/v2\/types\/post"}],"author":[{"embeddable":true,"href":"https:\/\/redsemlac.com\/semmexico\/wp-json\/wp\/v2\/users\/3"}],"replies":[{"embeddable":true,"href":"https:\/\/redsemlac.com\/semmexico\/wp-json\/wp\/v2\/comments?post=72596"}],"version-history":[{"count":0,"href":"https:\/\/redsemlac.com\/semmexico\/wp-json\/wp\/v2\/posts\/72596\/revisions"}],"wp:featuredmedia":[{"embeddable":true,"href":"https:\/\/redsemlac.com\/semmexico\/wp-json\/wp\/v2\/media\/72597"}],"wp:attachment":[{"href":"https:\/\/redsemlac.com\/semmexico\/wp-json\/wp\/v2\/media?parent=72596"}],"wp:term":[{"taxonomy":"category","embeddable":true,"href":"https:\/\/redsemlac.com\/semmexico\/wp-json\/wp\/v2\/categories?post=72596"},{"taxonomy":"post_tag","embeddable":true,"href":"https:\/\/redsemlac.com\/semmexico\/wp-json\/wp\/v2\/tags?post=72596"}],"curies":[{"name":"wp","href":"https:\/\/api.w.org\/{rel}","templated":true}]}}