{"id":72592,"date":"2023-10-14T16:22:50","date_gmt":"2023-10-14T22:22:50","guid":{"rendered":"https:\/\/redsemlac.com\/semmexico\/?p=72592"},"modified":"2023-10-14T16:22:53","modified_gmt":"2023-10-14T22:22:53","slug":"fge-guerrero-implementa-el-protocolo-entrega-digna-para-notificacion-y-entrega-de-cuerpo-a-familiares-de-yesenia-n-victima-de-desaparicion","status":"publish","type":"post","link":"https:\/\/redsemlac.com\/semmexico\/fge-guerrero-implementa-el-protocolo-entrega-digna-para-notificacion-y-entrega-de-cuerpo-a-familiares-de-yesenia-n-victima-de-desaparicion\/","title":{"rendered":"FGE Guerrero implementa el \u201cProtocolo Entrega Digna\u201d para notificaci\u00f3n y entrega de cuerpo a familiares de Yesenia \u201cN\u201d v\u00edctima de desaparici\u00f3n."},"content":{"rendered":"\n<p class=\"wp-block-paragraph\">Redacci\u00f3n<\/p>\n\n\n\n<p class=\"wp-block-paragraph\">SemM\u00e9xico\/ Ceprovysa, Tlapa, Guerrero, 14 de octubre, 2023.- La Fiscal\u00eda General del Estado, a trav\u00e9s del Equipo Multidisciplinario de Identificaci\u00f3n Humana de la Coordinaci\u00f3n General de los Servicios Periciales, puso en marcha el \u201cProtocolo Entrega Digna\u201d, para llevar a cabo la notificaci\u00f3n y entrega del cuerpo de Yesenia \u201cN\u201d a sus familiares, persona reportada como desaparecida en el municipio de Copanatoyac.<\/p>\n\n\n\n<p class=\"wp-block-paragraph\">En esta diligencia, los peritos intervinientes en el proceso de identificaci\u00f3n explicaron detalladamente a los familiares de la v\u00edctima, los m\u00e9todos de estudio, procedimientos cient\u00edficos y an\u00e1lisis utilizados para determinar que se trata de su ser querido, garantizando la calidad y certeza del uso de los protocolos vigentes, as\u00ed como el trato digno de la persona fallecida y\/o restos humanos.<\/p>\n\n\n\n<p class=\"wp-block-paragraph\">Durante este tr\u00e1mite, los familiares de la persona identificada estuvieron acompa\u00f1ados por su Asesor Jur\u00eddico, el Lic. Liborio Rosales Sierra, adscrito al Centro de Derechos Humanos de la Monta\u00f1a Tlachinollan y del Perito Traductor de la Secretar\u00eda de Asuntos Ind\u00edgenas, Samuel Gonz\u00e1lez Librado. Asimismo, en esta notificaci\u00f3n, estuvieron presentes el Lic. Fredis Cortez Salado, Agente del Ministerio P\u00fablico adscrito a la Direcci\u00f3n General de Investigaciones; La Lic. Gabriela Alonso Alarc\u00f3n, Psic\u00f3loga de la Direcci\u00f3n General de Atenci\u00f3n a V\u00edctimas u Ofendidos; La Lic. Gabriela Lozano Reza, de la Comisi\u00f3n Estatal de B\u00fasqueda de Personas (CEBP) Guerrero; Las &nbsp;licenciadas &nbsp;Enedina Medrano Serrano y Eva Garc\u00eda Barrera, Titular y Trabajadora Social respectivamente, de la Comisi\u00f3n Ejecutiva Estatal de Atenci\u00f3n a V\u00edctimas Guerrero y el Lic. Mario Alberto Agama Carmona, Visitador Adjunto de la Tercera Visitadur\u00eda General de la Comisi\u00f3n de los Derechos Humanos del Estado de Guerrero.<\/p>\n\n\n\n<p class=\"wp-block-paragraph\">La FGE garantiza las acciones, medidas y procedimientos de notificaci\u00f3n, para que la entrega de cuerpos se efect\u00fae de conformidad con los principios de dignidad, m\u00e1xima protecci\u00f3n y transparencia, como lo establece la ley.<\/p>\n\n\n\n<figure class=\"wp-block-image size-full\"><a href=\"https:\/\/redsemlac.com\/semmexico\/wp-content\/uploads\/2023\/10\/fge-guerrero-02.jpg\"><img loading=\"lazy\" decoding=\"async\" width=\"369\" height=\"136\" src=\"https:\/\/redsemlac.com\/semmexico\/wp-content\/uploads\/2023\/10\/fge-guerrero-02.jpg\" alt=\"\" class=\"wp-image-72594\"\/><\/a><\/figure>\n","protected":false},"excerpt":{"rendered":"<p>La Fiscal\u00eda General del Estado, a trav\u00e9s del Equipo Multidisciplinario de Identificaci\u00f3n Humana de la Coordinaci\u00f3n General de los Servicios Periciales, puso en marcha el \u201cProtocolo Entrega Digna\u201d<\/p>\n","protected":false},"author":3,"featured_media":72593,"comment_status":"open","ping_status":"open","sticky":false,"template":"","format":"standard","meta":{"_monsterinsights_skip_tracking":false,"footnotes":""},"categories":[48],"tags":[],"class_list":["post-72592","post","type-post","status-publish","format-standard","has-post-thumbnail","category-no-mas-impunidad-no-mas-impunidad"],"_links":{"self":[{"href":"https:\/\/redsemlac.com\/semmexico\/wp-json\/wp\/v2\/posts\/72592","targetHints":{"allow":["GET"]}}],"collection":[{"href":"https:\/\/redsemlac.com\/semmexico\/wp-json\/wp\/v2\/posts"}],"about":[{"href":"https:\/\/redsemlac.com\/semmexico\/wp-json\/wp\/v2\/types\/post"}],"author":[{"embeddable":true,"href":"https:\/\/redsemlac.com\/semmexico\/wp-json\/wp\/v2\/users\/3"}],"replies":[{"embeddable":true,"href":"https:\/\/redsemlac.com\/semmexico\/wp-json\/wp\/v2\/comments?post=72592"}],"version-history":[{"count":0,"href":"https:\/\/redsemlac.com\/semmexico\/wp-json\/wp\/v2\/posts\/72592\/revisions"}],"wp:featuredmedia":[{"embeddable":true,"href":"https:\/\/redsemlac.com\/semmexico\/wp-json\/wp\/v2\/media\/72593"}],"wp:attachment":[{"href":"https:\/\/redsemlac.com\/semmexico\/wp-json\/wp\/v2\/media?parent=72592"}],"wp:term":[{"taxonomy":"category","embeddable":true,"href":"https:\/\/redsemlac.com\/semmexico\/wp-json\/wp\/v2\/categories?post=72592"},{"taxonomy":"post_tag","embeddable":true,"href":"https:\/\/redsemlac.com\/semmexico\/wp-json\/wp\/v2\/tags?post=72592"}],"curies":[{"name":"wp","href":"https:\/\/api.w.org\/{rel}","templated":true}]}}