{"id":72588,"date":"2023-10-14T16:19:01","date_gmt":"2023-10-14T22:19:01","guid":{"rendered":"https:\/\/redsemlac.com\/semmexico\/?p=72588"},"modified":"2023-10-14T16:19:03","modified_gmt":"2023-10-14T22:19:03","slug":"por-pedirle-el-divorcio-hombre-mata-a-balazos-a-su-esposa-en-el-municipio-de-juarez-chiapas","status":"publish","type":"post","link":"https:\/\/redsemlac.com\/semmexico\/por-pedirle-el-divorcio-hombre-mata-a-balazos-a-su-esposa-en-el-municipio-de-juarez-chiapas\/","title":{"rendered":"Por pedirle el divorcio, hombre mata a balazos a su esposa en el municipio de Ju\u00e1rez Chiapas"},"content":{"rendered":"\n<p class=\"wp-block-paragraph\">El feminicida Jorge Luis \u00abN\u00bb fue detenido cuando intentaba escapar hacia Villahermosa, Tabasco<br>Gabriela Couti\u00f1o<\/p>\n\n\n\n<p class=\"wp-block-paragraph\">SemM\u00e9xico, Tuxtla Guti\u00e9rrez, Chis. 14 de octubre, 2023.- Un hombre asesin\u00f3 con una arma de fuego a su esposa cuando \u00e9sta le pidi\u00f3 el divorcio, en medio de una discusi\u00f3n dentro de su vivienda en el municipio de Salto de Agua.<\/p>\n\n\n\n<p class=\"wp-block-paragraph\">El presunto feminicida, identificado como Jorge Luis \u00abN\u00bb, dispar\u00f3 contra su esposa Claribel \u00abN\u00bb en los momentos en que forcejeaba con su pareja, la noche del pasado mi\u00e9rcoles.<\/p>\n\n\n\n<p class=\"wp-block-paragraph\">\u201cLa v\u00edctima y el imputado discutieron cuando ella le solicit\u00f3 el divorcio; el inculpado busc\u00f3 el arma de fuego y durante el forcejeo se accion\u00f3 el arma lesionando a la v\u00edctima, herida que le caus\u00f3 el deceso\u00bb, consign\u00f3 la carpeta de investigaci\u00f3n.<\/p>\n\n\n\n<p class=\"wp-block-paragraph\">Al percatarse de su acci\u00f3n, Jorge Luis \u00abN\u00bb dej\u00f3 la vivienda familiar, ubicada en la zona centro de la poblaci\u00f3n, pero fue detenido cuando intentaba escapar hacia Villahermosa, Tabasco.<\/p>\n\n\n\n<p class=\"wp-block-paragraph\">Agentes de la Polic\u00eda de Investigaci\u00f3n, adscritos a la Fiscal\u00eda de Distrito Selva y de la Secretar\u00eda de Seguridad y Protecci\u00f3n Ciudadana, pusieron al detenido a disposici\u00f3n ministerial.<\/p>\n\n\n\n<p class=\"wp-block-paragraph\">En redes sociales, amigos y conocidos condenaron el presunto feminicidio de Claribel \u00abN\u00bb, de 31 a\u00f1os, maestra de la escuela primaria Miguel Hidalgo y Costilla.<\/p>\n\n\n\n<p class=\"wp-block-paragraph\">Padres de familia y amigos la recordaron como una persona de trato amable y afectuoso, a diferencia del presunto responsable que fue descrito como \u00bb controlador y maltratador\u00bb.<\/p>\n\n\n\n<p class=\"wp-block-paragraph\">Vecinos y conocidos de la v\u00edctima denunciaron adem\u00e1s que despu\u00e9s de algunas horas del fallecimiento, el cad\u00e1ver no hab\u00eda sido entregado a sus familiares por la Fiscal\u00eda de Salto de Agua y de la regi\u00f3n Selva.<\/p>\n\n\n\n<p class=\"wp-block-paragraph\">\u00abEs necesario unir fuerzas para retirar su cad\u00e1ver porque ya no lo podr\u00e1n velar , se va descomponer. Como seres humanos merecemos respeto , m\u00e1s cuando el dolor de la familia los ha invadido\u00bb, escribi\u00f3 una usuaria.<\/p>\n\n\n\n<figure class=\"wp-block-image size-full\"><a href=\"https:\/\/redsemlac.com\/semmexico\/wp-content\/uploads\/2023\/10\/divorcio-02.png\"><img loading=\"lazy\" decoding=\"async\" width=\"960\" height=\"960\" src=\"https:\/\/redsemlac.com\/semmexico\/wp-content\/uploads\/2023\/10\/divorcio-02.png\" alt=\"\" class=\"wp-image-72590\"\/><\/a><\/figure>\n","protected":false},"excerpt":{"rendered":"<p>Un hombre asesin\u00f3 con una arma de fuego a su esposa cuando \u00e9sta le pidi\u00f3 el divorcio, en medio de una discusi\u00f3n dentro de su vivienda en el municipio de Salto de Agua.<\/p>\n","protected":false},"author":3,"featured_media":72589,"comment_status":"open","ping_status":"open","sticky":false,"template":"","format":"standard","meta":{"_monsterinsights_skip_tracking":false,"footnotes":""},"categories":[48],"tags":[],"class_list":["post-72588","post","type-post","status-publish","format-standard","has-post-thumbnail","category-no-mas-impunidad-no-mas-impunidad"],"_links":{"self":[{"href":"https:\/\/redsemlac.com\/semmexico\/wp-json\/wp\/v2\/posts\/72588","targetHints":{"allow":["GET"]}}],"collection":[{"href":"https:\/\/redsemlac.com\/semmexico\/wp-json\/wp\/v2\/posts"}],"about":[{"href":"https:\/\/redsemlac.com\/semmexico\/wp-json\/wp\/v2\/types\/post"}],"author":[{"embeddable":true,"href":"https:\/\/redsemlac.com\/semmexico\/wp-json\/wp\/v2\/users\/3"}],"replies":[{"embeddable":true,"href":"https:\/\/redsemlac.com\/semmexico\/wp-json\/wp\/v2\/comments?post=72588"}],"version-history":[{"count":0,"href":"https:\/\/redsemlac.com\/semmexico\/wp-json\/wp\/v2\/posts\/72588\/revisions"}],"wp:featuredmedia":[{"embeddable":true,"href":"https:\/\/redsemlac.com\/semmexico\/wp-json\/wp\/v2\/media\/72589"}],"wp:attachment":[{"href":"https:\/\/redsemlac.com\/semmexico\/wp-json\/wp\/v2\/media?parent=72588"}],"wp:term":[{"taxonomy":"category","embeddable":true,"href":"https:\/\/redsemlac.com\/semmexico\/wp-json\/wp\/v2\/categories?post=72588"},{"taxonomy":"post_tag","embeddable":true,"href":"https:\/\/redsemlac.com\/semmexico\/wp-json\/wp\/v2\/tags?post=72588"}],"curies":[{"name":"wp","href":"https:\/\/api.w.org\/{rel}","templated":true}]}}