{"id":72583,"date":"2023-10-14T14:19:33","date_gmt":"2023-10-14T20:19:33","guid":{"rendered":"https:\/\/redsemlac.com\/semmexico\/?p=72583"},"modified":"2023-10-14T15:55:56","modified_gmt":"2023-10-14T21:55:56","slug":"exigen-medidas-de-proteccion-ante-amenazas-y-agresiones-de-la-diputada-local-alejandra-ramirez-ortiz","status":"publish","type":"post","link":"https:\/\/redsemlac.com\/semmexico\/exigen-medidas-de-proteccion-ante-amenazas-y-agresiones-de-la-diputada-local-alejandra-ramirez-ortiz\/","title":{"rendered":"Exigen medidas de protecci\u00f3n ante amenazas y agresiones de la diputada local Alejandra Ram\u00edrez Ortiz"},"content":{"rendered":"\n<p class=\"wp-block-paragraph\">Demandan que la legisladora y presidenta estatal del Partido Alianza Ciudadana (PAC) renuncie y enfrente la justicia como ciudadana \u00a1Ning\u00fan agresor, ninguna agresora en el poder! \u00a1basta de impunidad!: Activistas y organizaciones feministas<\/p>\n\n\n\n<p class=\"wp-block-paragraph\">Marco Gonz\u00e1lez<\/p>\n\n\n\n<p class=\"wp-block-paragraph\">SemM\u00e9xico, Tlaxcala,Tlax., 14 de octubre, 2023.- En conferencia de prensa, acompa\u00f1ada por las representantes de las organizaciones feministas \u201cAbandona el miedo\u201d, Haydee Noya Cort\u00e9s; Yeny Charrez Carlos de \u201cMujeres con Poder\u201d y activista, Er\u00e9ndira Jim\u00e9nez Montiel, Laura N., docente de la Facultad de Filosof\u00eda y Letras de la Universidad Aut\u00f3noma de Tlaxcala (UATx) manifest\u00f3 que fue agredida en su centro de trabajo.Detall\u00f3 que la diputada local, Alejandra Ram\u00edrez Ortiz acudi\u00f3 a las instalaciones de la Facultad para la violentarla.<\/p>\n\n\n\n<p class=\"wp-block-paragraph\">Describi\u00f3 que cuando intento grabar que estaba siendo amedrentada, la legisladora del PAC le agredi\u00f3 causandole lesiones (mismas que posteriormente fueron atendidas por un m\u00e9dico legista), indic\u00f3 que el esposo de la diputada Enrique V\u00e1zquez Fern\u00e1ndez, fue testigo de los hechos y no hizo nada por impedir la agresi\u00f3n, describi\u00f3 que pidi\u00f3 auxilio desde el espacio en el que fue retenida por m\u00e1s de una hora y media; sin que personal de la facultad le prestara ayuda y que a pesar de haber testigos no pudieron hacer algo para evitar la agresi\u00f3n de la que fue objeto tampoco la polic\u00eda estatal o municipal intervino.<\/p>\n\n\n\n<p class=\"wp-block-paragraph\">La catedr\u00e1tica y expareja de Enrique V\u00e1zquez Fern\u00e1ndez, expuso que despu\u00e9s de los hechos present\u00f3 una denuncia ante la PGJE acus\u00f3 a la dependencia estatal de ser omisa al no expedir de manera inmediata medidas de protecci\u00f3n, asever\u00f3 sentirse vulnerable, temerosa ante cualquier tipo de agresi\u00f3n en su contra \u201cPido protecci\u00f3n para m\u00ed para mi familia, para quienes me apoyan en este momento, porque con toda la alevos\u00eda y ventaja me agredieron y si esto pas\u00f3, no quiero que pase otra cosa\u201d.<br>Ante el cuestionamiento de representantes de medios de comunicaci\u00f3n s\u00ed cuenta con pruebas Laura N., revel\u00f3 que la facultad cuenta con videovigilancia pidi\u00f3 que se revisen las c\u00e1maras de seguridad del C5i y de la facultad, las cuales estaban en funcionamiento adem\u00e1s en su momento para no afectar el debido proceso presentar\u00e1n para su defensa las pruebas correspondientes. \u201cNo pienso suicidarme, ni huir, ni dejar mi trabajo, porque es mi trabajo y el sustento de mis hijos y por eso he luchado este tiempo porque tengo 23 a\u00f1os trabajando en la Aut\u00f3noma de Tlaxcala\u201d, demand\u00f3 a las autoridades de la m\u00e1xima casa de estudios respetar sus derechos laborales, cabe se\u00f1alar que la rector\u00eda de la UATx y la facultad no se han<br>pronunciado ante los acontecimientos. <\/p>\n\n\n\n<p class=\"wp-block-paragraph\">Las activistas subrayaron que la denuncia p\u00fablica es motivada para que las autoridades no act\u00faen con impunidad y la investigaci\u00f3n se realice conforme a derecho, exigieron la renuncia de la Diputada para que enfrente a la justicia como ciudadana, solicitaron a la Procuradur\u00eda General de Justicia (PGJ) las medidas de protecci\u00f3n ya que tras la supuesta agresi\u00f3n y la reciente denuncia dicha dependencia fue omisa en otorgar seguridad a la agredida, conminaron al Congreso local, a trav\u00e9s de la Mesa Directiva o de la Junta de Coordinaci\u00f3n y Concertaci\u00f3n Pol\u00edtica (JCCP) se pronuncie sobre hechos y evidenciaron que la diputada forma parte de la Comisi\u00f3n de Derechos Humanos y preside la Comisi\u00f3n de Educaci\u00f3n y coincidieron en qu\u00e9 la violencia no debe ser permitida y mucho menos solapada cuando proviene de una integrante del Poder Legislativo. \u201cNos preocupa el hecho que Laura N., haya sido agredida por una diputada del Congreso del Estado una situaci\u00f3n grave, reprobable no puede ser que una diputada protagonice esos hechos\u00bb.<br>Yeny Charrez, Er\u00e9ndira Jim\u00e9nez y Hayd\u00e9e Noya coincidieron en que la justicia debe ser sin sesgos y de merecer un castigo que se les aplique el peso de la ley, advirtieron que no se debe permitir la impunidad, ni prevalecer el influyentismo porque la agresora ostenta un cargo de representaci\u00f3n popular, las feministas instaron a no permitir la inmunidad.<\/p>\n\n\n\n<p class=\"wp-block-paragraph\">Poleth Rodr\u00edguez \/\/ EsImagen Tlaxcala PARA www.lineadecontraste.com<\/p>\n\n\n\n<figure class=\"wp-block-image size-full\"><a href=\"https:\/\/redsemlac.com\/semmexico\/wp-content\/uploads\/2023\/10\/WhatsApp-Image-2023-10-13-at-10.55.263.jpeg\"><img loading=\"lazy\" decoding=\"async\" width=\"1024\" height=\"683\" src=\"https:\/\/redsemlac.com\/semmexico\/wp-content\/uploads\/2023\/10\/WhatsApp-Image-2023-10-13-at-10.55.263.jpeg\" alt=\"\" class=\"wp-image-72585\"\/><\/a><\/figure>\n","protected":false},"excerpt":{"rendered":"<p>Demandan que la legisladora y presidenta estatal del Partido Alianza Ciudadana (PAC) renuncie y enfrente la justicia como ciudadana \u00a1Ning\u00fan agresor, ninguna agresora en el poder! \u00a1basta de impunidad!: Activistas y organizaciones feministas<\/p>\n","protected":false},"author":3,"featured_media":72584,"comment_status":"open","ping_status":"open","sticky":false,"template":"","format":"standard","meta":{"_monsterinsights_skip_tracking":false,"footnotes":""},"categories":[47,54],"tags":[],"class_list":["post-72583","post","type-post","status-publish","format-standard","has-post-thumbnail","category-no-mas-impunidad","category-mujeres"],"_links":{"self":[{"href":"https:\/\/redsemlac.com\/semmexico\/wp-json\/wp\/v2\/posts\/72583","targetHints":{"allow":["GET"]}}],"collection":[{"href":"https:\/\/redsemlac.com\/semmexico\/wp-json\/wp\/v2\/posts"}],"about":[{"href":"https:\/\/redsemlac.com\/semmexico\/wp-json\/wp\/v2\/types\/post"}],"author":[{"embeddable":true,"href":"https:\/\/redsemlac.com\/semmexico\/wp-json\/wp\/v2\/users\/3"}],"replies":[{"embeddable":true,"href":"https:\/\/redsemlac.com\/semmexico\/wp-json\/wp\/v2\/comments?post=72583"}],"version-history":[{"count":0,"href":"https:\/\/redsemlac.com\/semmexico\/wp-json\/wp\/v2\/posts\/72583\/revisions"}],"wp:featuredmedia":[{"embeddable":true,"href":"https:\/\/redsemlac.com\/semmexico\/wp-json\/wp\/v2\/media\/72584"}],"wp:attachment":[{"href":"https:\/\/redsemlac.com\/semmexico\/wp-json\/wp\/v2\/media?parent=72583"}],"wp:term":[{"taxonomy":"category","embeddable":true,"href":"https:\/\/redsemlac.com\/semmexico\/wp-json\/wp\/v2\/categories?post=72583"},{"taxonomy":"post_tag","embeddable":true,"href":"https:\/\/redsemlac.com\/semmexico\/wp-json\/wp\/v2\/tags?post=72583"}],"curies":[{"name":"wp","href":"https:\/\/api.w.org\/{rel}","templated":true}]}}