{"id":7248,"date":"2019-04-08T23:52:56","date_gmt":"2019-04-08T23:52:56","guid":{"rendered":"https:\/\/redsemlac.com\/semmexico\/?p=7248"},"modified":"2023-07-21T14:48:14","modified_gmt":"2023-07-21T19:48:14","slug":"miradas-de-reportero-5","status":"publish","type":"post","link":"https:\/\/redsemlac.com\/semmexico\/miradas-de-reportero-5\/","title":{"rendered":"Miradas de reportero"},"content":{"rendered":"\n<p class=\"wp-block-paragraph\">M\u00e1s datos del piso disparejo de las mujeres, causa de sus enojos.<\/p>\n\n\n\n<h5 class=\"wp-block-heading\"> La marginaci\u00f3n les afecta m\u00e1s a ellas<\/h5>\n\n\n\n<p class=\"wp-block-paragraph\"><a href=\"https:\/\/semmexico.com\/gallery-post.php?id=7830#\">Rogelio Hern\u00e1ndez<\/a><\/p>\n\n\n\n<p class=\"wp-block-paragraph\">SemM\u00e9xico, 8 abril 2019.- Claro que crece la inconformidad generalizada de las mujeres de M\u00e9xico porque el suelo que pisan no mejora sustantivamente y sigue abajo varios escalones; hace falta muy poco para que en cualquier momento el malestar suba de tono, como ocurri\u00f3 con algunos abusos masculinos que junt\u00f3 col\u00e9ricamente el movimiento #MeToo y que sacudi\u00f3 m\u00e1s por el suicidio del m\u00fasico Armando Vega.<\/p>\n\n\n\n<p class=\"wp-block-paragraph\">As\u00ed como algunos periodistas hemos enlistado la tipolog\u00eda de agravios y agresores contra nuestro ejercicio profesional, las feministas originarias en M\u00e9xico fueron haciendo visibles cada una de las disparidades, que siguen siendo demasiadas contra ellas.<\/p>\n\n\n\n<p class=\"wp-block-paragraph\">La mayor\u00eda de los datos conocidos, de esta sociedad injusta con sus mujeres, han sido actualizados cient\u00edficamente y se aportan nuevos en la encuesta que presentaron el 25 de marzo el INEGI, el Conapred y la CNDH durante un acto formal en la Secretar\u00eda de Gobernaci\u00f3n.<\/p>\n\n\n\n<p class=\"wp-block-paragraph\"><strong>M\u00e1s analfabetas y marginadas en educaci\u00f3n superior<\/strong><\/p>\n\n\n\n<p class=\"wp-block-paragraph\">La Encuesta Nacional sobre Discriminaci\u00f3n (ENADIS) 2017 fue puesta en l\u00ednea y, seg\u00fan se explica, es el primer proyecto estad\u00edstico dise\u00f1ado para conocer actitudes, prejuicios, percepciones y experiencias entre la poblaci\u00f3n. Refleja aspectos de las estructuras, la organizaci\u00f3n social y la cultura.<\/p>\n\n\n\n<p class=\"wp-block-paragraph\">En el escenario que perfila la encuesta se explican mejor las inconformidades de muchos sectores maltratados y especialmente de las mujeres que superan en casi cinco millones a los hombres del total de mexicanos (Hombres: 53.5 millones: Mujeres: 58.13 5 millones).<\/p>\n\n\n\n<p class=\"wp-block-paragraph\">De acuerdo a su anexo estad\u00edstico la disparidad persiste en lo educativo.<\/p>\n\n\n\n<p class=\"wp-block-paragraph\">Entre quienes no saben leer ni escribir, ellas son tres de cada cinco (Hombres: 1 mill\u00f3n 977&nbsp;502. Mujeres: 2&nbsp;millones 993&nbsp;033).<\/p>\n\n\n\n<p class=\"wp-block-paragraph\">Igual, son demasiadas las que no llegan o abandonan la educaci\u00f3n superior por su condici\u00f3n de g\u00e9nero. Dice la ENADIS: \u201cEn M\u00e9xico hay 14.1 millones de adolescentes y 23.4 millones de j\u00f3venes.<\/p>\n\n\n\n<p class=\"wp-block-paragraph\">De los 17.6 millones de j\u00f3venes entre 12 y 30 a\u00f1os el 75.4 por ciento no asisten a la escuela media y superior. \u201cEntre las principales razones para no estudiar, se observan importantes diferencias de g\u00e9nero: para las mujeres j\u00f3venes el principal motivo de deserci\u00f3n escolar fue \u201cno poder solventar los gastos escolares\u201d (21.9%) y, en segundo lugar, \u201cla uni\u00f3n en pareja o embarazo (18.5%)\u2026\u201d<\/p>\n\n\n\n<p class=\"wp-block-paragraph\"><strong>14 millones en casa y sin paga<\/strong><\/p>\n\n\n\n<p class=\"wp-block-paragraph\">En actividades consideradas productivas una cantidad sustantiva de mujeres no se ha podido incorporar, tambi\u00e9n por causas de la estructura social y la cultura dominante que las margina por su g\u00e9nero:<\/p>\n\n\n\n<p class=\"wp-block-paragraph\">Del total de la poblaci\u00f3n econ\u00f3micamente activa (PEA) los hombres son 29.3 millones y las mujeres 19.8 millones, pero de ellas trabajan sin contrato laboral 9&nbsp;millones 195&nbsp;mil 222.<\/p>\n\n\n\n<p class=\"wp-block-paragraph\">En el desglose de quienes se dedican a las actividades del hogar los hombres son apenas 80 mil 639 mientras que tienen casi toda la responsabilidad de atender los hogares son ellas: 14 millones 445 mil 590.<\/p>\n\n\n\n<p class=\"wp-block-paragraph\">Entre 12 tipos de ocupaci\u00f3n asalariada ellas son mayor\u00eda en 3, consideradas culturalmente como propias de su sexo, aparte de ser destinadas al hogar:<\/p>\n\n\n\n<p class=\"wp-block-paragraph\">\u201cEmpleados administrativos y ventas\u201d: hombres 3&nbsp;millones 014 mil 244 \/ Mujeres 3&nbsp;millones 453&nbsp;274.<\/p>\n\n\n\n<p class=\"wp-block-paragraph\">\u201cComerciantes, hombres 960&nbsp;mil 375 \/ Mujeres: 1&nbsp;mill\u00f3n 045&nbsp;252.<\/p>\n\n\n\n<p class=\"wp-block-paragraph\">\u201cTareas artesanales, hombres 4&nbsp;millones 52&nbsp;mil 302 \/ Mujeres 1&nbsp;mill\u00f3n 552&nbsp;mil 765.<\/p>\n\n\n\n<p class=\"wp-block-paragraph\">La disparidad mayor se percibe en el alto contraste de quienes laboran como \u201cFuncionarios, directores y jefes\u201d porque las mujeres apenas ocupan el 34.8 por ciento de esas posiciones (hombres 1&nbsp;mill\u00f3n 281&nbsp;mil 811 \/ Mujeres: 802&nbsp;mil 401).<\/p>\n\n\n\n<p class=\"wp-block-paragraph\">Y as\u00ed contin\u00faan pisos abajo en el resto de los tipos de empleos. V\u00e9ase:<\/p>\n\n\n\n<p class=\"wp-block-paragraph\">\u201cProfesionistas y t\u00e9cnicos\u201d: hombres 4&nbsp;millones 900&nbsp;mil 360 \/ Mujeres: 3&nbsp;millones 453&nbsp;mil 274.<\/p>\n\n\n\n<p class=\"wp-block-paragraph\">&nbsp;\u201cT. industriales y de transporte, hombres 3&nbsp;millones 870&nbsp;mil 263 \/ Mujeres: 890&nbsp;mil 192.<\/p>\n\n\n\n<p class=\"wp-block-paragraph\">\u201cT. servicios personales, actividades de apoyo y agropecuarias 10&nbsp;millones 382&nbsp;mil 386 \/ Mujeres: 6&nbsp;millones 828&nbsp;mil 518.<\/p>\n\n\n\n<p class=\"wp-block-paragraph\"><strong>Y contra ellas los prejuicios, estigmas y estereotipos<\/strong><\/p>\n\n\n\n<p class=\"wp-block-paragraph\">Algunos de los datos nuevos que aporta esta encuesta reflejan la permanencia y vigor del medioambiente de la cultura machista, \u00e9sa que tanto combaten las feministas.<\/p>\n\n\n\n<p class=\"wp-block-paragraph\">\u201cEn los \u00faltimos doce meses, \u00bfhan sido discriminado(a)s o menospreciado(a)s?\u201d se cuestion\u00f3 y la percepci\u00f3n general mostr\u00f3 que esto ocurre con cada seis de ellas por ser mujeres.<\/p>\n\n\n\n<p class=\"wp-block-paragraph\">A ellas se les maltrata m\u00e1s que a los hombres en los casos siguientes:<\/p>\n\n\n\n<p class=\"wp-block-paragraph\">\u201cPor ser mujer (u hombre): (hombres 1.0%, mujeres 5.9%).<\/p>\n\n\n\n<p class=\"wp-block-paragraph\">\u201cPor su peso o estatura (hombres 5.8%, mujeres 5.9%).<\/p>\n\n\n\n<p class=\"wp-block-paragraph\">\u201cPor su forma de vestir, arreglo personal y tatuajes (hombres 6.1%, mujeres 6.3%).<\/p>\n\n\n\n<p class=\"wp-block-paragraph\">\u201cPor sus creencias religiosas (hombres 5.0%, mujeres 6.5%).<\/p>\n\n\n\n<p class=\"wp-block-paragraph\">\u201cPor su preferencia sexual (hombres 0.6%, mujeres 0.8%).<\/p>\n\n\n\n<p class=\"wp-block-paragraph\">Varios aspectos de esa cultura machista, muchas mujeres no solo comparten aspectos, sino que incluso la reproducen. Por ejemplo, a la pregunta \u00bfAlgunas mujeres son violadas porque provocan a los hombres? Respondieron que SI, 14.9 por ciento de los hombres (lo creen unos 7&nbsp;millones 089&nbsp;mil 910) Pero tambi\u00e9n lo piensan igual el 12.3 por ciento de mujeres (5&nbsp;millones 451&nbsp;mil 174).<\/p>\n\n\n\n<p class=\"wp-block-paragraph\">Para los hombres, la discriminaci\u00f3n o menosprecio es un poco mayor en casos relativos con su nivel socioecon\u00f3mico y vivienda, origen \u00e9tnico, su formaci\u00f3n acad\u00e9mica y edad. Los datos son: por su tono de piel (hombres 3.0 % y 2.3 % de mujeres); por su manera de hablar (Hombres 5.6% y mujeres 3.4%); por su clase social (hombres 4.0%, mujeres 3.2%); por el lugar donde vive (hombres 4.4%, mujeres 3.6%); por su edad (hombres 5.4%, mujeres 5.2%).<\/p>\n\n\n\n<p class=\"wp-block-paragraph\">Las estructuras econ\u00f3mica y social de M\u00e9xico no cambian esencialmente y se refuerzan culturalmente. La disparidad social persiste. Es demasiada la poblaci\u00f3n marginada y les afecta m\u00e1s a ellas.<\/p>\n\n\n\n<p class=\"wp-block-paragraph\">En resumen, las mujeres de la mayor\u00eda de los estamentos sociales tienen demasiados motivos para su inconformidad. Eso explica en buena medida que aparezca la ira arrecia la violencia de parte de algunos hombres. En ese contexto, habr\u00e1 que esperar m\u00e1s estruendos como el de #MeToo y ojal\u00e1 sean con hombres aliados y con menos miop\u00eda de que las causas son estructurales y culturales.<br><\/p>\n","protected":false},"excerpt":{"rendered":"<p>M\u00e1s datos del piso disparejo de las mujeres, causa de sus enojos. La marginaci\u00f3n les afecta m\u00e1s a ellas Rogelio Hern\u00e1ndez SemM\u00e9xico, 8 abril 2019.- Claro que crece la inconformidad generalizada de las mujeres de M\u00e9xico porque el suelo que pisan no mejora sustantivamente y sigue abajo varios escalones; hace falta muy poco para que [&hellip;]<\/p>\n","protected":false},"author":3,"featured_media":7234,"comment_status":"open","ping_status":"open","sticky":false,"template":"","format":"standard","meta":{"_monsterinsights_skip_tracking":false,"footnotes":""},"categories":[690,85],"tags":[],"class_list":["post-7248","post","type-post","status-publish","format-standard","has-post-thumbnail","category-690","category-rogelio-hernandez-lopez"],"_links":{"self":[{"href":"https:\/\/redsemlac.com\/semmexico\/wp-json\/wp\/v2\/posts\/7248","targetHints":{"allow":["GET"]}}],"collection":[{"href":"https:\/\/redsemlac.com\/semmexico\/wp-json\/wp\/v2\/posts"}],"about":[{"href":"https:\/\/redsemlac.com\/semmexico\/wp-json\/wp\/v2\/types\/post"}],"author":[{"embeddable":true,"href":"https:\/\/redsemlac.com\/semmexico\/wp-json\/wp\/v2\/users\/3"}],"replies":[{"embeddable":true,"href":"https:\/\/redsemlac.com\/semmexico\/wp-json\/wp\/v2\/comments?post=7248"}],"version-history":[{"count":0,"href":"https:\/\/redsemlac.com\/semmexico\/wp-json\/wp\/v2\/posts\/7248\/revisions"}],"wp:featuredmedia":[{"embeddable":true,"href":"https:\/\/redsemlac.com\/semmexico\/wp-json\/wp\/v2\/media\/7234"}],"wp:attachment":[{"href":"https:\/\/redsemlac.com\/semmexico\/wp-json\/wp\/v2\/media?parent=7248"}],"wp:term":[{"taxonomy":"category","embeddable":true,"href":"https:\/\/redsemlac.com\/semmexico\/wp-json\/wp\/v2\/categories?post=7248"},{"taxonomy":"post_tag","embeddable":true,"href":"https:\/\/redsemlac.com\/semmexico\/wp-json\/wp\/v2\/tags?post=7248"}],"curies":[{"name":"wp","href":"https:\/\/api.w.org\/{rel}","templated":true}]}}