{"id":72471,"date":"2023-10-11T10:26:31","date_gmt":"2023-10-11T16:26:31","guid":{"rendered":"https:\/\/redsemlac.com\/semmexico\/?p=72471"},"modified":"2023-10-11T10:27:01","modified_gmt":"2023-10-11T16:27:01","slug":"tras-la-puerta-del-poder-todo-cruje-en-lo-electoral","status":"publish","type":"post","link":"https:\/\/redsemlac.com\/semmexico\/tras-la-puerta-del-poder-todo-cruje-en-lo-electoral\/","title":{"rendered":"Tras la puerta del poder| Todo cruje en lo electoral"},"content":{"rendered":"\n<p class=\"wp-block-paragraph\"> <p class=\"MsoNormal\">Roberto Vizca\u00edno <\/p><p class=\"MsoNormal\">SemM\u00e9xico, Ciudad de M\u00e9xico, 11 de octubre, 2023. El mundo de las candidatas presidenciales de Claudia Sheinbaum Pardo y X\u00f3chitl G\u00e1lvez Ru\u00edz entr\u00f3 esta semana en un laberinto de reclamos, conflictos internos en sus equipos y alianzas o frentes y de fuertes tensiones. Claudia Sheinbaum Pardo, quien no termina de ejercer a plenitud el bast\u00f3n de mando y todo lo decide y hace bajo la sombra de su caudillo el presidente Andr\u00e9s Manuel L\u00f3pez Obrador, y as\u00ed transita entre el reclamo de cientos de aspirantes morenistas a todos los cargos en juego para el 2024 en todo el pa\u00eds, mientras mantiene un ojo atento al desarrollo del conflicto irresuelto con Marcelo Ebrard Casaub\u00f3n, quien tampoco le da el menor respiro,<\/p><p class=\"MsoNormal\">La candidata del oficialismo a quien las sonrisas no se le dan, aparece s\u00f3lo carilarga sino abrumada por la rebeli\u00f3n de aspirantes de Morena a la Jefatura de Gobierno en la Ciudad de M\u00e9xico quienes desde la ma\u00f1ana hasta la madrugada del d\u00eda siguiente le exigen retirar sus intenciones de apoyo en favor de Omar Garc\u00eda Harfuch y abrir la contienda donde Clara Brugada Molina no rinde banderas.<\/p><p class=\"MsoNormal\">Uno que pretende aprovechar este r\u00edo revuelto capitalino, es el muy cuestionado y repudiado exsubsecretario de Salud, Hugo L\u00f3pez Gatell quien a donde va esgrime su cercan\u00eda con AMLO.<\/p><p class=\"MsoNormal\">Esto mismo se le multiplica en cada uno de los ocho estados en juego y el caos llega a su m\u00e1ximo cuando tiene que ver listas y listas con perfiles y sugerencias para aprobar o rechazar la reelecci\u00f3n de algunos senadores y diputados federales y para abrirle camino a otros muchos porque sabe que la contienda mayor ser\u00e1 justamente la de buscar las mayor\u00edas parlamentarias que quiere AMLO.<\/p><p class=\"MsoNormal\">Justo este mismo escenario lo vive X\u00f3chitl G\u00e1lvez quien, dice sus cercanos, ha mostrado tener car\u00e1cter fuerte y decisi\u00f3n a la hora de sentarse horas y m\u00e1s horas, como lo hizo viernes, s\u00e1bado y domingo pasados para definir estrategias, escuchar a sus equipos y ahora cercanos, a los c\u00edrculos del poder en el PRI, PAN, PRD y otros a fin de avanzar con paso firme para entrar en la siguiente etapa de su campa\u00f1a.<\/p><p class=\"MsoNormal\">La hidalguense recibe por igual las quejas que las exigencias de definir los m\u00e9todos de selecci\u00f3n para todos los cargos en juego aparte de la Presidencia y que suman miles.<\/p><p class=\"MsoNormal\">En especial sin duda est\u00e1n las propuestas de quienes deber\u00e1n buscar las gubernaturas de la CDMX, Chiapas, Guanajuato, Jalisco, Morelos, Puebla, Tabasco, Veracruz y Yucat\u00e1n y las 500 diputaciones federales y las 128 senadur\u00edas.<\/p><p class=\"MsoNormal\">Ella tendr\u00e1 que decidir sobre los perfiles de todos esos cargos en una negociaci\u00f3n con Marko Cortes del PAN, Alejandro Moreno por el PRI y Jes\u00fas Zambrano del PRD, quienes buscar\u00e1n apoyar a sus cuadros internos.<\/p><p class=\"MsoNormal\">Ella sabe que los tres dirigentes y sus estructuras partidarias son las que le pueden dar el triunfo y que los equilibrios pol\u00edticos la obligar\u00e1n a ceder ante algunos casos y en otros simplemente no podr\u00e1 dar concesiones.<\/p><p class=\"MsoNormal\">Ellos tienen la experiencia en procesos electorales y cuentan con las redes territoriales distrito por distrito, regi\u00f3n por regi\u00f3n, que exige este momento.<\/p> <p class=\"MsoNormal\"><b>Ebrard cumple 64<\/b><\/p><p class=\"MsoNormal\">En medio de todo este jaleo electoral en el entorno de las precandidatas Sheinbaum y G\u00e1lvez, y corriendo por su carril hacia el choque frontal con AMLO y Claudia Sheinbaum, el excanciller Marcelo Ebrard extrapola y agudiza sus denuncias de fraude y de una operaci\u00f3n viciada y con grandes cantidades de recursos financieros sin origen claro para imponer a la exjefa de Gobierno capitalina.<span style=\"color: initial;\"> <\/span><\/p><p class=\"MsoNormal\">Todo sin perder la sonrisa.<\/p><p class=\"MsoNormal\">Y no desaprovecha ocasi\u00f3n para mostrarles el m\u00fasculo tanto a AMLO, a la candidata presidencial, como a su exaliado Mario Delgado.<\/p><p class=\"MsoNormal\">As\u00ed, ayer, y con las ma\u00f1anitas de por medio, celebr\u00f3 sus 64 a\u00f1os de edad rodeado de senadores y diputados federales afines, un&nbsp; grupo de legisladores que mantiene en vilo y en la zozobra la aprobaci\u00f3n de los presupuestos de Ingresos y de Egresos para 2024 un paquete econ\u00f3mico del cual depende una salida relativamente tersa del Presidente Andr\u00e9s Manuel L\u00f3pez Obrador.<\/p><p class=\"MsoNormal\">El grupo de senadores y diputados de Morena, PT y Verde afines a Marcelo Ebrard, al que se ha sumado el de Ricardo Monreal, podr\u00eda estar buscando que un supuesto \u201cguardadito\u201d de 50 mil millones de pesos detectado dentro del paquete para bonos para adultos mayores, m\u00e1s otro por 20 mil millones ubicado en otras partidas -y que se supone ser\u00edan utilizados por AMLO y su equipo para garantizar el triunfo de Claudia Sheinbaum y otros candidatos-,&nbsp; sea destinado a el campo, a garantizar la dotaci\u00f3n de agua a poblados y regiones, y a energ\u00edas.<\/p><p class=\"MsoNormal\">Los diputados de Ebrard y Monreal, sumados a los del PAN, PRI y PRD podr\u00edan igual meter mano para recortar los presupuestos destinados a las obras de AMLO como son el Tren Maya, 2 Bocas y otros.<\/p><p class=\"MsoNormal\">Hacia fines de la semana anterior, el excanciller indico p\u00fablicamente que Morena (y AMLO y Sheinbaum) s\u00f3lo ten\u00edan este mes de octubre para responder a su exigencia de anular el proceso interno ama\u00f1ado del cual sali\u00f3 la candidatura presidencial de la exjefa de Gobierno de la CDMX y reponerlo.<\/p><p class=\"MsoNormal\">Ayer lunes Mario Delgado afirm\u00f3 que la Comisi\u00f3n de Honor y Justicia de su partido ya hab\u00eda respondido esos reclamos de Ebrard y que el excanciller ya hab\u00eda sido notificado de ello<\/p><p class=\"MsoNormal\">Delgado -quien creci\u00f3 pol\u00edticamente bajo el impulso de Ebrard-, indic\u00f3 a su vez que el excanciller cuenta con 3 d\u00edas para responder a lo decidido por la Comisi\u00f3n de Honor y Justicia de Morena.<\/p><p class=\"MsoNormal\">Todo indica que la mencionada Comisi\u00f3n desechar\u00eda las quejas y denuncias de Ebrard y que entonces este ir\u00eda ahora si al Tribunal Electoral del Poder Judicial de la Federaci\u00f3n a buscar la anulaci\u00f3n de la Interna de Morena.<\/p><p class=\"MsoNormal\">Eso se sabr\u00e1 en las siguientes horas.<\/p><p class=\"MsoNormal\"><span lang=\"EN-US\">&#8230;rvizcainoa@gmail.com \/ Twitter: @_Vizcaino \/ Facebook \/ https:\/\/www.facebook.com\/rvizcainoa <\/span><\/p> <p class=\"MsoNormal\"><span lang=\"EN-US\">&nbsp;<\/span><\/p> <\/p>\n","protected":false},"excerpt":{"rendered":"<p>El mundo de las candidatas presidenciales de Claudia Sheinbaum Pardo y X\u00f3chitl G\u00e1lvez Ru\u00edz entr\u00f3 esta semana en un laberinto de reclamos, conflictos internos en sus equipos y alianzas o frentes y de fuertes tensiones.<\/p>\n","protected":false},"author":3,"featured_media":39589,"comment_status":"open","ping_status":"open","sticky":false,"template":"","format":"standard","meta":{"_monsterinsights_skip_tracking":false,"footnotes":""},"categories":[35,623,622],"tags":[],"class_list":["post-72471","post","type-post","status-publish","format-standard","has-post-thumbnail","category-opinion","category-roberto-vizcaino","category-tras-la-puerta-del-poder"],"_links":{"self":[{"href":"https:\/\/redsemlac.com\/semmexico\/wp-json\/wp\/v2\/posts\/72471","targetHints":{"allow":["GET"]}}],"collection":[{"href":"https:\/\/redsemlac.com\/semmexico\/wp-json\/wp\/v2\/posts"}],"about":[{"href":"https:\/\/redsemlac.com\/semmexico\/wp-json\/wp\/v2\/types\/post"}],"author":[{"embeddable":true,"href":"https:\/\/redsemlac.com\/semmexico\/wp-json\/wp\/v2\/users\/3"}],"replies":[{"embeddable":true,"href":"https:\/\/redsemlac.com\/semmexico\/wp-json\/wp\/v2\/comments?post=72471"}],"version-history":[{"count":0,"href":"https:\/\/redsemlac.com\/semmexico\/wp-json\/wp\/v2\/posts\/72471\/revisions"}],"wp:featuredmedia":[{"embeddable":true,"href":"https:\/\/redsemlac.com\/semmexico\/wp-json\/wp\/v2\/media\/39589"}],"wp:attachment":[{"href":"https:\/\/redsemlac.com\/semmexico\/wp-json\/wp\/v2\/media?parent=72471"}],"wp:term":[{"taxonomy":"category","embeddable":true,"href":"https:\/\/redsemlac.com\/semmexico\/wp-json\/wp\/v2\/categories?post=72471"},{"taxonomy":"post_tag","embeddable":true,"href":"https:\/\/redsemlac.com\/semmexico\/wp-json\/wp\/v2\/tags?post=72471"}],"curies":[{"name":"wp","href":"https:\/\/api.w.org\/{rel}","templated":true}]}}