{"id":7244,"date":"2019-04-15T23:51:03","date_gmt":"2019-04-15T23:51:03","guid":{"rendered":"https:\/\/redsemlac.com\/semmexico\/?p=7244"},"modified":"2023-07-21T14:48:11","modified_gmt":"2023-07-21T19:48:11","slug":"miradas-de-reportero-4","status":"publish","type":"post","link":"https:\/\/redsemlac.com\/semmexico\/miradas-de-reportero-4\/","title":{"rendered":"Miradas de Reportero"},"content":{"rendered":"\n<p class=\"wp-block-paragraph\">Defendamos el secreto profesional<\/p>\n\n\n\n<h5 class=\"wp-block-heading\"> \u00a1Ya dijo, Presidente! Hablemos del secreto profesional y de la ley que declare de inter\u00e9s p\u00fablico a los periodistas<\/h5>\n\n\n\n<p class=\"wp-block-paragraph\"><a href=\"https:\/\/semmexico.com\/gallery-post.php?id=7894#\">Rogelio Hern\u00e1ndez<\/a><\/p>\n\n\n\n<p class=\"wp-block-paragraph\">SemM\u00e9xico, 15 abril 2019.- S\u00ed sabe de qu\u00e9 habla al referirse al periodismo. Tuvo su etapa. Dirigi\u00f3, con \u00e9xito inusual para esos tiempos, el peri\u00f3dico&nbsp;<em>Corre la Voz<\/em>&nbsp;en Villahermosa all\u00e1 por 1989. Logr\u00f3 una circulaci\u00f3n de varios miles con una l\u00ednea editorial militante, de estruendosas denuncias, bien redactado, mejor impreso y un sistema de distribuci\u00f3n en mano con voceadores semi-asociados. Lo pude constatar.<\/p>\n\n\n\n<p class=\"wp-block-paragraph\">\u00c9l me explic\u00f3 el esquema, me dio un paseo por la imprenta y luego, una prolongada charla acerca de los principios pol\u00edticos de Enrique Gonz\u00e1lez Pedrero, de Julieta Campos y sus ideas de la democracia popular versus democracia representativa. Yo llegu\u00e9 all\u00ed enviado por Exc\u00e9lsior.<\/p>\n\n\n\n<p class=\"wp-block-paragraph\">Esos recuerdos de la \u00fanica vez que este reportero ha tratado al ahora Presidente de la Rep\u00fablica, revivieron en autom\u00e1tico este 10 de abril durante la ma\u00f1anera (cuando insisti\u00f3 con sus r\u00e9plicas contra el diario Reforma) y sin pausas lanz\u00f3 cuatro conceptos con los que estamos muy familiarizados los periodistas y que muy pocos pol\u00edticos manejan de esa manera:<\/p>\n\n\n\n<p class=\"wp-block-paragraph\">Dijo:&nbsp;<em>&#8211;\u201cPara m\u00ed los medios son organismos de inter\u00e9s p\u00fablico y \/ tienen tambi\u00e9n que cumplir con una \u00e9tica (\u2026) Es distinto el respeto a la libertad de expresi\u00f3n, de ideas, la libertad de prensa \/ pero cuando se trata de unos asuntos as\u00ed, \u00bfpor qu\u00e9 no revelar la fuente? \/ Ser\u00eda interesant\u00edsimo.<\/em>\u2014\u201d remat\u00f3, con la intenci\u00f3n de levantar debate, pol\u00e9mica. Otra vez.<\/p>\n\n\n\n<p class=\"wp-block-paragraph\">Y lo consigui\u00f3. Hubo reacciones de botepronto y enojosas entre varios periodistas, sobre todo por el cuestionamiento al secreto profesional (<em>\u00bfpor qu\u00e9 no revelar la fuente?<\/em>). La respuesta extrema fue de Jorge Ramos dos d\u00edas despu\u00e9s en la ma\u00f1anera con esos tonos y desfiguros tipo de reality show que acostumbra&nbsp;<em>\u201c\u00a1nadie de nosotros va a revelar sus fuentes!\u201d<\/em>.<\/p>\n\n\n\n<p class=\"wp-block-paragraph\">Es que el tema s\u00ed es sensible para la mayor\u00eda de periodistas profesionales. Y el presidente lo sabe. Porque ligar, en un breve discurso, las categor\u00edas de libertad de prensa, \u00e9tica period\u00edstica y caracterizar a los medios como de inter\u00e9s p\u00fablico, son expresiones de quien tiene una concepci\u00f3n compleja de los medios y su rol en la infraestructura ideol\u00f3gica del Estado (<em>\u201cReforma es un partido\u201d<\/em>), del periodismo y sus pautas \u00e9ticas que derivan de su responsabilidad social de informar.<\/p>\n\n\n\n<p class=\"wp-block-paragraph\">Por eso tom\u00e9mosle la palabra para el debate.<\/p>\n\n\n\n<p class=\"wp-block-paragraph\"><strong>Defendamos el secreto profesional<\/strong><\/p>\n\n\n\n<p class=\"wp-block-paragraph\">En primer lugar, las y los periodistas profesionales debi\u00e9ramos defender, con todo lo que est\u00e9 a nuestro alcance, el secreto profesional.<\/p>\n\n\n\n<p class=\"wp-block-paragraph\">Es uno de los pocos derechos que hemos conquistado en M\u00e9xico, para hacer fluir la informaci\u00f3n necesaria socialmente a pesar de las presiones cotidianas de nuestros empleadores, de pol\u00edticos, de ministerios p\u00fablicos y jueces. Y no solo en la pr\u00e1ctica, tambi\u00e9n hemos logrado leyes.<\/p>\n\n\n\n<p class=\"wp-block-paragraph\">El secreto profesional, al parecer, fue reconocido internacionalmente en 1933 como uno de los derechos de los periodistas por la Asamblea Parlamentaria del Consejo de Europa en su Resoluci\u00f3n 1.003. Entonces mezcl\u00f3 derechos, obligaciones y pautas \u00e9ticas &#8211;que son voluntarias&#8211;. Estableci\u00f3 las categor\u00edas de: libertad de expresi\u00f3n; informar sin presi\u00f3n interna; someterse a la cl\u00e1usula de conciencia y al secreto profesional; a un salario digno, condiciones de trabajo adecuadas y a acceder a los recursos y medios necesarios para ejercer su profesi\u00f3n. Fue una resoluci\u00f3n esencial.<\/p>\n\n\n\n<p class=\"wp-block-paragraph\">En M\u00e9xico no existe convenci\u00f3n similar. De los 14 derechos de los periodistas reconocidos internacionalmente aqu\u00ed solo contamos con dos en leyes de nivel&nbsp;<strong>federal<\/strong>&nbsp;(la protecci\u00f3n ante riesgos y el secreto profesional).<\/p>\n\n\n\n<p class=\"wp-block-paragraph\">El secreto profesional, como tal, est\u00e1 en dos leyes estatales y en otras seis lo entrevera con otros derechos. Esto se inici\u00f3 apenas en los trece a\u00f1os recientes.<\/p>\n\n\n\n<p class=\"wp-block-paragraph\">En la capital del pa\u00eds se aprob\u00f3 una ley espec\u00edfica sobre el secreto profesional en 2006 e incluy\u00f3 tres derechos m\u00e1s. Otra, casi espejo se aprob\u00f3 en Sonora en 2011.<\/p>\n\n\n\n<p class=\"wp-block-paragraph\">En otras seis entidades se incluy\u00f3 al secreto profesional como derecho.<\/p>\n\n\n\n<p class=\"wp-block-paragraph\">El congreso de Chiapas aprob\u00f3 una ley para el periodismo donde incluye ese derecho con otros cinco en 2007, pero nunca se promulg\u00f3 ni se hizo el reglamento y menos se aplic\u00f3.<\/p>\n\n\n\n<p class=\"wp-block-paragraph\">En 2011 se aprob\u00f3 una ley para protecci\u00f3n a periodistas en Chihuahua. En Hidalgo se hizo la m\u00e1s avanzada hasta entonces, en 2012, con 7 derechos; el mismo a\u00f1o le siguieron similares en Quintana Roo (que es la m\u00e1s completa), Colima y otra en Quer\u00e9taro.<\/p>\n\n\n\n<p class=\"wp-block-paragraph\">En 2012 se promulg\u00f3 la ley&nbsp;<strong>federal<\/strong>&nbsp;de protecci\u00f3n para defensores de derechos humanos y periodistas en riesgo, pero no se incluyeron m\u00e1s derechos que el de protecci\u00f3n y, al contrario, se insert\u00f3 una definici\u00f3n muy laxa de periodista que en realidad abarca a todo usuario de la libertad de expresi\u00f3n y no enfoca bien a los m\u00e1s agraviados y asesinados que son los reporteros.<\/p>\n\n\n\n<p class=\"wp-block-paragraph\">Fue hasta 2014 cuando se reconoci\u00f3 a nivel&nbsp;<strong>federal<\/strong>&nbsp;el derecho a proteger las fuentes de los periodistas, derecho que ya ten\u00edan otras profesiones liberales, mujeres y hombres abogados, contadores, m\u00e9dicos y de enfermer\u00eda, psic\u00f3logos, trabajadores sociales y hasta sacerdotes.<\/p>\n\n\n\n<p class=\"wp-block-paragraph\">Hasta entonces se reform\u00f3 el C\u00f3digo Federal de Procedimientos Penales y se reconoci\u00f3 el derecho de los periodistas a guardar el secreto profesional como un bien individual que genera confianza y bienestar en individuos y crea un bien social como es la informaci\u00f3n noticiosa de inter\u00e9s p\u00fablico, sobre todo cuando la escatiman los servidores p\u00fablicos y particulares.<\/p>\n\n\n\n<p class=\"wp-block-paragraph\"><strong>El periodismo como actividad de inter\u00e9s p\u00fablico<\/strong><\/p>\n\n\n\n<p class=\"wp-block-paragraph\">El otro concepto de Estado que emiti\u00f3 el Presidente L\u00f3pez Obrador fue, con poca precisi\u00f3n:&nbsp;<em>los medios son de inter\u00e9s p\u00fablico<\/em>. Si se refer\u00eda a las empresas ah\u00ed, ya hay desacuerdo.<\/p>\n\n\n\n<p class=\"wp-block-paragraph\">En M\u00e9xico no todos los medios pueden ser del inter\u00e9s p\u00fablico, porque los de propiedad privada tienen como motivo motor la ganancia, el lucro. Y, como empresas privadas tienen garant\u00edas que est\u00e1n por encima de las que tienen sus trabajadores y sus mismos clientes o usuarios. La libertad de empresa aqu\u00ed se monta sobre la libertad de prensa. Las empresas m\u00e1s poderosas, la mayor\u00eda ya como corporativos multimedia, con demasiada frecuencia acomodan la informaci\u00f3n al inter\u00e9s comercial, y como se sabe a su conveniencia pol\u00edtica.<\/p>\n\n\n\n<p class=\"wp-block-paragraph\">En el concepto de servicio social m\u00e1s distante del lucro, si caben bien los medios p\u00fablicos, aunque igual con mucha frecuencia atajan la fluidez de circulaci\u00f3n de la informaci\u00f3n para acomodarla tambi\u00e9n como propaganda a favor de quienes gobiernan.<\/p>\n\n\n\n<p class=\"wp-block-paragraph\">Los que s\u00ed pueden y hacen circular la informaci\u00f3n con mayor libertad, a pesar de los retenes a la libertad de prensa de patrones y pol\u00edticos, son las y los reporteros, o sea, los periodistas profesionales.<\/p>\n\n\n\n<p class=\"wp-block-paragraph\">Su actividad reporteril es profesional cuando cumple los m\u00ednimos est\u00e1ndares \u00e9ticos y son los primeros en hacer valer el derecho ciudadano a ser informado. Las y los reporteros garantizan m\u00e1s la circulaci\u00f3n de la informaci\u00f3n de inter\u00e9s social, son los practicantes m\u00e1s reales de la libertad de prensa, aunque se expongan a todos los riesgos imaginables.<\/p>\n\n\n\n<p class=\"wp-block-paragraph\">A esta actividad es la que se debiera declararse del inter\u00e9s p\u00fablico.<\/p>\n\n\n\n<p class=\"wp-block-paragraph\">Una reforma constitucional y un estatuto general que reconozcan \u201cal periodismo como una actividad profesional del inter\u00e9s p\u00fablico que debe auspiciarse, tutelarse y protegerse\u201d, derivar\u00edan en mayor libertad y seguridad del periodismo profesional y, por supuesto en mayor fluidez de la informaci\u00f3n que requiere la sociedad.<\/p>\n\n\n\n<p class=\"wp-block-paragraph\">Ya se avanz\u00f3 un poco con dos leyes federales y 20 leyes secundarias en los estados que fragmentaria y confusamente reconocen algunos derechos de las y los periodistas. Dos de estos derechos son para poder cumplir la responsabilidad social: la protecci\u00f3n de las fuentes y la cl\u00e1usula de conciencia.<\/p>\n\n\n\n<p class=\"wp-block-paragraph\">Coincidamos. Hay necesidad de crear un medio ambiente que frene los climas de violencia en contra de los periodistas y les proteja de agresiones, maltrato social, laboral ni profesional. A prop\u00f3sito, siguen los despidos masivos en los medios y no hay que defienda realmente los m\u00ednimos derechos laborales.<\/p>\n\n\n\n<p class=\"wp-block-paragraph\">Presidente, ya dijo. Abri\u00f3 el debate. Venga esa ley.&nbsp;<\/p>\n\n\n\n<p class=\"wp-block-paragraph\">(rogeliohl111@gmail.com).<\/p>\n","protected":false},"excerpt":{"rendered":"<p>Defendamos el secreto profesional \u00a1Ya dijo, Presidente! Hablemos del secreto profesional y de la ley que declare de inter\u00e9s p\u00fablico a los periodistas Rogelio Hern\u00e1ndez SemM\u00e9xico, 15 abril 2019.- S\u00ed sabe de qu\u00e9 habla al referirse al periodismo. Tuvo su etapa. Dirigi\u00f3, con \u00e9xito inusual para esos tiempos, el peri\u00f3dico&nbsp;Corre la Voz&nbsp;en Villahermosa all\u00e1 por [&hellip;]<\/p>\n","protected":false},"author":3,"featured_media":7234,"comment_status":"open","ping_status":"open","sticky":false,"template":"","format":"standard","meta":{"_monsterinsights_skip_tracking":false,"footnotes":""},"categories":[690,85],"tags":[],"class_list":["post-7244","post","type-post","status-publish","format-standard","has-post-thumbnail","category-690","category-rogelio-hernandez-lopez"],"_links":{"self":[{"href":"https:\/\/redsemlac.com\/semmexico\/wp-json\/wp\/v2\/posts\/7244","targetHints":{"allow":["GET"]}}],"collection":[{"href":"https:\/\/redsemlac.com\/semmexico\/wp-json\/wp\/v2\/posts"}],"about":[{"href":"https:\/\/redsemlac.com\/semmexico\/wp-json\/wp\/v2\/types\/post"}],"author":[{"embeddable":true,"href":"https:\/\/redsemlac.com\/semmexico\/wp-json\/wp\/v2\/users\/3"}],"replies":[{"embeddable":true,"href":"https:\/\/redsemlac.com\/semmexico\/wp-json\/wp\/v2\/comments?post=7244"}],"version-history":[{"count":0,"href":"https:\/\/redsemlac.com\/semmexico\/wp-json\/wp\/v2\/posts\/7244\/revisions"}],"wp:featuredmedia":[{"embeddable":true,"href":"https:\/\/redsemlac.com\/semmexico\/wp-json\/wp\/v2\/media\/7234"}],"wp:attachment":[{"href":"https:\/\/redsemlac.com\/semmexico\/wp-json\/wp\/v2\/media?parent=7244"}],"wp:term":[{"taxonomy":"category","embeddable":true,"href":"https:\/\/redsemlac.com\/semmexico\/wp-json\/wp\/v2\/categories?post=7244"},{"taxonomy":"post_tag","embeddable":true,"href":"https:\/\/redsemlac.com\/semmexico\/wp-json\/wp\/v2\/tags?post=7244"}],"curies":[{"name":"wp","href":"https:\/\/api.w.org\/{rel}","templated":true}]}}