{"id":72379,"date":"2023-10-09T11:18:43","date_gmt":"2023-10-09T17:18:43","guid":{"rendered":"https:\/\/redsemlac.com\/semmexico\/?p=72379"},"modified":"2023-10-09T11:18:44","modified_gmt":"2023-10-09T17:18:44","slug":"el-premio-nobel-de-economia-2023-fue-otorgado-a-la-estadounidense-claudia-goldin-una-de-las-dos-de-92-premios","status":"publish","type":"post","link":"https:\/\/redsemlac.com\/semmexico\/el-premio-nobel-de-economia-2023-fue-otorgado-a-la-estadounidense-claudia-goldin-una-de-las-dos-de-92-premios\/","title":{"rendered":"El premio Nobel de Econom\u00eda 2023 fue otorgado a la estadounidense Claudia Goldin, una de las dos, de 92 premios"},"content":{"rendered":"\n<ul class=\"wp-block-list\">\n<li><strong>La catedr\u00e1tica de Harvard es la tercera mujer en recibir el galard\u00f3n, tras la estadounidense Elinor Ostrom (2009) y la francesa Esther Duflo (2019)<\/strong><\/li>\n<\/ul>\n\n\n\n<p class=\"wp-block-paragraph\"><strong>Agencias<\/strong><\/p>\n\n\n\n<p class=\"wp-block-paragraph\">SemM\u00e9xico, Ciudad de M\u00e9xico, 9 de octubre, 2023.-. El&nbsp;Premio Nobel de Econom\u00eda&nbsp;fue otorgado el lunes a la economista estadounidense&nbsp;Claudia Goldin&nbsp;por ayudar a comprender el&nbsp;papel de la mujer en el mercado laboral.<\/p>\n\n\n\n<p class=\"wp-block-paragraph\">La catedr\u00e1tica de Harvard fue premiada&nbsp;\u201cpor haber contribuido a mejorar nuestra comprensi\u00f3n de los resultados de las mujeres en el mercado laboral\u201d, seg\u00fan el jurado de la&nbsp;Real Academia de las Ciencias Sueca.<\/p>\n\n\n\n<p class=\"wp-block-paragraph\">Goldin&nbsp;es la tercera mujer en recibir el galard\u00f3n, tras la estadounidense&nbsp;Elinor Ostrom&nbsp;(2009) y la francesa&nbsp;Esther Duflo&nbsp;(2019).<\/p>\n\n\n\n<p class=\"wp-block-paragraph\">\u201cComprender el papel de la mujer en el mercado laboral es importante para la sociedad. Gracias a la investigaci\u00f3n pionera de Claudia Goldin, ahora sabemos mucho m\u00e1s sobre los&nbsp;factores subyacentes&nbsp;y qu\u00e9&nbsp;barreras&nbsp;puede ser necesario abordar en el futuro\u201d, dijo&nbsp;Jakob Svensson, presidente del Comit\u00e9 del Premio de Ciencias Econ\u00f3micas.<\/p>\n\n\n\n<p class=\"wp-block-paragraph\">La investigaci\u00f3n de Goldin abarca una amplia gama de temas, como la poblaci\u00f3n activa femenina, la&nbsp;brecha de g\u00e9nero en los ingresos, la desigualdad de ingresos, el cambio tecnol\u00f3gico, la educaci\u00f3n y la inmigraci\u00f3n. Su libro \u201c<em>Career &amp; Family: Women\u2019s Century-Long Journey toward Equity\u201d<\/em>&nbsp;(Carrera y familia: El centenario viaje de las mujeres hacia la igualdad) se public\u00f3 el 5 de octubre de 2021.<\/p>\n\n\n\n<p class=\"wp-block-paragraph\">La investigadora, de 77 a\u00f1os, se mostr\u00f3 \u201csorprendida y muy, muy contenta\u201d al saber que hab\u00eda sido premiada, dijo Hans Ellegren, secretario general de la Real Academia Sueca de las Ciencias.<\/p>\n\n\n\n<p class=\"wp-block-paragraph\">Seg\u00fan la Real Academia de las Ciencias Sueca,&nbsp;Claudia Goldin&nbsp;demostr\u00f3 que la participaci\u00f3n femenina en el mercado laboral no tuvo una tendencia ascendente a lo largo de un periodo de 200 a\u00f1os, sino que forma una curva en forma de U.<\/p>\n\n\n\n<p class=\"wp-block-paragraph\">\u201cLa participaci\u00f3n de las mujeres casadas disminuy\u00f3 con la transici\u00f3n de una sociedad agraria a una industrial a principios del siglo XIX, pero luego empez\u00f3 a aumentar con el crecimiento del sector servicios a principios del siglo XX. Goldin explica este patr\u00f3n como el&nbsp;resultado del cambio estructural y la evoluci\u00f3n de las normas sociales&nbsp;relativas a las responsabilidades de la mujer en el hogar y la familia\u201d, dijo el comit\u00e9 en un comunicado.<\/p>\n\n\n\n<p class=\"wp-block-paragraph\">\u201cDurante el siglo XX, los niveles de educaci\u00f3n de las mujeres aumentaron continuamente, y en la mayor\u00eda de los pa\u00edses de renta alta son ahora sustancialmente superiores a los de los hombres\u201d, agreg\u00f3. \u201cClaudia Goldin demostr\u00f3 que&nbsp;el acceso a la p\u00edldora anticonceptiva desempe\u00f1\u00f3 un papel importante&nbsp;en la aceleraci\u00f3n de este cambio revolucionario al ofrecer nuevas oportunidades de planificaci\u00f3n profesional\u201d.<\/p>\n\n\n\n<p class=\"wp-block-paragraph\">Goldin llev\u00f3 adelante sus investigaciones como codirectora del Grupo de Estudio sobre G\u00e9nero en la Econom\u00eda del Oficina Nacional de Investigaci\u00f3n Econ\u00f3mica de Estados Unidos (NBER) y directora del programa Desarrollo de la Econom\u00eda Estadounidense del NBER de 1989 a 2017.<\/p>\n\n\n\n<p class=\"wp-block-paragraph\">Tambi\u00e9n fue presidenta de la American Economic Association en el curso 2013-14. En&nbsp;1990, Goldin se convirti\u00f3 en la&nbsp;primera mujer titular en el departamento de Econom\u00eda de Harvard.<\/p>\n\n\n\n<p class=\"wp-block-paragraph\">El premio de econom\u00eda fue creado en 1968 por el&nbsp;Banco Central de Suecia&nbsp;y se conoce formalmente como Premio Banco de Suecia de Ciencias Econ\u00f3micas en Memoria de Alfred Nobel.<\/p>\n\n\n\n<p class=\"wp-block-paragraph\">Los ganadores del a\u00f1o pasado fueron Ben Bernanke, ex Presidente de la Reserva Federal, Douglas W. Diamond y Philip Dybvig, por sus investigaciones sobre las quiebras bancarias, que contribuyeron a dar forma a la agresiva respuesta estadounidense a la crisis financiera de 2007-2008.<\/p>\n\n\n\n<blockquote class=\"wp-block-quote is-layout-flow wp-block-quote-is-layout-flow\">\n<p class=\"wp-block-paragraph\"><strong><em>S\u00f3lo dos de los 92 galardonados anteriores han sido mujeres<\/em><\/strong>.<\/p>\n<\/blockquote>\n\n\n\n<p class=\"wp-block-paragraph\">El premio sigue a los de medicina, f\u00edsica, qu\u00edmica, literatura y paz, anunciados la semana pasada.<\/p>\n\n\n\n<p class=\"wp-block-paragraph\">Hace una semana, la h\u00fangaro-estadounidense&nbsp;Katalin Karik\u00f3&nbsp;y la estadounidense&nbsp;Drew Weissman&nbsp;ganaron el Nobel de Medicina. El premio de F\u00edsica recay\u00f3 el martes en la f\u00edsica franco-sueca&nbsp;Anne L\u2019Huillier, el cient\u00edfico franc\u00e9s&nbsp;Pierre Agostini&nbsp;y el h\u00fangaro&nbsp;Ferenc Krausz.<\/p>\n\n\n\n<p class=\"wp-block-paragraph\">Los cient\u00edficos estadounidenses&nbsp;Moungi Bawendi,&nbsp;Louis Brus&nbsp;y&nbsp;Alexei Ekimov&nbsp;ganaron el mi\u00e9rcoles el premio de Qu\u00edmica. Les sigui\u00f3 el escritor noruego&nbsp;Jon Fosse, galardonado con el premio de literatura. Y el viernes, la activista iran\u00ed encarcelada Narges Mohammadi gan\u00f3 el premio de la paz.<\/p>\n\n\n\n<p class=\"wp-block-paragraph\">Los premios se entregan en diciembre en Oslo y Estocolmo. Est\u00e1n dotados con 11 millones de coronas suecas (alrededor de un mill\u00f3n de d\u00f3lares). Los ganadores tambi\u00e9n reciben una medalla de oro de 18 quilates y un diploma.<\/p>\n","protected":false},"excerpt":{"rendered":"<p>La catedr\u00e1tica de Harvard es la tercera mujer en recibir el galard\u00f3n, tras la estadounidense Elinor Ostrom (2009) y la francesa Esther Duflo (2019)<\/p>\n","protected":false},"author":3,"featured_media":72380,"comment_status":"open","ping_status":"open","sticky":false,"template":"","format":"standard","meta":{"_monsterinsights_skip_tracking":false,"footnotes":""},"categories":[53],"tags":[149],"class_list":["post-72379","post","type-post","status-publish","format-standard","has-post-thumbnail","category-internacional","tag-mujeres"],"_links":{"self":[{"href":"https:\/\/redsemlac.com\/semmexico\/wp-json\/wp\/v2\/posts\/72379","targetHints":{"allow":["GET"]}}],"collection":[{"href":"https:\/\/redsemlac.com\/semmexico\/wp-json\/wp\/v2\/posts"}],"about":[{"href":"https:\/\/redsemlac.com\/semmexico\/wp-json\/wp\/v2\/types\/post"}],"author":[{"embeddable":true,"href":"https:\/\/redsemlac.com\/semmexico\/wp-json\/wp\/v2\/users\/3"}],"replies":[{"embeddable":true,"href":"https:\/\/redsemlac.com\/semmexico\/wp-json\/wp\/v2\/comments?post=72379"}],"version-history":[{"count":0,"href":"https:\/\/redsemlac.com\/semmexico\/wp-json\/wp\/v2\/posts\/72379\/revisions"}],"wp:featuredmedia":[{"embeddable":true,"href":"https:\/\/redsemlac.com\/semmexico\/wp-json\/wp\/v2\/media\/72380"}],"wp:attachment":[{"href":"https:\/\/redsemlac.com\/semmexico\/wp-json\/wp\/v2\/media?parent=72379"}],"wp:term":[{"taxonomy":"category","embeddable":true,"href":"https:\/\/redsemlac.com\/semmexico\/wp-json\/wp\/v2\/categories?post=72379"},{"taxonomy":"post_tag","embeddable":true,"href":"https:\/\/redsemlac.com\/semmexico\/wp-json\/wp\/v2\/tags?post=72379"}],"curies":[{"name":"wp","href":"https:\/\/api.w.org\/{rel}","templated":true}]}}