{"id":72353,"date":"2023-10-09T10:40:20","date_gmt":"2023-10-09T16:40:20","guid":{"rendered":"https:\/\/redsemlac.com\/semmexico\/?p=72353"},"modified":"2023-10-09T10:40:20","modified_gmt":"2023-10-09T16:40:20","slug":"mexico-no-cuenta-con-un-plan-nacional-para-atender-el-cancer-de-mama","status":"publish","type":"post","link":"https:\/\/redsemlac.com\/semmexico\/mexico-no-cuenta-con-un-plan-nacional-para-atender-el-cancer-de-mama\/","title":{"rendered":"M\u00e9xico no cuenta con un Plan Nacional para atender el c\u00e1ncer de mama"},"content":{"rendered":"\n<ul class=\"wp-block-list\">\n<li><strong>La mala atenci\u00f3n del c\u00e1ncer m\u00e1s la inequidad y la falta de informaci\u00f3n ver\u00eddica para confirmar resultados y medir desenlaces<\/strong><\/li>\n\n\n\n<li><strong>Fragmentaci\u00f3n en los sistemas de salud afecta la atenci\u00f3n del c\u00e1ncer en Am\u00e9rica Latina: organizaciones civiles<\/strong><\/li>\n<\/ul>\n\n\n\n<p class=\"wp-block-paragraph\"><strong>Libertad L\u00f3pez<\/strong><\/p>\n\n\n\n<p class=\"wp-block-paragraph\">SemM\u00e9xico, Ciudad de M\u00e9xico a 9 de octubre, 2023.- Representantes de organizaciones civiles de M\u00e9xico, Argentina y Colombia coincidieron en que los principales desaf\u00edos que enfrenta Am\u00e9rica Latina en cuanto a la atenci\u00f3n del c\u00e1ncer son la fragmentaci\u00f3n en los sistemas de salud, as\u00ed como los diagn\u00f3sticos tard\u00edos, la prevenci\u00f3n poco efectiva y el retraso en el tratamiento.<\/p>\n\n\n\n<p class=\"wp-block-paragraph\">Agregaron que otros temas que afectan directamente a las personas que viven con c\u00e1ncer son la falta de acceso, as\u00ed como la falta de una legislaci\u00f3n que aseguren una atenci\u00f3n continua. Tres meses despu\u00e9s de esta reuni\u00f3n se anunci\u00f3 en el Senado la creaci\u00f3n de una ley de prevenci\u00f3n para el c\u00e1ncer de mama.<\/p>\n\n\n\n<p class=\"wp-block-paragraph\">Actualmente faltan herramientas. S\u00f3lo mil m\u00e1st\u00f3grafos, en el sector p\u00fablico, es un grave descuido. Mala informaci\u00f3n, pocos especialistas, seg\u00fan informes del Instituto Nacional de Salud P\u00fablica. Muren 21 mujeres cada d\u00eda. Urge un Plan Nacional.<\/p>\n\n\n\n<h2 class=\"wp-block-heading\"><strong>Desaf\u00edos compartidos<\/strong><\/h2>\n\n\n\n<p class=\"wp-block-paragraph\">En el panel \u201cSuperando los desaf\u00edos en la atenci\u00f3n del c\u00e1ncer: un enfoque interdisciplinario\u201d, que se llev\u00f3 a cabo durante la Semana de la Innovaci\u00f3n de la Asociaci\u00f3n de Industrias de Investigaci\u00f3n Farmac\u00e9utica (AMIIF) 2023, Mar\u00eda Fernanda Navarro, Directora Regional de la City c\u00e1ncer Challenge Foundation, mencion\u00f3 que la falta de comunicaci\u00f3n y colaboraci\u00f3n, as\u00ed como la fragmentaci\u00f3n de los sistemas de salud en Am\u00e9rica Latina, impiden dar continuidad a la atenci\u00f3n de los pacientes, quienes no llegan con el especialista en el debido momento.<\/p>\n\n\n\n<p class=\"wp-block-paragraph\">En su intervenci\u00f3n, Kenji L\u00f3pez, presidente de la Fundaci\u00f3n C\u00e1ncer Warriors M\u00e9xico, se\u00f1al\u00f3 que en nuestro pa\u00eds se enfrentan retos como la detecci\u00f3n tard\u00eda del c\u00e1ncer, provocada por la ausencia de una cultura en materia de prevenci\u00f3n y una significativa aversi\u00f3n a la inversi\u00f3n en la salud.<\/p>\n\n\n\n<blockquote class=\"wp-block-quote is-layout-flow wp-block-quote-is-layout-flow\">\n<p class=\"wp-block-paragraph\"><strong><em>\u201cNo contamos con marcos regulatorios que garanticen trazabilidad y sostenibilidad en el abordaje del c\u00e1ncer. Entre 70 y 80% de todos los tipos de c\u00e1ncer en nuestro pa\u00eds se detectan en etapas avanzadas, lo que significa un aumento en el costo de los tratamientos y una baja expectativa en la recuperaci\u00f3n de quien lo padece.\u201d<\/em><\/strong><\/p>\n<\/blockquote>\n\n\n\n<p class=\"wp-block-paragraph\">Kenji L\u00f3pez afirm\u00f3 que la volatilidad pol\u00edtica tambi\u00e9n afecta el abordaje del c\u00e1ncer y repercute en la falta de continuidad en las pol\u00edticas p\u00fablicas dirigidas a la atenci\u00f3n de esta enfermedad. \u201cPor ello es importante apostar por marcos regulatorios o una legislaci\u00f3n que garantice la supervivencia de programas y planes para la atenci\u00f3n de los padecimientos. Por ejemplo, en M\u00e9xico carecemos de una Ley Nacional para el C\u00e1ncer.\u201d<\/p>\n\n\n\n<p class=\"wp-block-paragraph\">De acuerdo con Virginia Abello, l\u00edder de la Unidad Funcional Leucemia, Linfoma y Mieloma de la Fundaci\u00f3n CTIC Luis Carlos Sarmiento Angulo, de Colombia, \u201cotros retos importantes que enfrenta la regi\u00f3n en cuanto a la atenci\u00f3n del c\u00e1ncer son la inequidad y la falta de informaci\u00f3n ver\u00eddica para confirmar resultados y medir desenlaces.\u201d<\/p>\n\n\n\n<p class=\"wp-block-paragraph\">Mat\u00edas Loyato Buchm\u00fcller, director de ingresos de Mamotest, organizaci\u00f3n civil argentina enfocada en el c\u00e1ncer de mama, expres\u00f3 que \u201cuno de los grandes retos que tenemos en la regi\u00f3n es el diagn\u00f3stico certero y la calidad en los procesos. A trav\u00e9s de la concientizaci\u00f3n debemos trabajar para lograr el diagn\u00f3stico en etapas tempranas y reducir los tiempos para la prescripci\u00f3n del tratamiento.\u201d<\/p>\n\n\n\n<p class=\"wp-block-paragraph\">En la visi\u00f3n de Elysse Bautista Gonz\u00e1lez, coordinadora e investigadora principal de C\u00f3digo C\u00e1ncer, de la Fundaci\u00f3n Mexicana para la Salud (FUNSALUD), un problema en la atenci\u00f3n equitativa del c\u00e1ncer es que se enfocan muchos esfuerzos en c\u00e1ncer de mama y se deja atr\u00e1s a otros tipos de c\u00e1ncer.&nbsp;<\/p>\n\n\n\n<p class=\"wp-block-paragraph\">\u201cEs importante identificar al paciente con c\u00e1ncer y tener una estratificaci\u00f3n de sus riesgos, con un enfoque de epidemiolog\u00eda social. Debemos medir el tiempo que un paciente tarda en pasar del primer nivel de atenci\u00f3n, con la sospecha de alg\u00fan tipo de tumor, al segundo o tercer nivel donde se le confirma el diagn\u00f3stico de c\u00e1ncer. Y tambi\u00e9n ver cu\u00e1nto tiempo se tarda en recibir el tratamiento en las instituciones de salud\u201d, expres\u00f3 la investigadora.<\/p>\n\n\n\n<p class=\"wp-block-paragraph\">Elysse Bautista mencion\u00f3 que \u201cel error es que tratamos a los c\u00e1nceres a trav\u00e9s de intervenciones y pol\u00edticas p\u00fablicas de manera homog\u00e9nea y hay que dise\u00f1ar intervenciones dirigidas a cada tipo de c\u00e1ncer y en cada paciente en particular. Tenemos poca informaci\u00f3n de los pacientes y necesitar\u00edamos un identificador \u00fanico en todas las instituciones de salud. La fragmentaci\u00f3n est\u00e1 impidiendo dar continuidad a toda la trayectoria del paciente.\u201d<\/p>\n\n\n\n<h2 class=\"wp-block-heading\"><strong>La atenci\u00f3n del c\u00e1ncer y los Objetivos de Desarrollo Sostenible<\/strong><\/h2>\n\n\n\n<p class=\"wp-block-paragraph\">La moderadora del panel, Claudia Restrepo, socia de Deloitte S-Latam para las Soluciones de Sostenibilidad, expres\u00f3 que la conversaci\u00f3n sobre los retos del c\u00e1ncer, llevada a cabo en este panel, se da en el contexto de los Objetivos de Desarrollo Sostenible (ODS). \u201cEl desaf\u00edo que se plantea es la disminuci\u00f3n de la mortalidad a trav\u00e9s de pol\u00edticas p\u00fablicas integrales y universales.<\/p>\n\n\n\n<p class=\"wp-block-paragraph\">Consideremos que el 33% de la mortalidad se debe a enfermedades no transmisibles como el c\u00e1ncer. En M\u00e9xico a\u00fan no se cuenta con un Plan Nacional por lo que hay una gran brecha entre las necesidades de los pacientes y la atenci\u00f3n que reciben.\u201d<\/p>\n\n\n\n<p class=\"wp-block-paragraph\">En palabras de Kenji L\u00f3pez, \u201cpara reducir la mortalidad por c\u00e1ncer, es prioritario apostar por el uso de las leyes como herramientas eficaces sostenibles y pr\u00e1cticamente irreversibles para el control de esta enfermedad.\u201d<\/p>\n","protected":false},"excerpt":{"rendered":"<p>La mala atenci\u00f3n del c\u00e1ncer m\u00e1s la inequidad y la falta de informaci\u00f3n ver\u00eddica para confirmar resultados y medir desenlaces<\/p>\n","protected":false},"author":3,"featured_media":72354,"comment_status":"open","ping_status":"open","sticky":false,"template":"","format":"standard","meta":{"_monsterinsights_skip_tracking":false,"footnotes":""},"categories":[27],"tags":[737],"class_list":["post-72353","post","type-post","status-publish","format-standard","has-post-thumbnail","category-cobertura-especial","tag-contraelcancerdemama"],"_links":{"self":[{"href":"https:\/\/redsemlac.com\/semmexico\/wp-json\/wp\/v2\/posts\/72353","targetHints":{"allow":["GET"]}}],"collection":[{"href":"https:\/\/redsemlac.com\/semmexico\/wp-json\/wp\/v2\/posts"}],"about":[{"href":"https:\/\/redsemlac.com\/semmexico\/wp-json\/wp\/v2\/types\/post"}],"author":[{"embeddable":true,"href":"https:\/\/redsemlac.com\/semmexico\/wp-json\/wp\/v2\/users\/3"}],"replies":[{"embeddable":true,"href":"https:\/\/redsemlac.com\/semmexico\/wp-json\/wp\/v2\/comments?post=72353"}],"version-history":[{"count":0,"href":"https:\/\/redsemlac.com\/semmexico\/wp-json\/wp\/v2\/posts\/72353\/revisions"}],"wp:featuredmedia":[{"embeddable":true,"href":"https:\/\/redsemlac.com\/semmexico\/wp-json\/wp\/v2\/media\/72354"}],"wp:attachment":[{"href":"https:\/\/redsemlac.com\/semmexico\/wp-json\/wp\/v2\/media?parent=72353"}],"wp:term":[{"taxonomy":"category","embeddable":true,"href":"https:\/\/redsemlac.com\/semmexico\/wp-json\/wp\/v2\/categories?post=72353"},{"taxonomy":"post_tag","embeddable":true,"href":"https:\/\/redsemlac.com\/semmexico\/wp-json\/wp\/v2\/tags?post=72353"}],"curies":[{"name":"wp","href":"https:\/\/api.w.org\/{rel}","templated":true}]}}