{"id":72342,"date":"2023-10-09T10:29:35","date_gmt":"2023-10-09T16:29:35","guid":{"rendered":"https:\/\/redsemlac.com\/semmexico\/?p=72342"},"modified":"2023-10-09T10:29:35","modified_gmt":"2023-10-09T16:29:35","slug":"dia-mundial-de-lucha-contra-el-cancer-de-mama-contraelcancerdemamayoactuo-insp","status":"publish","type":"post","link":"https:\/\/redsemlac.com\/semmexico\/dia-mundial-de-lucha-contra-el-cancer-de-mama-contraelcancerdemamayoactuo-insp\/","title":{"rendered":"D\u00eda Mundial de Lucha contra el C\u00e1ncer de Mama #ContraElC\u00e1ncerDeMamaYoAct\u00fao: INSP"},"content":{"rendered":"\n<ul class=\"wp-block-list\">\n<li><strong>Los tumores malignos de mama equivalen al 8 por ciento del total de los c\u00e1nceres detectados en M\u00e9xico<\/strong><\/li>\n\n\n\n<li><strong>El de mama sigue teniendo la tasa m\u00e1s alta de defunciones de mujeres<\/strong><\/li>\n<\/ul>\n\n\n\n<p class=\"wp-block-paragraph\"><strong>Redacci\u00f3n<\/strong><\/p>\n\n\n\n<p class=\"wp-block-paragraph\">SemM\u00e9xico, Ciudad de M\u00e9xico, 9 de octubre, 2023.- El c\u00e1ncer de mama es el tipo de c\u00e1ncer m\u00e1s com\u00fan en el mundo, con m\u00e1s de 2,2 millones de casos en 2020; cerca de 1 de cada 12 mujeres desarrollar\u00e1n c\u00e1ncer de mam\u00e1 a lo largo de su vida. Adem\u00e1s, es una de las principales causas de muerte en las mujeres; en 2020, alrededor de 685 mil mujeres fallecieron como consecuencia de esa enfermedad.<\/p>\n\n\n\n<p class=\"wp-block-paragraph\">En 2020 en M\u00e9xico, fallecieron 97 mil &nbsp;323 personas por tumores malignos. De estos, 7 mil&nbsp; 880 fueron por tumores malignos de mama, lo que equivale a 8 por ciento&nbsp; de este total. A nivel nacional a tasa m\u00e1s alta de defunciones de mujeres por c\u00e1ncer de mama se registra en el grupo de edad de 60 a\u00f1os o m\u00e1s (49.08 por cada 100 mil mujeres de este grupo de edad).<\/p>\n\n\n\n<p class=\"wp-block-paragraph\">El c\u00e1ncer de mama no es una enfermedad transmisible o infecciosa; algunos estudios han demostrado que el riesgo de tener c\u00e1ncer de mama se debe a una combinaci\u00f3n de factores. Los principales factores que influyen son el g\u00e9nero (mujer) y la edad mayor a 40 a\u00f1os.<\/p>\n\n\n\n<figure class=\"wp-block-gallery has-nested-images columns-default is-cropped wp-block-gallery-1 is-layout-flex wp-block-gallery-is-layout-flex\">\n<figure class=\"wp-block-image size-large\"><a href=\"https:\/\/redsemlac.com\/semmexico\/wp-content\/uploads\/2023\/10\/Imagen3-3.jpg\"><img decoding=\"async\" data-id=\"72344\" src=\"https:\/\/redsemlac.com\/semmexico\/wp-content\/uploads\/2023\/10\/Imagen3-3-1022x1024.jpg\" alt=\"\" class=\"wp-image-72344\"\/><\/a><\/figure>\n\n\n\n<figure class=\"wp-block-image size-large\"><a href=\"https:\/\/redsemlac.com\/semmexico\/wp-content\/uploads\/2023\/10\/Imagen2-3.jpg\"><img decoding=\"async\" data-id=\"72343\" src=\"https:\/\/redsemlac.com\/semmexico\/wp-content\/uploads\/2023\/10\/Imagen2-3-1021x1024.jpg\" alt=\"\" class=\"wp-image-72343\"\/><\/a><\/figure>\n<\/figure>\n\n\n\n<p class=\"wp-block-paragraph\">Se han identificado otros factores relacionados con el desarrollo del c\u00e1ncer de mama y la modificaci\u00f3n de algunos de ellos puede prevenirlo:<\/p>\n\n\n\n<ul class=\"wp-block-list\">\n<li>Factores hereditarios: el antecedente familiar de c\u00e1ncer de mama, y mutaciones de los genes BRCA1, BRCA2, y p53.<\/li>\n\n\n\n<li>Factores reproductivos: el uso prolongado de anticonceptivos orales y terapias de sustituci\u00f3n hormonal, el inicio de la menstruaci\u00f3n a edad temprana, la aparici\u00f3n tard\u00eda de la menopausia, el primer embarazo en edad madura, el acortamiento de la lactancia materna, y no tener hijos.<\/li>\n\n\n\n<li>Estilos de vida poco saludables: el consumo de alcohol, el sobrepeso, la obesidad, y la falta de actividad f\u00edsica.<\/li>\n<\/ul>\n\n\n\n<p class=\"wp-block-paragraph\">Sin embargo, alrededor de la mitad de los casos de c\u00e1ncer de mama son mujeres sin ning\u00fan factor de riesgo.<\/p>\n\n\n\n<p class=\"wp-block-paragraph\">Eso significa que, aunque pudieran controlarse todos los factores potencialmente modificables, el riesgo de padecer c\u00e1ncer de mama tan solo se reducir\u00eda como m\u00e1ximo en un 30 por ciento.<\/p>\n\n\n\n<p class=\"wp-block-paragraph\">El diagn\u00f3stico temprano, junto con los avances en el tratamiento, han llevado a mejores resultados para las mujeres con c\u00e1ncer de mama. Adem\u00e1s, los programas integrales de prevenci\u00f3n y control del c\u00e1ncer de mama pueden ayudar a reducir la carga de esta enfermedad. La educaci\u00f3n para la salud es esencial para mejorar el conocimiento y la comprensi\u00f3n entre las mujeres sobre la importancia del tamizaje y la b\u00fasqueda de atenci\u00f3n.<\/p>\n\n\n\n<figure class=\"wp-block-gallery has-nested-images columns-default is-cropped wp-block-gallery-2 is-layout-flex wp-block-gallery-is-layout-flex\">\n<figure class=\"wp-block-image size-large\"><a href=\"https:\/\/redsemlac.com\/semmexico\/wp-content\/uploads\/2023\/10\/Imagen4-4.jpg\"><img loading=\"lazy\" decoding=\"async\" width=\"697\" height=\"699\" data-id=\"72345\" src=\"https:\/\/redsemlac.com\/semmexico\/wp-content\/uploads\/2023\/10\/Imagen4-4.jpg\" alt=\"\" class=\"wp-image-72345\"\/><\/a><\/figure>\n\n\n\n<figure class=\"wp-block-image size-large\"><a href=\"https:\/\/redsemlac.com\/semmexico\/wp-content\/uploads\/2023\/10\/Imagen5-3.jpg\"><img decoding=\"async\" data-id=\"72346\" src=\"https:\/\/redsemlac.com\/semmexico\/wp-content\/uploads\/2023\/10\/Imagen5-3-1021x1024.jpg\" alt=\"\" class=\"wp-image-72346\"\/><\/a><\/figure>\n<\/figure>\n\n\n\n<p class=\"wp-block-paragraph\">En el Instituto Nacional de Salud P\u00fablica (INSP), ha realizado m\u00faltiples aportaciones en relaci\u00f3n a factores de riesgo, prevenci\u00f3n y diagn\u00f3stico temprano de c\u00e1ncer de mama en mujeres mexicanas, as\u00ed como en la evaluaci\u00f3n de pol\u00edticas p\u00fablicas para la mejora de la atenci\u00f3n de la salud.<\/p>\n\n\n\n<p class=\"wp-block-paragraph\">\u201cLa Secretar\u00eda de Salud en conjunto con el Centro Nacional de Equidad de G\u00e9nero y Salud Reproductiva (CNEGSR) y el Instituto Nacional de Cancerolog\u00eda (INCan), lanzan la campa\u00f1a #ContraElC\u00e1ncerDeMamaYoAct\u00fao, como un llamado a la concientizaci\u00f3n y a realizar acciones de prevenci\u00f3n para lograr el diagnostico oportuno de la enfermedad bajo el lema: Observo, Toco y Siento, que son las indicaciones medicas para la autoexploraci\u00f3n.<\/p>\n\n\n\n<h2 class=\"wp-block-heading\"><strong>INEGI<\/strong><\/h2>\n\n\n\n<p class=\"wp-block-paragraph\">Entre las mujeres se observa que, conforme se incrementa su edad, hay mayor presencia de tumor maligno de mama. En 2019, la tasa de incidencia pasa de 1.86 entre las mujeres de 20 a 24 a\u00f1os, a 104.5 casos nuevos en mujeres de 60 a 64 a\u00f1os por cada 100 mil mujeres del mismo rango de edad. La distribuci\u00f3n de casos nuevos de tumor maligno de mama entre las mujeres de 20 a\u00f1os o m\u00e1s por entidad federativa para 2019, muestra que Morelos tiene la incidencia m\u00e1s alta (151.94 casos nuevos por cada 100 mil mujeres de 20 a\u00f1os o m\u00e1s), seguida de Colima (139.62) y Aguascalientes (66.64); por otra parte, Guerrero presenta la incidencia m\u00e1s baja con 7.69 casos nuevos por cada 100 mil mujeres de 20 a\u00f1os o m\u00e1s.<\/p>\n","protected":false},"excerpt":{"rendered":"<p>Los tumores malignos de mama equivalen al 8 por ciento del total de los c\u00e1nceres detectados en M\u00e9xico<\/p>\n","protected":false},"author":3,"featured_media":72347,"comment_status":"open","ping_status":"open","sticky":false,"template":"","format":"standard","meta":{"_monsterinsights_skip_tracking":false,"footnotes":""},"categories":[27],"tags":[737],"class_list":["post-72342","post","type-post","status-publish","format-standard","has-post-thumbnail","category-cobertura-especial","tag-contraelcancerdemama"],"_links":{"self":[{"href":"https:\/\/redsemlac.com\/semmexico\/wp-json\/wp\/v2\/posts\/72342","targetHints":{"allow":["GET"]}}],"collection":[{"href":"https:\/\/redsemlac.com\/semmexico\/wp-json\/wp\/v2\/posts"}],"about":[{"href":"https:\/\/redsemlac.com\/semmexico\/wp-json\/wp\/v2\/types\/post"}],"author":[{"embeddable":true,"href":"https:\/\/redsemlac.com\/semmexico\/wp-json\/wp\/v2\/users\/3"}],"replies":[{"embeddable":true,"href":"https:\/\/redsemlac.com\/semmexico\/wp-json\/wp\/v2\/comments?post=72342"}],"version-history":[{"count":0,"href":"https:\/\/redsemlac.com\/semmexico\/wp-json\/wp\/v2\/posts\/72342\/revisions"}],"wp:featuredmedia":[{"embeddable":true,"href":"https:\/\/redsemlac.com\/semmexico\/wp-json\/wp\/v2\/media\/72347"}],"wp:attachment":[{"href":"https:\/\/redsemlac.com\/semmexico\/wp-json\/wp\/v2\/media?parent=72342"}],"wp:term":[{"taxonomy":"category","embeddable":true,"href":"https:\/\/redsemlac.com\/semmexico\/wp-json\/wp\/v2\/categories?post=72342"},{"taxonomy":"post_tag","embeddable":true,"href":"https:\/\/redsemlac.com\/semmexico\/wp-json\/wp\/v2\/tags?post=72342"}],"curies":[{"name":"wp","href":"https:\/\/api.w.org\/{rel}","templated":true}]}}