{"id":72323,"date":"2023-10-08T13:27:59","date_gmt":"2023-10-08T19:27:59","guid":{"rendered":"https:\/\/redsemlac.com\/semmexico\/?p=72323"},"modified":"2023-10-08T13:33:27","modified_gmt":"2023-10-08T19:33:27","slug":"mueren-al-dia-21-mujeres-en-mexico-por-cancer-de-mama","status":"publish","type":"post","link":"https:\/\/redsemlac.com\/semmexico\/mueren-al-dia-21-mujeres-en-mexico-por-cancer-de-mama\/","title":{"rendered":"Mueren al d\u00eda 21 mujeres en M\u00e9xico por c\u00e1ncer de mama"},"content":{"rendered":"\n<p class=\"wp-block-paragraph\">Primera causa de muerte en mujeres de m\u00e1s de 25 a\u00f1os en Jalisco<\/p>\n\n\n\n<p class=\"wp-block-paragraph\">En 9 meses&nbsp; de este a\u00f1o&nbsp; se han registrado 344 defunciones, es decir &nbsp;39 al mes<\/p>\n\n\n\n<p class=\"wp-block-paragraph\">Libertad L\u00f3pez<\/p>\n\n\n\n<p class=\"wp-block-paragraph\">SemM\u00e9xico, Guadalajara, Jalisco, 8 &nbsp;de octubre, &nbsp;2023.- El c\u00e1ncer de mama es&nbsp; la primera causa de muerte por&nbsp; en&nbsp; mujeres mayores de 25 a\u00f1os en Jalisco, mientras en todo el pa\u00eds, &nbsp;21 mujeres pierden la vida al d\u00eda, &nbsp;por este motivo, inform\u00f3 el secretario de Salud en el estado, Fernando Petersen Aranguren.<\/p>\n\n\n\n<p class=\"wp-block-paragraph\">&nbsp;Una de las enfermedades m\u00e1s devastadoras que existen, coment\u00f3, en torno al&nbsp; 19 de octubre&nbsp; el D\u00eda Internacional de la lucha contra el c\u00e1ncer de mama,<\/p>\n\n\n\n<p class=\"wp-block-paragraph\">Tambi\u00e9n&nbsp; 21 mujeres murieron cada d\u00eda por esta causa, en Jalisco. \u201cA partir del 2002 el c\u00e1ncer de mama se ubica en el primer lugar como causa de muerte entre los c\u00e1nceres de la mujer, falleciendo por dicha causa 591 mujeres en el a\u00f1o 2022, esto ubic\u00f3 a Jalisco en el noveno lugar nacional con una tasa de 23.7 por cada 100 mil mujeres mayores de 25 a\u00f1os\u201d.<\/p>\n\n\n\n<p class=\"wp-block-paragraph\">La SSJ en coordinaci\u00f3n con IMSS, ISSSTE y Hospitales Civiles dieron a conocer las acciones que estar\u00e1n emprendiendo durante el mes de octubre para ayudar en la prevenci\u00f3n de esta enfermedad que deja enlutadas a miles de familias.<\/p>\n\n\n\n<p class=\"wp-block-paragraph\">Desde iluminar edificios color rosa, pl\u00e1ticas, eventos conmemorativos, acopio de fondos, hasta la aplicaci\u00f3n de miles de mastograf\u00edas gratuitas que buscan que lleguen a todos los rincones del estado de Jalisco.<\/p>\n\n\n\n<p class=\"wp-block-paragraph\">La edad promedio en que se registran el mayor n\u00famero de defunciones por c\u00e1ncer de mama es a los 65 a\u00f1os, en Jalisco mueren en promedio 39 mujeres al mes por esta causa, en lo que va de 2023 se han registrado 344 defunciones.<\/p>\n\n\n\n<p class=\"wp-block-paragraph\">Respecto al c\u00e1ncer de mama en hombres, los casos representan menos del uno por ciento del total, en Jalisco se registraron dos en el 2019, seis en 2020, 11 en 2021 y dos en 2022.<\/p>\n","protected":false},"excerpt":{"rendered":"<p>El c\u00e1ncer de mama es\u00a0 la primera causa de muerte por\u00a0 en\u00a0 mujeres mayores de 25 a\u00f1os en Jalisco, mientras en todo el pa\u00eds, \u00a021 mujeres pierden la vida al d\u00eda, \u00a0por este motivo, inform\u00f3 el secretario de Salud en el estado, Fernando Petersen Aranguren.<\/p>\n","protected":false},"author":3,"featured_media":72325,"comment_status":"open","ping_status":"open","sticky":false,"template":"","format":"standard","meta":{"_monsterinsights_skip_tracking":false,"footnotes":""},"categories":[27],"tags":[],"class_list":["post-72323","post","type-post","status-publish","format-standard","has-post-thumbnail","category-cobertura-especial"],"_links":{"self":[{"href":"https:\/\/redsemlac.com\/semmexico\/wp-json\/wp\/v2\/posts\/72323","targetHints":{"allow":["GET"]}}],"collection":[{"href":"https:\/\/redsemlac.com\/semmexico\/wp-json\/wp\/v2\/posts"}],"about":[{"href":"https:\/\/redsemlac.com\/semmexico\/wp-json\/wp\/v2\/types\/post"}],"author":[{"embeddable":true,"href":"https:\/\/redsemlac.com\/semmexico\/wp-json\/wp\/v2\/users\/3"}],"replies":[{"embeddable":true,"href":"https:\/\/redsemlac.com\/semmexico\/wp-json\/wp\/v2\/comments?post=72323"}],"version-history":[{"count":0,"href":"https:\/\/redsemlac.com\/semmexico\/wp-json\/wp\/v2\/posts\/72323\/revisions"}],"wp:featuredmedia":[{"embeddable":true,"href":"https:\/\/redsemlac.com\/semmexico\/wp-json\/wp\/v2\/media\/72325"}],"wp:attachment":[{"href":"https:\/\/redsemlac.com\/semmexico\/wp-json\/wp\/v2\/media?parent=72323"}],"wp:term":[{"taxonomy":"category","embeddable":true,"href":"https:\/\/redsemlac.com\/semmexico\/wp-json\/wp\/v2\/categories?post=72323"},{"taxonomy":"post_tag","embeddable":true,"href":"https:\/\/redsemlac.com\/semmexico\/wp-json\/wp\/v2\/tags?post=72323"}],"curies":[{"name":"wp","href":"https:\/\/api.w.org\/{rel}","templated":true}]}}