{"id":72257,"date":"2023-10-06T12:54:25","date_gmt":"2023-10-06T18:54:25","guid":{"rendered":"https:\/\/redsemlac.com\/semmexico\/?p=72257"},"modified":"2023-10-06T12:54:27","modified_gmt":"2023-10-06T18:54:27","slug":"entresemana-que-me-la-echen-solita","status":"publish","type":"post","link":"https:\/\/redsemlac.com\/semmexico\/entresemana-que-me-la-echen-solita\/","title":{"rendered":"Entresemana| Que me la echen solita\u2026"},"content":{"rendered":"\n<p class=\"wp-block-paragraph\"><strong>Mois\u00e9s S\u00e1nchez Lim\u00f3n<\/strong><\/p>\n\n\n\n<p class=\"wp-block-paragraph\">SemM\u00e9xico, Ciudad de M\u00e9xico, 6 de octubre, 2023.- La lleva de la mano y ella se deja llevar; le dicta los textos y ella los repite, incluso con tonadita. Le dijo que ella lo suceder\u00e1 y ella le cree. Por eso, por eso.<\/p>\n\n\n\n<p class=\"wp-block-paragraph\">Se\u00f1oras y se\u00f1ores, no se trata de la tesis plagiada. \u00a1Nooo!<\/p>\n\n\n\n<p class=\"wp-block-paragraph\">Es m\u00e1s, de lo mismo.<\/p>\n\n\n\n<p class=\"wp-block-paragraph\">El dedazo, los acuerdos palaciegos en torno a la palabra del due\u00f1o del poder en turno, aunque hoy el Duce se asume dem\u00f3crata.<\/p>\n\n\n\n<p class=\"wp-block-paragraph\">Bueno, s\u00ed, maestro de esta democracia vertical, o lo que es lo mismo y usted lo recordar\u00e1, en esa muletilla del tiempo de las definiciones: est\u00e1n con la Cuarta Transformaci\u00f3n o est\u00e1n en contra.<\/p>\n\n\n\n<p class=\"wp-block-paragraph\">Es igualito, por supuesto, el licenciado presidente no logra ni lograr\u00e1 deshacerse de su ADN priista; lo que bien se aprende, no se olvida. Y hete aqu\u00ed.<\/p>\n\n\n\n<p class=\"wp-block-paragraph\">\u00a1Rec\u00e1spita, Alito!<\/p>\n\n\n\n<p class=\"wp-block-paragraph\">\u00a1Ah!, porque no vayamos lejos. El Consejo Pol\u00edtico Nacional del Partido Revolucionario sesion\u00f3 la noche de ayer jueves 5 de octubre y, sin medias tintas ni posibilidad de retorno, expuls\u00f3 de sus filas al \u00ednclito dem\u00f3crata Miguel \u00c1ngel Osorio Chong.<\/p>\n\n\n\n<p class=\"wp-block-paragraph\">S\u00ed, el mism\u00edsimo que lleg\u00f3 al Senado con la inmunidad que ello entra\u00f1a, arropado por el tricolor, de cuya dirigencia quiso defenestrar a Alejandro Moreno, pero carente de la mayor\u00eda legislativa que lo atend\u00eda cuando secretario de Gobernaci\u00f3n en la administraci\u00f3n de Enrique Pe\u00f1a Nieto, por cierto, reconocido como dem\u00f3crata y exonerado de cualquier culpa en el caso Ayotzinapa por Su Alteza Seren\u00edsima.<\/p>\n\n\n\n<p class=\"wp-block-paragraph\">O sea.<\/p>\n\n\n\n<p class=\"wp-block-paragraph\">\u00a1Ah! Junto con el licenciado Chong &#8211;que ya se hab\u00eda ido del Revolucionario Institucional&#8211; el CPN del PRI expuls\u00f3 a la senadora Claudia Ruiz Massieu Salinas, al tambi\u00e9n senador Eruviel \u00c1vila Villegas \u2013ejemplo de austeridad franciscana y honestidad dem\u00f3crata de la familia revolucionaria mexiquense&#8211;, y a la senadora hidalguense encumbrada en el priismo desde chavita con el entonces gobernador de Hidalgo, Manuel \u00c1ngel N\u00fa\u00f1ez Soto.<\/p>\n\n\n\n<p class=\"wp-block-paragraph\">Y, bueno, bueno, para completar el cuadro: el CPN tambi\u00e9n ech\u00f3 a otro dem\u00f3crata, el joven crooner Omar Fayad, quien se hab\u00eda ido del partido, junto con quienes le deb\u00edan la chamba en algunas alcald\u00edas y en el Congreso local, una vez que entreg\u00f3 las llaves de la oficina principal de Palacio de Gobierno, en Pachuca, al morenista Julio Menchaca Salazar, tambi\u00e9n portador del ADN tricolor.<\/p>\n\n\n\n<p class=\"wp-block-paragraph\">Y qu\u00e9 le digo del caso del nuevo verde, el senador Jorge Carlos Ram\u00edrez Mar\u00edn, quien se aprendi\u00f3 r\u00e1pido y sin rubor la m\u00e1xima: \u00a1es un honor, estar con Obrador! \u00a1Sopas, perico!<\/p>\n\n\n\n<p class=\"wp-block-paragraph\"><strong>\u00bfA poco no?<\/strong><\/p>\n\n\n\n<p class=\"wp-block-paragraph\">Es la mec\u00e1nica tradicional de la sacra liturgia pol\u00edtica mexicana, aplicada seg\u00fan sea el caso, la prioridad y los altos riesgos que entra\u00f1a, sin duda, la sucesi\u00f3n presidencial. Porque, verdad de Perogrullo, quien llega al poder siempre se resistir\u00e1 a entregarlo.<\/p>\n\n\n\n<p class=\"wp-block-paragraph\">El poder, d\u00edcese en ese \u00e1nimo que ha plagiado el licenciado presidente: a los inteligentes, el poder los envanece y a los pendejos enloquece.<\/p>\n\n\n\n<p class=\"wp-block-paragraph\">Pero, qu\u00e9 le digo. Cada cual se aferra a su parcela y lejos de hacer carrera pol\u00edtica como indica el librito en la nueva modernidad, se ci\u00f1e a las \u00f3rdenes, ocurrencias y dislates del due\u00f1o del poder.<\/p>\n\n\n\n<p class=\"wp-block-paragraph\">Y recitan: \u201ccomo dice el se\u00f1or presidente\u201d.<\/p>\n\n\n\n<p class=\"wp-block-paragraph\">Y he ah\u00ed a la doctora Claudia Sheinbaum Pardo que transita, desde el momento en que el Duce le dijo que ella era la elegida, sin voz propia, ayuna de ideas personales. Pero, ah\u00ed va, ah\u00ed va rumbo a la que dicen ser\u00e1 la madre de todas las elecciones del M\u00e9xico contempor\u00e1neo.<\/p>\n\n\n\n<p class=\"wp-block-paragraph\">Le avivan el ego y la consideran non plus ultra, la m\u00e1s chingona de la pradera, como suele ocurrir cuando, \u00a1v\u00e1lgame, el se\u00f1or!, el candidato oficial, el elegido desde el Olimpo, se vuelve guapo, varonil, inteligente, dem\u00f3crata, patriota, respetuoso de los derechos humanos y etc\u00e9tera, etc\u00e9tera, etc\u00e9tera.<\/p>\n\n\n\n<p class=\"wp-block-paragraph\">Y a la opositora, a la ingeniera X\u00f3chitl G\u00e1lvez le encuentran todo tipo de yerros y defectos.<\/p>\n\n\n\n<p class=\"wp-block-paragraph\">S\u00ed, desde la misoginia maquillada en Palacio por el licenciado L\u00f3pez Obrador, de cr\u00edtica soez incluso de quienes no admiten que una mujer como la hidalguense haya crecido cuando acusaban y preguntaban d\u00f3nde estaba la oposici\u00f3n, d\u00f3nde una figura que se enfrentara a la doctora Sheinbaum y la pl\u00e9yade que hizo el caldo gordo en esa contienda por la coordinaci\u00f3n de los Comit\u00e9s de Defensa de la 4T.<\/p>\n\n\n\n<p class=\"wp-block-paragraph\">Le temen a X\u00f3chitl. Y no es promoci\u00f3n oficiosa. \u00bfQuer\u00edan oposici\u00f3n? \u00a1Hela ah\u00ed!<\/p>\n\n\n\n<p class=\"wp-block-paragraph\">Y lo que se observa, lee y escucha en aquellos llamados l\u00edderes de opini\u00f3n y medios de comunicaci\u00f3n que aparec\u00edan bravucones, cr\u00edticos, expertos y, qu\u00e9 le digo.<\/p>\n\n\n\n<p class=\"wp-block-paragraph\">No distinguen tiempos pol\u00edticos, desconocen calendarios y avanzan en una cr\u00edtica que suena a compromiso, a la lectura del guion dictado desde el Z\u00f3calo. \u00bfPor qu\u00e9 el cambio cuando a\u00fan es temprano? \u00bfPor qu\u00e9 quemar incienso anticipadamente?<\/p>\n\n\n\n<p class=\"wp-block-paragraph\">Es de primaria, la idea \u00e9sta de descalificar a la opositora y mostrarla derrotada. Como en aquellos tiempos en los que el ciudadano respaldaba su abstenci\u00f3n: \u00bfpara qu\u00e9 votar si ganar\u00e1 el de siempre, el del PRI?<\/p>\n\n\n\n<p class=\"wp-block-paragraph\">As\u00ed, dejar correr ese triunfalismo insultante que determine: \u00bfpara qu\u00e9 votar por X\u00f3chitl si ya gan\u00f3 Claudia?<\/p>\n\n\n\n<p class=\"wp-block-paragraph\">Semos o no semos\u2026<\/p>\n\n\n\n<p class=\"wp-block-paragraph\">Porque, de pronto, exultantes en pantalla y due\u00f1os de la verdad, sostienen que la doctora Sheinbaum es inalcanzable en esta carrera por la Presidencia de la Rep\u00fablica, pr\u00e1cticamente la asumen triunfadora de la elecci\u00f3n que se celebrar\u00e1 hasta el domingo 2 de junio de 2024.<\/p>\n\n\n\n<p class=\"wp-block-paragraph\">Y, dirigen ep\u00edtetos hacia la acera de enfrente.<\/p>\n\n\n\n<p class=\"wp-block-paragraph\">\u00a1Se desinfl\u00f3! \u00a1Carece de proyecto! \u00a1La dejaron sola! \u00bfD\u00f3nde est\u00e1 Santiago Creel? \u00a1No tiene discurso! \u00a1Responde lo mismo! \u00a1Ya debe dejar de hablar de ella! \u00a1Es plagiaria de su tesis!, aunque desconocen la diferencia entre una tesis y el trabajo para titularse por experiencia profesional.<\/p>\n\n\n\n<p class=\"wp-block-paragraph\">Y la insultan, mimetizados con el Duce.<\/p>\n\n\n\n<p class=\"wp-block-paragraph\">Pero la ingeniera no se amilana y, a esa amalgama de intereses que atienden el dictado de quien se asume por encima de la ley, due\u00f1o del poder, a aquellos que ya le critican hasta el barniz de u\u00f1as, responde:<\/p>\n\n\n\n<p class=\"wp-block-paragraph\">\u201c\u00a1Que me la echen solita!\u201d<\/p>\n\n\n\n<p class=\"wp-block-paragraph\">Porque, lo que no dicen p\u00fablicamente, al aire los opinadores due\u00f1os del micr\u00f3fono y la pantalla y las planas de dizque prestigiados cotidianos, es que la doctora no emociona, no saca a un perro de la milpa, carece de discurso propio y levita en el espacio color de rosa, triunfalismo de oropel que cuesta cientos de millones de pesos\u2026<\/p>\n\n\n\n<p class=\"wp-block-paragraph\">S\u00ed, \u00e9chenla solita al ruedo. \u00a1Recontrac\u00e1spita, Drakko! Digo<\/p>\n\n\n\n<p class=\"wp-block-paragraph\"><strong>LE PLATICO. Ayer la senadora presidenta A<\/strong><strong>na Lilia Rivera<\/strong> Rivera desayun\u00f3 con los colegas que cubren la fuente senatorial y, entre otros temas, dijo que respeta la divisi\u00f3n de poderes; pero le dio un rasp\u00f3n, para variar, al Poder Judicial. Y se despach\u00f3 una perogrullada por cuanto a que, trat\u00e1ndose de periodo electoral, el trabajo legislativo ser\u00e1 duro y, alcanzar acuerdos, cuesta arriba.<\/p>\n\n\n\n<p class=\"wp-block-paragraph\">Un punto llama la atenci\u00f3n. Expuso que buscar\u00e1 construir acuerdos con los partidos pol\u00edticos para sacar adelante nombramientos pendientes. \u00bfDe los tres comisionados del INAI? Conste.<\/p>\n\n\n\n<p class=\"wp-block-paragraph\"><a href=\"mailto:sanchezlimon@gmail.com\">sanchezlimon@gmail.com<\/a>&nbsp;&nbsp; <a href=\"http:\/\/www.entresemana.mx\">www.entresemana.mx<\/a>&nbsp;&nbsp; @sanchezlimon1<\/p>\n","protected":false},"excerpt":{"rendered":"<p>La lleva de la mano y ella se deja llevar; le dicta los textos y ella los repite, incluso con tonadita. Le dijo que ella lo suceder\u00e1 y ella le cree. Por eso, por eso.<\/p>\n","protected":false},"author":3,"featured_media":15805,"comment_status":"open","ping_status":"open","sticky":false,"template":"","format":"standard","meta":{"_monsterinsights_skip_tracking":false,"footnotes":""},"categories":[105,83,35],"tags":[459],"class_list":["post-72257","post","type-post","status-publish","format-standard","has-post-thumbnail","category-entresemana","category-moises-sanchez-limon","category-opinion","tag-opinion"],"_links":{"self":[{"href":"https:\/\/redsemlac.com\/semmexico\/wp-json\/wp\/v2\/posts\/72257","targetHints":{"allow":["GET"]}}],"collection":[{"href":"https:\/\/redsemlac.com\/semmexico\/wp-json\/wp\/v2\/posts"}],"about":[{"href":"https:\/\/redsemlac.com\/semmexico\/wp-json\/wp\/v2\/types\/post"}],"author":[{"embeddable":true,"href":"https:\/\/redsemlac.com\/semmexico\/wp-json\/wp\/v2\/users\/3"}],"replies":[{"embeddable":true,"href":"https:\/\/redsemlac.com\/semmexico\/wp-json\/wp\/v2\/comments?post=72257"}],"version-history":[{"count":0,"href":"https:\/\/redsemlac.com\/semmexico\/wp-json\/wp\/v2\/posts\/72257\/revisions"}],"wp:featuredmedia":[{"embeddable":true,"href":"https:\/\/redsemlac.com\/semmexico\/wp-json\/wp\/v2\/media\/15805"}],"wp:attachment":[{"href":"https:\/\/redsemlac.com\/semmexico\/wp-json\/wp\/v2\/media?parent=72257"}],"wp:term":[{"taxonomy":"category","embeddable":true,"href":"https:\/\/redsemlac.com\/semmexico\/wp-json\/wp\/v2\/categories?post=72257"},{"taxonomy":"post_tag","embeddable":true,"href":"https:\/\/redsemlac.com\/semmexico\/wp-json\/wp\/v2\/tags?post=72257"}],"curies":[{"name":"wp","href":"https:\/\/api.w.org\/{rel}","templated":true}]}}