{"id":72247,"date":"2023-10-06T12:27:04","date_gmt":"2023-10-06T18:27:04","guid":{"rendered":"https:\/\/redsemlac.com\/semmexico\/?p=72247"},"modified":"2023-10-06T12:27:06","modified_gmt":"2023-10-06T18:27:06","slug":"las-mujeres-y-las-ninas-siguen-siendo-asesinadas-solo-por-el-hecho-de-ser-mujeres-y-ninas","status":"publish","type":"post","link":"https:\/\/redsemlac.com\/semmexico\/las-mujeres-y-las-ninas-siguen-siendo-asesinadas-solo-por-el-hecho-de-ser-mujeres-y-ninas\/","title":{"rendered":"Las mujeres y las ni\u00f1as siguen siendo asesinadas solo por el hecho de ser mujeres y ni\u00f1as"},"content":{"rendered":"\n<ul class=\"wp-block-list\">\n<li><strong>Retroceden avances durante d\u00e9cadas para detener la violencia contra las mujeres<\/strong><strong><\/strong><\/li>\n\n\n\n<li><strong>La lucha contra la discriminaci\u00f3n retrocede: una relatora de la ONU<\/strong><strong><\/strong><\/li>\n\n\n\n<li><strong>Toca defender el objetivo, el esp\u00edritu y el significado de las obligaciones fundamentales en materia de derechos humanos.<\/strong><strong><\/strong><\/li>\n<\/ul>\n\n\n\n<p class=\"wp-block-paragraph\"><strong>Redacci\u00f3n <\/strong><strong><\/strong><\/p>\n\n\n\n<p class=\"wp-block-paragraph\">SemM\u00e9xico\/ONU Noticias, Ciudad de M\u00e9xico, 6 de octubre, 2023.- La violencia contra las mujeres y ni\u00f1as es una de las violaciones de derechos humanos m\u00e1s extendidas, persistentes y devastadoras de nuestro tiempo, afirm\u00f3 esta semana &nbsp;una experta en derechos humanos de la ONU.<\/p>\n\n\n\n<p class=\"wp-block-paragraph\">\u00abLas mujeres y las ni\u00f1as siguen siendo asesinadas por raz\u00f3n de su sexo y g\u00e9nero, siendo m\u00e1s vulnerables al feminicidio cuando el hecho de ser mujeres y ni\u00f1as se cruza con otros motivos o identidades\u00bb, afirm\u00f3 Reem Alsalem, relatora especial de la ONU sobre sobre la violencia contra la mujer, cuyo cometido incluye examinar las causas y consecuencias de los ataques.<\/p>\n\n\n\n<p class=\"wp-block-paragraph\">Alsalem afirm\u00f3 que las mujeres \u00absiguen sin poder organizarse libremente, creer y hablar, y sufren las consecuencias\u00bb, dijo en unas declaraciones que siguieron a la presentaci\u00f3n de su informe ante la Tercera Comisi\u00f3n de la&nbsp;Asamblea General&nbsp;de la ONU en Nueva York.&nbsp;<\/p>\n\n\n\n<p class=\"wp-block-paragraph\">\u00abEn algunos pa\u00edses, hemos sido&nbsp;testigos de preocupantes regresiones&nbsp;en su capacidad para acceder a la educaci\u00f3n, moverse libremente y acceder a la salud sexual y reproductiva\u201d, explic\u00f3.&nbsp;<\/p>\n\n\n\n<p class=\"wp-block-paragraph\">\u00abEstos retrocesos se producen mientras el mundo atraviesa m\u00faltiples crisis provocadas por guerras, el cambio clim\u00e1tico, la pobreza y pandemias que tienen un claro impacto de g\u00e9nero y afectan de manera desigual a mujeres y ni\u00f1as\u00bb, a\u00f1adi\u00f3 Alsalem.&nbsp;<\/p>\n\n\n\n<p class=\"wp-block-paragraph\">En todo el mundo, casi la mitad de las mujeres casadas carecen actualmente de poder de decisi\u00f3n sobre su salud y sus derechos sexuales y reproductivos.<\/p>\n\n\n\n<h2 class=\"wp-block-heading\"><strong>Violencia contra las mujeres<\/strong><\/h2>\n\n\n\n<p class=\"wp-block-paragraph\">Nos encontramos en el ecuador de la carrera para cumplir la Agenda 2030 de Desarrollo Sostenible, y \u00abnos hemos dado cuenta dolorosamente de que no estamos ni cerca de alcanzar el Objetivo de Desarrollo Sostenible n\u00famero 5\u201d sobre igualdad de g\u00e9nero y empoderamiento, dijo la experta.<\/p>\n\n\n\n<p class=\"wp-block-paragraph\">Seg\u00fan la Organizaci\u00f3n Mundial de la Salud, alrededor de&nbsp;736 millones de personas son v\u00edctimas de violencia f\u00edsica o sexual&nbsp;por parte de su pareja, o de violencia sexual por parte de una persona que no es su pareja, una cifra que ha permanecido pr\u00e1cticamente invariable en la \u00faltima d\u00e9cada.<\/p>\n\n\n\n<p class=\"wp-block-paragraph\">La violencia infligida por la pareja es la forma m\u00e1s com\u00fan, con unos 641 millones de mujeres afectadas en todo el mundo.<\/p>\n\n\n\n<p class=\"wp-block-paragraph\">Seg\u00fan la organizaci\u00f3n,&nbsp;las m\u00e1s j\u00f3venes siguen estando especialmente expuestas&nbsp;a este tipo de violencia, ya que una de cada cuatro mujeres de entre 15 y 24 a\u00f1os sufre violencia a manos de su pareja cuando alcanza la veintena.<\/p>\n\n\n\n<h2 class=\"wp-block-heading\"><strong>Discriminaci\u00f3n de g\u00e9nero<\/strong><\/h2>\n\n\n\n<p class=\"wp-block-paragraph\">\u00abLa igualdad de g\u00e9nero no puede lograrse sin garantizar que las mujeres y las ni\u00f1as puedan disfrutar de sus derechos humanos fundamentales y participar en la sociedad en igualdad de condiciones y sin discriminaci\u00f3n\u00bb, se\u00f1al\u00f3 Alsalem.<\/p>\n\n\n\n<p class=\"wp-block-paragraph\">En la actualidad, 50 pa\u00edses siguen teniendo leyes de nacionalidad que contienen disposiciones discriminatorias por raz\u00f3n de g\u00e9nero, y en 24 de esos pa\u00edses se niega a las mujeres el derecho a conferir la nacionalidad a sus hijos en igualdad de condiciones con los hombres.<\/p>\n\n\n<div class=\"wp-block-image\">\n<figure class=\"aligncenter size-full\"><a href=\"https:\/\/redsemlac.com\/semmexico\/wp-content\/uploads\/2023\/10\/violencia-2.jpg\"><img loading=\"lazy\" decoding=\"async\" width=\"605\" height=\"274\" src=\"https:\/\/redsemlac.com\/semmexico\/wp-content\/uploads\/2023\/10\/violencia-2.jpg\" alt=\"\" class=\"wp-image-72249\"\/><\/a><figcaption class=\"wp-element-caption\">ONU\/Daniel Dickinson Claudine fue agredida sexualmente cuando ten\u00eda 16 a\u00f1os.<\/figcaption><\/figure>\n<\/div>\n\n\n<p class=\"wp-block-paragraph\">La experta independiente a\u00f1adi\u00f3 que la discriminaci\u00f3n por raz\u00f3n de sexo y g\u00e9nero en las leyes de nacionalidad es una de las principales causas de la apatridia.&nbsp;<\/p>\n\n\n\n<p class=\"wp-block-paragraph\">\u00abNo nos equivoquemos: La apatridia y las leyes de nacionalidad discriminatorias por raz\u00f3n de sexo equivalen a violencia contra la mujer, ya que&nbsp;constituyen formas graves de discriminaci\u00f3n&nbsp;contra las mujeres y las ni\u00f1as, tal como se definen en la Declaraci\u00f3n sobre la eliminaci\u00f3n de la violencia contra la mujer.\u00bb<\/p>\n\n\n\n<p class=\"wp-block-paragraph\">Tales situaciones \u00abdan lugar a un c\u00edrculo vicioso de incumplimientos y violaciones de los derechos humanos, exacerbando directa e indirectamente la violencia psicol\u00f3gica, sexual y f\u00edsica\u00bb, concluy\u00f3 Alsalem.&nbsp;<\/p>\n\n\n\n<p class=\"wp-block-paragraph\">La relatora pidi\u00f3 a los Estados que \u00abdefiendan el objetivo, el esp\u00edritu y el significado de las <\/p>\n\n\n\n<figure class=\"wp-block-image size-large is-resized\"><a href=\"https:\/\/redsemlac.com\/semmexico\/wp-content\/uploads\/2023\/10\/Imagen3-1.png\"><img loading=\"lazy\" decoding=\"async\" src=\"https:\/\/redsemlac.com\/semmexico\/wp-content\/uploads\/2023\/10\/Imagen3-1-1024x466.png\" alt=\"\" class=\"wp-image-72248\" style=\"width:659px;height:300px\" width=\"659\" height=\"300\"\/><\/a><\/figure>\n","protected":false},"excerpt":{"rendered":"<p>Retroceden avances durante d\u00e9cadas para detener la violencia contra las mujeres<\/p>\n","protected":false},"author":3,"featured_media":72250,"comment_status":"open","ping_status":"open","sticky":false,"template":"","format":"standard","meta":{"_monsterinsights_skip_tracking":false,"footnotes":""},"categories":[48],"tags":[142],"class_list":["post-72247","post","type-post","status-publish","format-standard","has-post-thumbnail","category-no-mas-impunidad-no-mas-impunidad","tag-violencia"],"_links":{"self":[{"href":"https:\/\/redsemlac.com\/semmexico\/wp-json\/wp\/v2\/posts\/72247","targetHints":{"allow":["GET"]}}],"collection":[{"href":"https:\/\/redsemlac.com\/semmexico\/wp-json\/wp\/v2\/posts"}],"about":[{"href":"https:\/\/redsemlac.com\/semmexico\/wp-json\/wp\/v2\/types\/post"}],"author":[{"embeddable":true,"href":"https:\/\/redsemlac.com\/semmexico\/wp-json\/wp\/v2\/users\/3"}],"replies":[{"embeddable":true,"href":"https:\/\/redsemlac.com\/semmexico\/wp-json\/wp\/v2\/comments?post=72247"}],"version-history":[{"count":0,"href":"https:\/\/redsemlac.com\/semmexico\/wp-json\/wp\/v2\/posts\/72247\/revisions"}],"wp:featuredmedia":[{"embeddable":true,"href":"https:\/\/redsemlac.com\/semmexico\/wp-json\/wp\/v2\/media\/72250"}],"wp:attachment":[{"href":"https:\/\/redsemlac.com\/semmexico\/wp-json\/wp\/v2\/media?parent=72247"}],"wp:term":[{"taxonomy":"category","embeddable":true,"href":"https:\/\/redsemlac.com\/semmexico\/wp-json\/wp\/v2\/categories?post=72247"},{"taxonomy":"post_tag","embeddable":true,"href":"https:\/\/redsemlac.com\/semmexico\/wp-json\/wp\/v2\/tags?post=72247"}],"curies":[{"name":"wp","href":"https:\/\/api.w.org\/{rel}","templated":true}]}}