{"id":72243,"date":"2023-10-06T12:18:23","date_gmt":"2023-10-06T18:18:23","guid":{"rendered":"https:\/\/redsemlac.com\/semmexico\/?p=72243"},"modified":"2023-10-06T12:23:32","modified_gmt":"2023-10-06T18:23:32","slug":"impulsan-definicion-sobre-violencia-contra-las-mujeres-en-el-espacio-publico","status":"publish","type":"post","link":"https:\/\/redsemlac.com\/semmexico\/impulsan-definicion-sobre-violencia-contra-las-mujeres-en-el-espacio-publico\/","title":{"rendered":"Impulsan definici\u00f3n sobre violencia contra las mujeres en el espacio p\u00fablico"},"content":{"rendered":"\n<ul class=\"wp-block-list\">\n<li><strong>Aprueba Comisi\u00f3n del Senado iniciativa legislativa, independiente de leyes existentes<\/strong><\/li>\n\n\n\n<li><strong>Cambios a la Ley de la Administraci\u00f3n P\u00fablica<\/strong><\/li>\n<\/ul>\n\n\n\n<p class=\"wp-block-paragraph\"><strong>Libertad L\u00f3pez<\/strong><\/p>\n\n\n\n<p class=\"wp-block-paragraph\">SemM\u00e9xico, Ciudad de M\u00e9xico,&nbsp; 6 de octubre, 2023.- La Comisi\u00f3n de Estudios Legislativos, Primera del Senado aprob\u00f3 un proyecto enfocado a garantizar la seguridad e integridad de las mujeres en espacios p\u00fablicos, abonando a la integraci\u00f3n de pol\u00edticas p\u00fablicas contra la violencia de g\u00e9nero.<\/p>\n\n\n\n<p class=\"wp-block-paragraph\">El proyecto incluye armonizaci\u00f3n de legislaciones en materia de Administraci\u00f3n P\u00fablica Federal, Registro P\u00fablico Vehicular, Acceso de las Mujeres a una Vida Libre de Violencia, as\u00ed como en materia de Movilidad y Seguridad Vial.<\/p>\n\n\n\n<p class=\"wp-block-paragraph\">El dictamen se\u00f1ala&nbsp; una definici\u00f3n sobre &nbsp;la violencia en el espacio p\u00fablico como actos individuales o colectivos, los cuales afectan a la integridad, dignidad y libertad de mujeres en v\u00edas p\u00fablicas.<\/p>\n\n\n\n<p class=\"wp-block-paragraph\">Adem\u00e1s, se establece la responsabilidad de las autoridades de los tres niveles de gobierno en la erradicaci\u00f3n de esta violencia, a trav\u00e9s de la implementaci\u00f3n de medidas preventivas y programas de capacitaci\u00f3n en perspectiva de g\u00e9nero.<\/p>\n\n\n\n<figure class=\"wp-block-image size-large\"><a href=\"https:\/\/redsemlac.com\/semmexico\/wp-content\/uploads\/2023\/10\/Imagen7-1.jpg\"><img decoding=\"async\" src=\"https:\/\/redsemlac.com\/semmexico\/wp-content\/uploads\/2023\/10\/Imagen7-1-1024x683.jpg\" alt=\"\" class=\"wp-image-72244\"\/><\/a><\/figure>\n\n\n\n<p class=\"wp-block-paragraph\">El proyecto tambi\u00e9n propone enmiendas a la Ley Org\u00e1nica de la Administraci\u00f3n P\u00fablica Federal, destinadas a garantizar la actualizaci\u00f3n del Registro P\u00fablico Vehicular y su integraci\u00f3n en el Sistema Nacional de Movilidad y Seguridad Vial (SNMySV). Asimismo, otorga atribuciones a la Secretar\u00eda de Medio Ambiente y Recursos Naturales (Semarnat) para reducir los efectos negativos de la movilidad y la contaminaci\u00f3n ambiental.<\/p>\n\n\n\n<p class=\"wp-block-paragraph\">Finalmente, se encomienda a la Secretar\u00eda de Infraestructura, Comunicaciones y Transportes (SICT) a tarea de evitar la sobre regulaci\u00f3n de los servicios de autotransporte, promover la atenci\u00f3n m\u00e9dica prehospitalaria y llevar a cabo campa\u00f1as de prevenci\u00f3n de accidentes de tr\u00e1nsito.<\/p>\n\n\n\n<p class=\"wp-block-paragraph\">La presidenta de la Comisi\u00f3n de Estudios Legislativos, Primera, la senadora Mayuli Latifa Mart\u00ednez Sim\u00f3n, reconoci\u00f3 los avances en la materia y recalc\u00f3 que la importancia de que las mujeres se desarrollen en espacios libres de violencia en las diferentes etapas de su vida. Esta propuesta ser\u00e1 ratificada en el pleno del Senado de la Rep\u00fablica, donde se presentar\u00e1 para la discusi\u00f3n pertinente.<\/p>\n","protected":false},"excerpt":{"rendered":"<p>Aprueba Comisi\u00f3n del Senado iniciativa legislativa, independiente de leyes existentes<\/p>\n","protected":false},"author":3,"featured_media":72245,"comment_status":"open","ping_status":"open","sticky":false,"template":"","format":"standard","meta":{"_monsterinsights_skip_tracking":false,"footnotes":""},"categories":[50],"tags":[],"class_list":["post-72243","post","type-post","status-publish","format-standard","has-post-thumbnail","category-congreso"],"_links":{"self":[{"href":"https:\/\/redsemlac.com\/semmexico\/wp-json\/wp\/v2\/posts\/72243","targetHints":{"allow":["GET"]}}],"collection":[{"href":"https:\/\/redsemlac.com\/semmexico\/wp-json\/wp\/v2\/posts"}],"about":[{"href":"https:\/\/redsemlac.com\/semmexico\/wp-json\/wp\/v2\/types\/post"}],"author":[{"embeddable":true,"href":"https:\/\/redsemlac.com\/semmexico\/wp-json\/wp\/v2\/users\/3"}],"replies":[{"embeddable":true,"href":"https:\/\/redsemlac.com\/semmexico\/wp-json\/wp\/v2\/comments?post=72243"}],"version-history":[{"count":0,"href":"https:\/\/redsemlac.com\/semmexico\/wp-json\/wp\/v2\/posts\/72243\/revisions"}],"wp:featuredmedia":[{"embeddable":true,"href":"https:\/\/redsemlac.com\/semmexico\/wp-json\/wp\/v2\/media\/72245"}],"wp:attachment":[{"href":"https:\/\/redsemlac.com\/semmexico\/wp-json\/wp\/v2\/media?parent=72243"}],"wp:term":[{"taxonomy":"category","embeddable":true,"href":"https:\/\/redsemlac.com\/semmexico\/wp-json\/wp\/v2\/categories?post=72243"},{"taxonomy":"post_tag","embeddable":true,"href":"https:\/\/redsemlac.com\/semmexico\/wp-json\/wp\/v2\/tags?post=72243"}],"curies":[{"name":"wp","href":"https:\/\/api.w.org\/{rel}","templated":true}]}}