{"id":72240,"date":"2023-10-06T12:12:30","date_gmt":"2023-10-06T18:12:30","guid":{"rendered":"https:\/\/redsemlac.com\/semmexico\/?p=72240"},"modified":"2023-10-06T12:12:32","modified_gmt":"2023-10-06T18:12:32","slug":"reuniones-para-atender-ninas-y-ninos-con-cancer-espacio-abierto-para-madres-y-padres-de-todo-el-pais","status":"publish","type":"post","link":"https:\/\/redsemlac.com\/semmexico\/reuniones-para-atender-ninas-y-ninos-con-cancer-espacio-abierto-para-madres-y-padres-de-todo-el-pais\/","title":{"rendered":"Reuniones para atender ni\u00f1as y ni\u00f1os con c\u00e1ncer, espacio abierto para madres y padres de todo el pa\u00eds"},"content":{"rendered":"\n<ul class=\"wp-block-list\">\n<li><strong>Comunicaci\u00f3n permanente entre autoridades de salud y colectivo ha permitido el seguimiento de 4 mil tratamientos oncol\u00f3gicos<\/strong><\/li>\n<\/ul>\n\n\n\n<ul class=\"wp-block-list\">\n<li><strong>Se llev\u00f3 a cabo el encuentro n\u00famero 113 con madres y padres de pacientes pedi\u00e1tricos que viven con c\u00e1ncer<\/strong><strong><\/strong><\/li>\n<\/ul>\n\n\n\n<p class=\"wp-block-paragraph\"><strong>Redacci\u00f3n<\/strong><\/p>\n\n\n\n<p class=\"wp-block-paragraph\">SemM\u00e9xico, Ciudad de M\u00e9xico, 6 de octubre 2023.- &nbsp;Autoridades de la Secretar\u00eda de Salud y el colectivo de madres y padres de ni\u00f1as y ni\u00f1os con c\u00e1ncer invitaron a toda persona de cualquier parte del pa\u00eds con necesidades relacionadas al tratamiento de su paciente pedi\u00e1trico, acercarse y exponerla para dar soluci\u00f3n.<\/p>\n\n\n\n<p class=\"wp-block-paragraph\">En la reuni\u00f3n n\u00famero 113 entre ambas instancias, el l\u00edder del colectivo de madres y padres de ni\u00f1as y ni\u00f1os con c\u00e1ncer, Omar Enrique Hern\u00e1ndez Ibarra, explic\u00f3 que algunas personas han manifestado inconformidad con el abasto de medicamentos; sin embargo, cuando les ha solicitado el dato preciso para apoyarles en la gesti\u00f3n, comentan que alguien les dijo, quedando solo en rumores.<\/p>\n\n\n\n<p class=\"wp-block-paragraph\">Hern\u00e1ndez Ibarra explic\u00f3 que se ha invitado a las reuniones a padres y madres del pa\u00eds; \u201cesta reuni\u00f3n es para todos los padres de ni\u00f1os oncol\u00f3gicos, no solamente es para el colectivo de Omar, no, pero puedo decirles que estamos m\u00e1s organizados y en los hospitales donde tenemos presencia no hay desabasto como lo hacen parecer esas personas\u201d.<\/p>\n\n\n\n<p class=\"wp-block-paragraph\">Mencion\u00f3 que en experiencia de quienes participan en estas reuniones con autoridades, se cuenta con abasto de medicamentos en los estados de Guerrero y Veracruz; en el Hospital Regional de Alta Especialidad de Ixtapaluca, en el Estado de M\u00e9xico; en la Ciudad de M\u00e9xico en el Hospital Infantil de M\u00e9xico \u201cFederico G\u00f3mez\u201d y en el Instituto Nacional de Pediatr\u00eda (INP), entre otros.<\/p>\n\n\n\n<p class=\"wp-block-paragraph\">\u201cRealmente decimos las cosas de abasto porque tenemos las pruebas de que hoy en d\u00eda se llevan a cabo bien las cosas.\u201d<\/p>\n\n\n\n<p class=\"wp-block-paragraph\">Como ejemplo de la coordinaci\u00f3n entre autoridades y el colectivo, el vocero mencion\u00f3 el caso del Hospital Pedi\u00e1trico \u201cMoctezuma\u201d, donde se report\u00f3 la falta de un medicamento y de inmediato se solucion\u00f3.<\/p>\n\n\n\n<p class=\"wp-block-paragraph\">Record\u00f3 que hay estados que no est\u00e1n adheridos al IMSS-Bienestar; aun as\u00ed, las autoridades brindan apoyo a madres y padres de ni\u00f1as y ni\u00f1os con c\u00e1ncer.<\/p>\n\n\n\n<p class=\"wp-block-paragraph\">Invit\u00f3 a quienes est\u00e1n inconformes a dejar atr\u00e1s rumores y mostrar las recetas con los medicamentos oncol\u00f3gicos faltantes para presentarlas a las autoridades respectivas y solicitar que se resuelva positivamente el abasto.<\/p>\n\n\n\n<p class=\"wp-block-paragraph\">El l\u00edder del colectivo inform\u00f3 que se han proporcionado en tiempo y forma m\u00e1s de cuatro mil tratamientos m\u00e9dicos para pacientes oncol\u00f3gicos y con otras enfermedades, como resultado de la comunicaci\u00f3n permanente con autoridades de salud.<\/p>\n\n\n\n<p class=\"wp-block-paragraph\">Como siguiente punto, se le dio la palabra a la se\u00f1ora Alejandra Reyes, representante del Hospital Regional de Alta Especialidad de Ixtapaluca, quien report\u00f3 que todo marcha bien con el tratamiento de su hijo y confirm\u00f3 que en ese hospital no hace falta ning\u00fan medicamento.<\/p>\n\n\n\n<p class=\"wp-block-paragraph\">La jefa de Departamento en la Secretar\u00eda de Salud, Citlalli Calzado C\u00e1rdenas dijo que contin\u00faa el seguimiento al caso del hijo de la se\u00f1ora Alejandra para apoyar en lo que sea necesario.<\/p>\n\n\n\n<p class=\"wp-block-paragraph\">Invit\u00f3 a mam\u00e1s y pap\u00e1s independientes o con representaci\u00f3n de otros colectivos, a acercarse a las autoridades para conocer sus inquietudes sobre medicamentos oncol\u00f3gicos, \u201cescucharlos y juntos encontrar la soluci\u00f3n\u201d.<\/p>\n\n\n\n<p class=\"wp-block-paragraph\">El director general de Planeaci\u00f3n y Desarrollo en Salud, Enrique P\u00e9rez Olgu\u00edn, dijo que la mesa semanal con padres y madres de ni\u00f1as y ni\u00f1os con c\u00e1ncer es de di\u00e1logo, sin restricciones y se pueden sumar familiares de pacientes con esta enfermedad.<\/p>\n\n\n\n<p class=\"wp-block-paragraph\">Durante la reuni\u00f3n particip\u00f3 personal adscrito a la Coordinaci\u00f3n de Distribuci\u00f3n y Operaci\u00f3n de la Secretar\u00eda de Salud; la representaci\u00f3n de la Secretar\u00eda de Gobernaci\u00f3n (Segob) en la Ciudad de M\u00e9xico; representantes del Hospital de Alta Especialidad de Veracruz (HAEV) y del Centro Estatal de Cancerolog\u00eda de Veracruz (CECan). La pr\u00f3xima reuni\u00f3n est\u00e1 programada para el 11 de octubre.<\/p>\n","protected":false},"excerpt":{"rendered":"<p>Comunicaci\u00f3n permanente entre autoridades de salud y colectivo ha permitido el seguimiento de 4 mil tratamientos oncol\u00f3gicos<\/p>\n","protected":false},"author":3,"featured_media":72241,"comment_status":"open","ping_status":"open","sticky":false,"template":"","format":"standard","meta":{"_monsterinsights_skip_tracking":false,"footnotes":""},"categories":[27],"tags":[736],"class_list":["post-72240","post","type-post","status-publish","format-standard","has-post-thumbnail","category-cobertura-especial","tag-mesrosa"],"_links":{"self":[{"href":"https:\/\/redsemlac.com\/semmexico\/wp-json\/wp\/v2\/posts\/72240","targetHints":{"allow":["GET"]}}],"collection":[{"href":"https:\/\/redsemlac.com\/semmexico\/wp-json\/wp\/v2\/posts"}],"about":[{"href":"https:\/\/redsemlac.com\/semmexico\/wp-json\/wp\/v2\/types\/post"}],"author":[{"embeddable":true,"href":"https:\/\/redsemlac.com\/semmexico\/wp-json\/wp\/v2\/users\/3"}],"replies":[{"embeddable":true,"href":"https:\/\/redsemlac.com\/semmexico\/wp-json\/wp\/v2\/comments?post=72240"}],"version-history":[{"count":0,"href":"https:\/\/redsemlac.com\/semmexico\/wp-json\/wp\/v2\/posts\/72240\/revisions"}],"wp:featuredmedia":[{"embeddable":true,"href":"https:\/\/redsemlac.com\/semmexico\/wp-json\/wp\/v2\/media\/72241"}],"wp:attachment":[{"href":"https:\/\/redsemlac.com\/semmexico\/wp-json\/wp\/v2\/media?parent=72240"}],"wp:term":[{"taxonomy":"category","embeddable":true,"href":"https:\/\/redsemlac.com\/semmexico\/wp-json\/wp\/v2\/categories?post=72240"},{"taxonomy":"post_tag","embeddable":true,"href":"https:\/\/redsemlac.com\/semmexico\/wp-json\/wp\/v2\/tags?post=72240"}],"curies":[{"name":"wp","href":"https:\/\/api.w.org\/{rel}","templated":true}]}}