{"id":72221,"date":"2023-10-05T19:18:15","date_gmt":"2023-10-06T01:18:15","guid":{"rendered":"https:\/\/redsemlac.com\/semmexico\/?p=72221"},"modified":"2023-10-05T19:18:18","modified_gmt":"2023-10-06T01:18:18","slug":"ninguna-familia-debe-usar-el-trabajo-infantil-para-poner-el-pan-en-la-mesa-mary-carol-ellison","status":"publish","type":"post","link":"https:\/\/redsemlac.com\/semmexico\/ninguna-familia-debe-usar-el-trabajo-infantil-para-poner-el-pan-en-la-mesa-mary-carol-ellison\/","title":{"rendered":"Ninguna familia debe usar el trabajo infantil para poner el pan en la mesa: Mary Carol Ellison"},"content":{"rendered":"\n<p class=\"wp-block-paragraph\">S\u00f3lo M\u00e9xico y Honduras han enfrenado el reto de levantar la encuesta de trabajo infantil: OIT<\/p>\n\n\n\n<p class=\"wp-block-paragraph\">Aumento el trabajo infantil para las ni\u00f1as en quehaceres dom\u00e9sticos<\/p>\n\n\n\n<p class=\"wp-block-paragraph\">Elda Montiel<\/p>\n\n\n\n<p class=\"wp-block-paragraph\">SemM\u00e9xico. Ciudad de M\u00e9xico. 5 de octubre 2023.- El trabajo infantil en M\u00e9xico se increment\u00f3 para las ni\u00f1as, en un periodo de 3 a\u00f1os, al pasar de 1.4 millones a 1.5 millones con mayor participaci\u00f3n en quehaceres dom\u00e9sticos en condiciones no adecuadas. Mientras los ni\u00f1os se mantuvieron en 2.2 millones en el mismo periodo.<\/p>\n\n\n\n<p class=\"wp-block-paragraph\">En 2022 de una poblaci\u00f3n de 28.4 millones de ni\u00f1as, ni\u00f1os y adolescentes, 3.7 millones de personas de 5 a 17 a\u00f1os realizaron trabajo infantil; 1.5 millones fueron ni\u00f1as, de ellas un mill\u00f3n realiz\u00f3 quehaceres dom\u00e9sticos en sus hogares en condiciones no adecuadas. &nbsp;&nbsp;<\/p>\n\n\n\n<p class=\"wp-block-paragraph\">Al darse a conocer los resultados de la Encuesta Nacional de Trabajo Infantil 2022, (ENIT) en su segunda edici\u00f3n, la primera fue en 2019, fueron m\u00e1s las interrogantes que se suscitaron respecto al posible fracaso de pol\u00edticas p\u00fablicas como las becas a los j\u00f3venes&nbsp; y si los datos en el caso de las ni\u00f1as podr\u00edan relacionarse con necesidades econ\u00f3micas, matrimonios forzados y embarazos adolescentes.&nbsp;&nbsp; &nbsp;<\/p>\n\n\n\n<p class=\"wp-block-paragraph\">Lo que quedo claro fue la participaci\u00f3n de la Organizaci\u00f3n Internacional del Trabajo (OIT) y la embajada de Estados Unidos en la colaboraci\u00f3n para enfrentar el&nbsp; problema del trabajo infantil en un momento cr\u00edtico despu\u00e9s de la pandemia.<\/p>\n\n\n\n<p class=\"wp-block-paragraph\"><strong>En el mundo 160 millones de ni\u00f1as, ni\u00f1os y adolescente realizan trabajo infantil<\/strong><\/p>\n\n\n\n<p class=\"wp-block-paragraph\">Mary Carol Ellison, agregada laboral de la Embajada de Estados Unidos en M\u00e9xico destac\u00f3 la colaboraci\u00f3n con el gobierno mexicano, pues en el mundo hay 160 millones de ni\u00f1as, ni\u00f1os y adolescente en trabajo infantil. Se\u00f1alo que se comparte con el gobierno de M\u00e9xico el reto de erradicar el trabajo infantil en Am\u00e9rica Latina &nbsp;y expres\u00f3 que su deseo es que \u201c ninguna familia debe usar el trabajo infantil para poner el pan en la mesa\u201d.<\/p>\n\n\n\n<p class=\"wp-block-paragraph\">Ser\u00e1 de vital importancia para el futuro que el gobierno de M\u00e9xico adopte medidas correspondientes para garantizar que la ENTI sea un instrumento que se implemente de forma continua para vigilar, prevenir y combatir ese problema.<\/p>\n\n\n\n<p class=\"wp-block-paragraph\">Pedro Am\u00e9rico Furtado de Oliveira, director de la oficina de la OIT para M\u00e9xico y Cuba refiri\u00f3 que \u201cddebemos estar conscientes de que tolerar el trabajo infantil no termina con la pobreza, por el contrario, aumenta las probabilidades de que las y los ni\u00f1os que se encuentran en esta situaci\u00f3n no consiguen ingresos decentes y un empleo estable y seguro cuando sean adultos\u201d.<\/p>\n\n\n\n<p class=\"wp-block-paragraph\">Reconoci\u00f3 que se sabe que hay trabajo infantil oculto, invisible e il\u00edcito, que es muy complicado poder levantar, pero aun as\u00ed se tiene esa capacidad para a partir de aqu\u00ed avanzar y encontrar ese n\u00facleo duro del trabajo infantil que no se ve.<\/p>\n\n\n\n<p class=\"wp-block-paragraph\">Se\u00f1alo que despu\u00e9s de la pandemia s\u00f3lo Honduras y M\u00e9xico han realizado las encuetas de trabajo infantil, que son los dos \u00fanicos pa\u00edses en el mundo que han conseguido enfrentar los desaf\u00edos de levantar informaci\u00f3n.<\/p>\n\n\n\n<p class=\"wp-block-paragraph\">Los resultados deben ser tambi\u00e9n interpretados considerando las circunstancias excepcionales y las posibles repercusiones socioecon\u00f3micas generadas por la pandemia, las cuales podr\u00edan haber influido en las din\u00e1micas de trabajo infantil, en este pa\u00eds. Quiero se\u00f1alar que uno de los principales retos que tenemos ahora, es buscar la sostenibilidad de este ejercicio.<\/p>\n\n\n\n<p class=\"wp-block-paragraph\">Precis\u00f3 que el proyecto \u201cAccionar\u201d est\u00e1 asociado a la ENIT 2022, para incrementar el uso de datos para el desarrollo de leyes, pol\u00edticas p\u00fablicas y programas para prevenir y combatir el trabajo infantil. Hoy, gracias a INEGI, las bases de datos de la Encuesta sobre Trabajo Infantil est\u00e1n accesibles al p\u00fablico.<\/p>\n\n\n\n<p class=\"wp-block-paragraph\">Preciso que el objetivo es poder tener una comprensi\u00f3n m\u00e1s profunda de las causas fundamentales de trabajo infantil en distintos contextos y contribuir al debate pol\u00edtico sobre los mecanismos espec\u00edficos para combatirlo.<\/p>\n\n\n\n<p class=\"wp-block-paragraph\">Tambi\u00e9n inform\u00f3 que el pr\u00f3ximo 25 de octubre en M\u00e9rida, Yucat\u00e1n, se realizar\u00e1 en conjunto con la Secretaria del Trabajo y Previsi\u00f3n Social, la Sesi\u00f3n Conjunta de la Conferencia Nacional de Secretarios de Trabajo, CONASETRA, y la Reuni\u00f3n Anual de la Red Nacional de Comisiones Locales para la Prevenci\u00f3n y Erradicaci\u00f3n del Trabajo Infantil y la Protecci\u00f3n de Adolescentes Trabajadores en la Edad Permitida.<\/p>\n\n\n\n<p class=\"wp-block-paragraph\">Graciela M\u00e1rquez Col\u00edn, presidenta del Instituto Nacional de Estad\u00edstica y Geograf\u00eda (INEGI) destac\u00f3 que la pobreza, conflictos, cambio clim\u00e1tico, enfermedades y un largo etc\u00e9tera, son ejemplos de las vulnerabilidades que marcan el rumbo de las familias. El trabajo infantil se inserta en esta l\u00f3gica, al entretejer condiciones laborales riesgosas e inadecuadas con la vulnerabilidad de este grupo en particular, situaci\u00f3n que obstaculiza su pleno desarrollo y resonar\u00e1 en los a\u00f1os posteriores.<\/p>\n\n\n\n<p class=\"wp-block-paragraph\">El reconocimiento, protecci\u00f3n y promoci\u00f3n de los derechos de las infancias parte de esta premisa y, por eso, vuelve imperativo un esfuerzo global e integral de a su favor.<\/p>\n\n\n\n<p class=\"wp-block-paragraph\">En esta tarea, todos los sectores y actores de la sociedad, tanto la mexicana como la internacional, estamos llamados a actuar, ya sea en organizaciones internacionales, agencias gubernamentales u oficinas nacionales de estad\u00edstica, como el INEGI.<\/p>\n\n\n\n<figure class=\"wp-block-table\"><table><tbody><tr><td><\/td><\/tr><tr><td><\/td><td><img loading=\"lazy\" decoding=\"async\" width=\"311\" height=\"329\" src=\"\"><\/td><\/tr><\/tbody><\/table><\/figure>\n\n\n\n<p class=\"wp-block-paragraph\"><strong>Los ni\u00f1os se ocupan m\u00e1s en actividades no permitidas y las ni\u00f1as en quehaceres dom\u00e9sticos no adecuados<\/strong><\/p>\n\n\n\n<p class=\"wp-block-paragraph\">Las diferencias por sexo se\u00f1alan que de los 1.8 millones de personas de cinco a 17 a\u00f1os que solo realizaron alguna ocupaci\u00f3n no permitida, el 72.2 por ciento eran ni\u00f1os, mientras que 27.8 eran ni\u00f1as.<\/p>\n\n\n\n<p class=\"wp-block-paragraph\">Por otra parte, de los 1.6 millones de personas entre cinco y 17 a\u00f1os que solo realizaron solamente quehaceres dom\u00e9sticos en condiciones no adecuadas, 56.2 fueron ni\u00f1as, frente a un 43.8 que fueron ni\u00f1os.<\/p>\n\n\n\n<p class=\"wp-block-paragraph\">Las principales razones para emplearse en una ocupaci\u00f3n no permitida fueron por gusto o por ayudar, 31.5 por ciento; para pagar la escuela o sus propios gastos con un porcentaje del 22.7 por ciento, o para aprender un oficio, con 15.2 por ciento.<\/p>\n\n\n\n<p class=\"wp-block-paragraph\"><strong>Quehaceres dom\u00e9sticos en condiciones no adecuadas<\/strong><\/p>\n\n\n\n<p class=\"wp-block-paragraph\">En 2022 fueron un mill\u00f3n de ni\u00f1as las que realizaron quehaceres dom\u00e9sticos en sus hogares en condiciones no adecuadas, y 0.9 millones fueron ni\u00f1os.<\/p>\n\n\n\n<p class=\"wp-block-paragraph\">De acuerdo con el nivel de instrucci\u00f3n, la participaci\u00f3n en los quehaceres dom\u00e9sticos en condiciones no adecuadas aumenta a medida que la educaci\u00f3n es m\u00e1s alta.<\/p>\n\n\n\n<p class=\"wp-block-paragraph\">La participaci\u00f3n pas\u00f3 de 1.9 por ciento en sin instrucci\u00f3n escolar hasta 11.4 por ciento con secundaria completa. Disminuy\u00f3 ligeramente en el nivel de alg\u00fan a\u00f1o de bachillerato o equivalente y m\u00e1s (9.9 por ciento). El comportamiento de las ni\u00f1as y los ni\u00f1os es muy parecido al total; sin embargo, las ni\u00f1as reportaron una mayor participaci\u00f3n en los quehaceres dom\u00e9sticos en condiciones no adecuadas al concluir la educaci\u00f3n secundaria (11.9 por ciento) y la educaci\u00f3n primaria (10.4 por ciento).<\/p>\n\n\n\n<p class=\"wp-block-paragraph\">En cuanto a la cantidad de horas a la semana destinadas a los quehaceres dom\u00e9sticos en condiciones no adecuadas, 59.6 por ciento dedic\u00f3 hasta 14 horas, mientras que 20.1 por ciento destin\u00f3 de 14 a 28 horas y 20.1 por ciento, m\u00e1s de 28 horas. El porcentaje de ni\u00f1os que trabaj\u00f3 hasta 14 horas a la semana en quehaceres dom\u00e9sticos en condiciones no adecuadas fue de 74.6 por ciento, superior al de las ni\u00f1as que fue de 45.7 por ciento.<\/p>\n\n\n\n<p class=\"wp-block-paragraph\">Las ni\u00f1as destinaron un mayor n\u00famero de horas a estas actividades en sus propios hogares sin recibir remuneraci\u00f3n. Destaca que las ni\u00f1as que trabajaron m\u00e1s de 28 horas semanales fue de 30.8 contra 8.5 por ciento de los ni\u00f1os.<\/p>\n\n\n\n<p class=\"wp-block-paragraph\">El estado de Guerrero se encuentra con las tasas de trabajo infantil m\u00e1s altas junto con Chiapas y Nayarit. Mientras que las entidades que presentaron las menores tasas fueron Ciudad de M\u00e9xico, Baja California y Coahuila.<\/p>\n\n\n\n<p class=\"wp-block-paragraph\"><strong>Ocupaci\u00f3n no permitida<\/strong><\/p>\n\n\n\n<p class=\"wp-block-paragraph\">En ocupaci\u00f3n no permitida o trabajo infantil en la producci\u00f3n econ\u00f3mica se ocuparon 2.1 millones de los cuales 1.5 millones fueron ni\u00f1os y 0.6 millones eran ni\u00f1as.<\/p>\n\n\n\n<p class=\"wp-block-paragraph\">En ocupaci\u00f3n no permitida en forma exclusiva fueron 1.8 millones lo que representa el 85.1 por ciento, mientras que la poblaci\u00f3n que combino la ocupaci\u00f3n no permitida con los quehaceres dom\u00e9sticos en condiciones no adecuadas fue de 0.3 millones, equivalente a 14.9 por ciento.<\/p>\n\n\n\n<p class=\"wp-block-paragraph\">De las ni\u00f1as y ni\u00f1os que trabajan en ocupaci\u00f3n no permitida 1.3 millones asistieron a la escuela y 0.9 millones no asistieron, mientras que los que no asistieron fue de 20.5 por ciento en las ni\u00f1as y en los ni\u00f1os fue de 55.1 por ciento.&nbsp;<\/p>\n\n\n\n<p class=\"wp-block-paragraph\">En las zona urbanizadas y menos urbanizadas las tasas de ocupaci\u00f3n son menores para las ni\u00f1as y mayor para los ni\u00f1os.<\/p>\n\n\n\n<p class=\"wp-block-paragraph\">De acuerdo al nivel de instrucci\u00f3n quienes concluyen la primaria y la secundaria son m\u00e1s los ni\u00f1os que las ni\u00f1as con 6.9 por ciento y 10.3, respectivamente.&nbsp;<\/p>\n\n\n\n<p class=\"wp-block-paragraph\">La informaci\u00f3n del panorama ocupacional y laboral de la poblaci\u00f3n de 5 a 17 a\u00f1os en ocupaci\u00f3n no permitida indic\u00f3 que, en 2022, 58.1 por ciento fue trabajador subordinado y remunerado; 37.4 por ciento, trabajador no remunerado y 4.3 por ciento, es trabajador por cuenta propia.<\/p>\n\n\n\n<p class=\"wp-block-paragraph\">En los sectores econ\u00f3micos en los que se concentr\u00f3 la poblaci\u00f3n infantil en ocupaci\u00f3n no permitida los ni\u00f1os tuvieron una mayor participaci\u00f3n en actividades agr\u00edcolas, ganaderas, forestales, caza y pesca&nbsp; con 39.2 por ciento, y las ni\u00f1as, en las ocupaciones de comerciantes y empleadas en ventas con 24.7 por ciento.<\/p>\n\n\n\n<p class=\"wp-block-paragraph\">La mayor\u00eda de las ni\u00f1as y los ni\u00f1os recibi\u00f3 hasta un salario m\u00ednimo, con 52.7 y 45.9 por ciento respectivamente. El 37.6 por ciento no recibi\u00f3 ingresos por su trabajo.<\/p>\n\n\n\n<p class=\"wp-block-paragraph\">De las ni\u00f1as y ni\u00f1os que trabajaron m\u00e1s ni\u00f1os que ni\u00f1as aportaron ingreso al hogar, mientras que los que no aportaron fue porque lo ocupaban en sus propios gastos, o aportaban el trabajo en el negocio familiar.<\/p>\n\n\n\n<p class=\"wp-block-paragraph\">Los motivos por los que la poblaci\u00f3n de 5 a 17 a\u00f1os realiz\u00f3 alguna ocupaci\u00f3n no permitida fueron por gusto o ayudar, en las ni\u00f1as fue mayor con 37.1 por ciento con el 29.3 por ciento de los ni\u00f1os. Para pagar escuela u otros gastos, 25.2 porciento las ni\u00f1as y 21.7 por ciento los ni\u00f1os. El hogar necesitaba su trabajo 12.8 por cientos las ni\u00f1as y los ni\u00f1os el 10.8 por ciento.<\/p>\n\n\n\n<p class=\"wp-block-paragraph\">En cambio, por aprender un oficio el m\u00e1s alto fueron los ni\u00f1os con 17.9 por ciento comparado con el 8.3 de las ni\u00f1as. Lo mismo que en pago de deudas, los ni\u00f1os 13.3 por ciento, las ni\u00f1as 9.6 por ciento.<\/p>\n\n\n\n<p class=\"wp-block-paragraph\">De 2019 a 2022, el porcentaje de ni\u00f1as y ni\u00f1os en ocupaci\u00f3n no permitida que trabaj\u00f3 por gusto o solo por ayudar aument\u00f3 de 27.2 a 31.5 por ciento, mientras que los que trabajaron porque el hogar necesitaba de su trabajo disminuy\u00f3 de 15.8 a 11.4 por ciento. El porcentaje de hogares que necesitaba de su aportaci\u00f3n econ\u00f3mica tambi\u00e9n disminuy\u00f3 de 13.3 a 7 por ciento, en tanto que el resto de los motivos reportaron porcentajes similares.<\/p>\n\n\n\n<p class=\"wp-block-paragraph\">Las ni\u00f1as, ni\u00f1os y adolescentes trabajaron en la mayor parte para un familiar en un 60.6 por ciento, y en un 32 por ciento para un empleador que no es familiar.<\/p>\n\n\n\n<p class=\"wp-block-paragraph\">La distribuci\u00f3n porcentual de los empleadores de ni\u00f1as, ni\u00f1os y adolescentes en la ocupaci\u00f3n no permitida mostr\u00f3 que de 2019 a 2022 el porcentaje de empleadores familiares aument\u00f3 de 56.2 a 60.6 por ciento, respectivamente. En contraste, los empleadores no familiares disminuyeron de 38.0 a 34.7 por ciento de 2019 a 2022.<\/p>\n\n\n\n<p class=\"wp-block-paragraph\">En el caso de las ni\u00f1as la principal consecuencia de no trabajar fue que no tendr\u00eda dinero para sus gastos o diversi\u00f3n, con 24.2 por ciento, mientras que en los ni\u00f1os fue que no tendr\u00eda dinero para vestirse o calzarse, con 22.7 por ciento.<\/p>\n\n\n\n<p class=\"wp-block-paragraph\">Cabe mencionar que para 27.3 por ciento de las ni\u00f1as y ni\u00f1os no habr\u00eda consecuencia si dejaran de trabajar; porcentaje que en las ni\u00f1as fue de 34.8 por ciento y en los ni\u00f1os, de 24.3 por ciento<\/p>\n\n\n\n<p class=\"wp-block-paragraph\"><strong>Ocupaci\u00f3n peligrosa<\/strong><\/p>\n\n\n\n<p class=\"wp-block-paragraph\">&nbsp;De los 2.1 millones de ni\u00f1as, ni\u00f1os y adolescentes en ocupaci\u00f3n no permitida, 2 millones (92.5 por ciento) lo hizo en actividades consideradas de car\u00e1cter peligroso, de acuerdo con lo que establece la Ley Federal de Trabajo (LFT). De los cuales 1.5 millones, el 73.7 por ciento fueron ni\u00f1os y 0.5 millones, un 26.3 por ciento, ni\u00f1as.<\/p>\n\n\n\n<p class=\"wp-block-paragraph\">Las dimensiones presentaron algunas diferencias entre ni\u00f1as y ni\u00f1os. Por ejemplo, en sectores de actividad peligrosos laboraron 61.7 por ciento de los ni\u00f1os contra 32.6 por ciento de las ni\u00f1as.<\/p>\n\n\n\n<p class=\"wp-block-paragraph\">En ocupaciones peligrosas el porcentaje de ni\u00f1os fue de 67.7 por ciento frente a 53.1 por ciento de las ni\u00f1as. En actividades que afectan la salud y el desarrollo el porcentaje de ni\u00f1os fue de 60.9 y 48 por ciento de las ni\u00f1as<\/p>\n\n\n\n<p class=\"wp-block-paragraph\">La tasa de ocupaci\u00f3n peligrosa en el periodo de 2017 a 2022 pas\u00f3 de 6.4 a 6.9&nbsp; por ciento; en el caso de los ni\u00f1os, pas\u00f3 de 9.5 a 10.0 por ciento y de las ni\u00f1as de 3.3 a 3.7 5<\/p>\n","protected":false},"excerpt":{"rendered":"<p>En 2022 de una poblaci\u00f3n de 28.4 millones de ni\u00f1as, ni\u00f1os y adolescentes, 3.7 millones de personas de 5 a 17 a\u00f1os realizaron trabajo infantil; 1.5 millones fueron ni\u00f1as<\/p>\n","protected":false},"author":3,"featured_media":72222,"comment_status":"open","ping_status":"open","sticky":false,"template":"","format":"standard","meta":{"_monsterinsights_skip_tracking":false,"footnotes":""},"categories":[694,61],"tags":[],"class_list":["post-72221","post","type-post","status-publish","format-standard","has-post-thumbnail","category-destacadas","category-en-cifras"],"_links":{"self":[{"href":"https:\/\/redsemlac.com\/semmexico\/wp-json\/wp\/v2\/posts\/72221","targetHints":{"allow":["GET"]}}],"collection":[{"href":"https:\/\/redsemlac.com\/semmexico\/wp-json\/wp\/v2\/posts"}],"about":[{"href":"https:\/\/redsemlac.com\/semmexico\/wp-json\/wp\/v2\/types\/post"}],"author":[{"embeddable":true,"href":"https:\/\/redsemlac.com\/semmexico\/wp-json\/wp\/v2\/users\/3"}],"replies":[{"embeddable":true,"href":"https:\/\/redsemlac.com\/semmexico\/wp-json\/wp\/v2\/comments?post=72221"}],"version-history":[{"count":0,"href":"https:\/\/redsemlac.com\/semmexico\/wp-json\/wp\/v2\/posts\/72221\/revisions"}],"wp:featuredmedia":[{"embeddable":true,"href":"https:\/\/redsemlac.com\/semmexico\/wp-json\/wp\/v2\/media\/72222"}],"wp:attachment":[{"href":"https:\/\/redsemlac.com\/semmexico\/wp-json\/wp\/v2\/media?parent=72221"}],"wp:term":[{"taxonomy":"category","embeddable":true,"href":"https:\/\/redsemlac.com\/semmexico\/wp-json\/wp\/v2\/categories?post=72221"},{"taxonomy":"post_tag","embeddable":true,"href":"https:\/\/redsemlac.com\/semmexico\/wp-json\/wp\/v2\/tags?post=72221"}],"curies":[{"name":"wp","href":"https:\/\/api.w.org\/{rel}","templated":true}]}}