{"id":7211,"date":"2019-05-08T15:44:21","date_gmt":"2019-05-08T15:44:21","guid":{"rendered":"https:\/\/redsemlac.com\/semmexico\/?p=7211"},"modified":"2023-07-21T14:48:36","modified_gmt":"2023-07-21T19:48:36","slug":"son-perfiles-falsos-insisten","status":"publish","type":"post","link":"https:\/\/redsemlac.com\/semmexico\/son-perfiles-falsos-insisten\/","title":{"rendered":"Son perfiles falsos, insisten."},"content":{"rendered":"\n<p class=\"wp-block-paragraph\"><a href=\"https:\/\/www.semmexico.com\/gallery-post.php?id=7261#\">Josefina Aguilar Pastor,<\/a><\/p>\n\n\n\n<p class=\"wp-block-paragraph\">SemM\u00e9xico, Chilpancingo, Gro., 18 febrero 2019.- Antonio Gaspar Beltr\u00e1n, presidente municipal de esta ciudad, denunci\u00f3 que, a trav\u00e9s de redes sociales, \u201cenemigos del cambio\u201d, pretenden sembrar psicosis con denuncias falsas de violencia de g\u00e9nero, adem\u00e1s de denostar el trabajo que realiza su administraci\u00f3n.<\/p>\n\n\n\n<p class=\"wp-block-paragraph\">Una vez m\u00e1s, a trav\u00e9s de su p\u00e1gina oficial en Facebook, el alcalde capitalino acompa\u00f1ado de la s\u00edndica Vianey Castorena; del s\u00edndico V\u00edctor Manuel Ortega; de mujeres polic\u00edas, de la secretaria de Desarrollo Social, Abelina Ram\u00edrez,&nbsp;y de la directora de Atenci\u00f3n a las Mujeres, Sol Cuevas,&nbsp;emiti\u00f3 un pronunciamiento respecto a publicaciones que en contra de su gobierno han hecho por medio de redes sociales.<\/p>\n\n\n\n<p class=\"wp-block-paragraph\">Acus\u00f3 que en distintas p\u00e1ginas en redes sociales \u201cescudadas en la m\u00e1s baja honestidad, hasta pudiera pensarse que en manifestaci\u00f3n abundante de cobard\u00eda lo que hacen es hacer se\u00f1alamientos sin fundamento de que esta administraci\u00f3n es indolente insensible y est\u00e1 ausente a los problemas sociales\u201d.<\/p>\n\n\n\n<p class=\"wp-block-paragraph\">De manera directa, Gaspar Beltr\u00e1n se\u00f1al\u00f3 a Dolores Suastegui, que sostuvo, es un perfil falso, que no tiene el valor civil y la calidad moral como un ciudadano bien nacido, decir las cosas con pruebas y sobre todo que le consten, as\u00ed como las paginas \u201cRolando la Nota\u201d, y \u201cEl ring de Guerrero\u201d, que dijo se han un encargado de difamar a su administraci\u00f3n y a quienes en ella colaboran, y que asegur\u00f3, cumplen con sus funciones de gobierno.<\/p>\n\n\n\n<p class=\"wp-block-paragraph\">Los comentarios en contra del gobierno que encabeza Gaspar Beltr\u00e1n y que lo obligaron a \u201cdar la cara\u201d dijo se dieron luego del reporte de la desaparici\u00f3n de Alexa Anaid Saavedra,&nbsp;ocurrida la noche del s\u00e1bado, en las inmediaciones de la Alameda Granados Maldonado.<\/p>\n\n\n\n<p class=\"wp-block-paragraph\">Al respecto, Gaspar Beltr\u00e1n asegura que una vez que tuvo conocimiento de los hechos, activaron los protocolos de b\u00fasqueda, incluso la misma directora de Atenci\u00f3n a la Mujer, Marisol Cuevas Serrana, de manera personal atendi\u00f3 el caso. Coment\u00f3 que a las 6:45 horas de este domingo se puso en contacto con la familia y ofreci\u00f3 el acompa\u00f1amiento y apoyo que el gobierno municipal, de todas las personas que acude al ayuntamiento capitalino.<\/p>\n\n\n\n<p class=\"wp-block-paragraph\">La Direcci\u00f3n de Atenci\u00f3n a la Mujer cuenta con personal en psicolog\u00eda, derecho y trabajo social todos los d\u00edas de la semana y las 24 horas del d\u00eda para servirle a la poblaci\u00f3n de manera gratuita, subray\u00f3 la funcionaria.<\/p>\n\n\n\n<p class=\"wp-block-paragraph\">Gaspar Beltr\u00e1n reconoci\u00f3 que este tipo de situaciones pueden volver a repetirse,&nbsp; pero hizo un llamado la poblaci\u00f3n a actuar de manera responsable y evitar que \u201cgente enemiga del cambio, gente cerca a la maldad hagan de estos acontecimientos, una generaci\u00f3n de psicosis\u201d.<\/p>\n\n\n\n<p class=\"wp-block-paragraph\">SEM\/jap\/sj<\/p>\n","protected":false},"excerpt":{"rendered":"<p>Josefina Aguilar Pastor, SemM\u00e9xico, Chilpancingo, Gro., 18 febrero 2019.- Antonio Gaspar Beltr\u00e1n, presidente municipal de esta ciudad, denunci\u00f3 que, a trav\u00e9s de redes sociales, \u201cenemigos del cambio\u201d, pretenden sembrar psicosis con denuncias falsas de violencia de g\u00e9nero, adem\u00e1s de denostar el trabajo que realiza su administraci\u00f3n. Una vez m\u00e1s, a trav\u00e9s de su p\u00e1gina oficial [&hellip;]<\/p>\n","protected":false},"author":3,"featured_media":0,"comment_status":"open","ping_status":"open","sticky":false,"template":"","format":"standard","meta":{"_monsterinsights_skip_tracking":false,"footnotes":""},"categories":[690,51],"tags":[],"class_list":["post-7211","post","type-post","status-publish","format-standard","category-690","category-ejecutivo"],"_links":{"self":[{"href":"https:\/\/redsemlac.com\/semmexico\/wp-json\/wp\/v2\/posts\/7211","targetHints":{"allow":["GET"]}}],"collection":[{"href":"https:\/\/redsemlac.com\/semmexico\/wp-json\/wp\/v2\/posts"}],"about":[{"href":"https:\/\/redsemlac.com\/semmexico\/wp-json\/wp\/v2\/types\/post"}],"author":[{"embeddable":true,"href":"https:\/\/redsemlac.com\/semmexico\/wp-json\/wp\/v2\/users\/3"}],"replies":[{"embeddable":true,"href":"https:\/\/redsemlac.com\/semmexico\/wp-json\/wp\/v2\/comments?post=7211"}],"version-history":[{"count":0,"href":"https:\/\/redsemlac.com\/semmexico\/wp-json\/wp\/v2\/posts\/7211\/revisions"}],"wp:attachment":[{"href":"https:\/\/redsemlac.com\/semmexico\/wp-json\/wp\/v2\/media?parent=7211"}],"wp:term":[{"taxonomy":"category","embeddable":true,"href":"https:\/\/redsemlac.com\/semmexico\/wp-json\/wp\/v2\/categories?post=7211"},{"taxonomy":"post_tag","embeddable":true,"href":"https:\/\/redsemlac.com\/semmexico\/wp-json\/wp\/v2\/tags?post=7211"}],"curies":[{"name":"wp","href":"https:\/\/api.w.org\/{rel}","templated":true}]}}