{"id":72088,"date":"2023-10-02T16:56:22","date_gmt":"2023-10-02T22:56:22","guid":{"rendered":"https:\/\/redsemlac.com\/semmexico\/?p=72088"},"modified":"2023-10-02T16:56:24","modified_gmt":"2023-10-02T22:56:24","slug":"opinion-aforismos-politicos-de-jose-francisco-ruiz-massieu","status":"publish","type":"post","link":"https:\/\/redsemlac.com\/semmexico\/opinion-aforismos-politicos-de-jose-francisco-ruiz-massieu\/","title":{"rendered":"Opini\u00f3n| Aforismos pol\u00edticos de Jos\u00e9 Francisco Ruiz Massieu"},"content":{"rendered":"\n<p class=\"wp-block-paragraph\"><strong>Florencio Salazar<\/strong><\/p>\n\n\n\n<p class=\"wp-block-paragraph\">SemM\u00e9xico, Chilpancingo, Guerrero, 02 de octubre 2023.- Hace 29 a\u00f1os mataron a un hombre, no a sus ideas.<\/p>\n\n\n\n<p class=\"wp-block-paragraph\">1. El secreto en pol\u00edtica no es m\u00e1s que una noticia diferida.<\/p>\n\n\n\n<p class=\"wp-block-paragraph\">2. En pol\u00edtica cuenta la biograf\u00eda, pero m\u00e1s la circunstancia.<\/p>\n\n\n\n<p class=\"wp-block-paragraph\">3. La adolescencia pol\u00edtica se manifiesta en las malas maneras pol\u00edticas.<\/p>\n\n\n\n<p class=\"wp-block-paragraph\">4. Capacidad y ambici\u00f3n hacen al pol\u00edtico; nunca s\u00f3lo capacidad.<\/p>\n\n\n\n<p class=\"wp-block-paragraph\">5. la democracia se ponen ideas, en las dictaduras se imponen.<\/p>\n\n\n\n<p class=\"wp-block-paragraph\">6. La democracia es sin remedio controversia.<\/p>\n\n\n\n<p class=\"wp-block-paragraph\">7. El gobernante no es m\u00e1s que un ciudadano con mando.<\/p>\n\n\n\n<p class=\"wp-block-paragraph\">8. La modernizaci\u00f3n pol\u00edtica empieza con el saneamiento del lenguaje pol\u00edtico.<\/p>\n\n\n\n<p class=\"wp-block-paragraph\">9. El presidente que registra una injuria se autodenigra.<\/p>\n\n\n\n<p class=\"wp-block-paragraph\">10. Un pol\u00edtico sin ideas est\u00e1 en riesgo de no tener ideolog\u00eda.<\/p>\n\n\n\n<p class=\"wp-block-paragraph\">11. El partido \u00fanico est\u00e1 tan solo que s\u00f3lo puede aspirar a que lo acompa\u00f1e el eco.<\/p>\n\n\n\n<p class=\"wp-block-paragraph\">12. Hay una regla elemental: no hay que pelear con todos, por todo y al mismo tiempo.<\/p>\n\n\n\n<p class=\"wp-block-paragraph\">13. La pol\u00edtica es precaria: el amigo de hoy es el enemigo de ma\u00f1ana y viceversa.<\/p>\n\n\n\n<p class=\"wp-block-paragraph\">14. Creer en todo es tan malo en la pol\u00edtica como creer en todos.<\/p>\n\n\n\n<p class=\"wp-block-paragraph\">15. En pol\u00edtica todos son traidores, la diferencia es que unos no saben que lo son.<\/p>\n\n\n\n<p class=\"wp-block-paragraph\">16. No es que la realidad sea m\u00e1s terca, es que es m\u00e1s terca que los gobernantes.<\/p>\n\n\n\n<p class=\"wp-block-paragraph\">17. La pol\u00edtica es como el futbol: se juega en equipo pero hay estrellas.<\/p>\n\n\n\n<p class=\"wp-block-paragraph\">18. La pol\u00edtica es como el jogging: lo que interesa es el ritmo y la resistencia, no la velocidad.<\/p>\n\n\n\n<p class=\"wp-block-paragraph\">19.Un pol\u00edtico sabio es el que s\u00f3lo tiene adversarios y nunca enemigos.<\/p>\n\n\n\n<p class=\"wp-block-paragraph\">20. En pol\u00edtica no hay jubilaci\u00f3n, pero s\u00ed retiro.<\/p>\n\n\n\n<p class=\"wp-block-paragraph\">21. La pol\u00edtica puede asquear, pero no aburrir.<\/p>\n\n\n\n<p class=\"wp-block-paragraph\">22. Tener autoridad pol\u00edtica es mejor que tener poder.<\/p>\n\n\n\n<p class=\"wp-block-paragraph\">23. Pol\u00edtico rico, pobre pol\u00edtico, porque lo debilita su patrimonio.<\/p>\n\n\n\n<p class=\"wp-block-paragraph\">24. El silencio es elocuente en pol\u00edtica, pero menos peligroso que la palabra.<\/p>\n\n\n\n<p class=\"wp-block-paragraph\">25. El pol\u00edtico sin ideas es un ingenuo del poder.<\/p>\n\n\n\n<p class=\"wp-block-paragraph\">26. Retracemos el sistema, pero no lo retrasemos: no lo hagamos ir hacia atr\u00e1s.<\/p>\n\n\n\n<p class=\"wp-block-paragraph\">27. La pol\u00edtica es arte por lo que tiene de irrepetible.<\/p>\n\n\n\n<p class=\"wp-block-paragraph\">28. En la crisis pol\u00edtica el periodista reemplaza al intelectual.<\/p>\n\n\n\n<p class=\"wp-block-paragraph\">29. En pol\u00edtica se admite m\u00e1s el \u00e9xito que el m\u00e9rito.<\/p>\n\n\n\n<p class=\"wp-block-paragraph\">30. A veces es vanidad que el hombre de influencia crea que tiene poder.<\/p>\n\n\n\n<p class=\"wp-block-paragraph\">31. Se olvidan que un r\u00e9gimen est\u00e1 en el umbral de su ca\u00edda cuando se pierde la batalla de las ideas.<\/p>\n\n\n\n<p class=\"wp-block-paragraph\">32. Se puede monopolizar el poder, pero no es posible monopolizar la pol\u00edtica.<\/p>\n\n\n\n<p class=\"wp-block-paragraph\">33. Hay quien cree tener poder y s\u00f3lo tiene influencia; y quien cree tener autoridad y s\u00f3lo posee poder.<\/p>\n\n\n\n<p class=\"wp-block-paragraph\">34. El pol\u00edtico exitoso es tan vanidoso que confunde notoriedad con popularidad.<\/p>\n\n\n\n<p class=\"wp-block-paragraph\">35. A muchos pol\u00edticos les interesa m\u00e1s llegar al poder, que ejercerlo.<\/p>\n\n\n\n<p class=\"wp-block-paragraph\">36. El gobierno es un proceso de acumulaci\u00f3n de agravios.<\/p>\n\n\n\n<p class=\"wp-block-paragraph\">37. El gobernante que piensa en el corto plazo se preocupa de los periodistas, el que lo hace en el largo plazo se ocupa de los intelectuales.<\/p>\n\n\n\n<p class=\"wp-block-paragraph\">38. El pol\u00edtico debe ser apasionado, no pasional.<\/p>\n\n\n\n<p class=\"wp-block-paragraph\">39. En pol\u00edtica la circunstancia es el destino por azar.<\/p>\n\n\n\n<p class=\"wp-block-paragraph\">40. En pol\u00edtica la ingenuidad hace m\u00e1s da\u00f1o que la malicia.<\/p>\n\n\n\n<p class=\"wp-block-paragraph\">41. Es m\u00e1s f\u00e1cil enfrentar al lobo si se presenta como lobo.<\/p>\n\n\n\n<p class=\"wp-block-paragraph\">42. Para muchos es mejor callar, no hacer que hacer, y sobre todo, es mejor carecer de ideas y, si es posible, de ideolog\u00eda.<\/p>\n\n\n\n<p class=\"wp-block-paragraph\">43. No s\u00e9 que es peor: la soledad del poder o el poder de la soledad.<\/p>\n\n\n\n<p class=\"wp-block-paragraph\">44. Un l\u00edder al que se recuerda por sus buenas maneras, y no por sus ideas o sus acciones, es un pobre l\u00edder.<\/p>\n\n\n\n<p class=\"wp-block-paragraph\">45. Los principios son primero; las ideas vienen despu\u00e9s. 46. La envidia es una admiraci\u00f3n perversa.<\/p>\n\n\n\n<p class=\"wp-block-paragraph\">46. La envidia es una admiraci\u00f3n perversa.<\/p>\n\n\n\n<p class=\"wp-block-paragraph\">47. Callo porque s\u00e9.<\/p>\n\n\n\n<p class=\"wp-block-paragraph\">48. Si sobresalta lo que declaro, alarmar\u00eda si callara.<\/p>\n\n\n\n<p class=\"wp-block-paragraph\">49. No temo al p\u00e9ndulo sino a la balanza.<\/p>\n\n\n\n<p class=\"wp-block-paragraph\">50. No puedo morir, porque tengo cosas pendientes.<\/p>\n\n\n\n<p class=\"wp-block-paragraph\">Nota: Tomados de Aforismos de Jos\u00e9 Francisco Ru\u00edz Massieu. Ed. Libro Abierto. 2003<\/p>\n","protected":false},"excerpt":{"rendered":"<p>Hace 29 a\u00f1os mataron a un hombre, no a sus ideas.<\/p>\n","protected":false},"author":3,"featured_media":30273,"comment_status":"open","ping_status":"open","sticky":false,"template":"","format":"standard","meta":{"_monsterinsights_skip_tracking":false,"footnotes":""},"categories":[199,35],"tags":[459],"class_list":["post-72088","post","type-post","status-publish","format-standard","has-post-thumbnail","category-florencio-salazar-adame","category-opinion","tag-opinion"],"_links":{"self":[{"href":"https:\/\/redsemlac.com\/semmexico\/wp-json\/wp\/v2\/posts\/72088","targetHints":{"allow":["GET"]}}],"collection":[{"href":"https:\/\/redsemlac.com\/semmexico\/wp-json\/wp\/v2\/posts"}],"about":[{"href":"https:\/\/redsemlac.com\/semmexico\/wp-json\/wp\/v2\/types\/post"}],"author":[{"embeddable":true,"href":"https:\/\/redsemlac.com\/semmexico\/wp-json\/wp\/v2\/users\/3"}],"replies":[{"embeddable":true,"href":"https:\/\/redsemlac.com\/semmexico\/wp-json\/wp\/v2\/comments?post=72088"}],"version-history":[{"count":0,"href":"https:\/\/redsemlac.com\/semmexico\/wp-json\/wp\/v2\/posts\/72088\/revisions"}],"wp:featuredmedia":[{"embeddable":true,"href":"https:\/\/redsemlac.com\/semmexico\/wp-json\/wp\/v2\/media\/30273"}],"wp:attachment":[{"href":"https:\/\/redsemlac.com\/semmexico\/wp-json\/wp\/v2\/media?parent=72088"}],"wp:term":[{"taxonomy":"category","embeddable":true,"href":"https:\/\/redsemlac.com\/semmexico\/wp-json\/wp\/v2\/categories?post=72088"},{"taxonomy":"post_tag","embeddable":true,"href":"https:\/\/redsemlac.com\/semmexico\/wp-json\/wp\/v2\/tags?post=72088"}],"curies":[{"name":"wp","href":"https:\/\/api.w.org\/{rel}","templated":true}]}}