{"id":72061,"date":"2023-10-02T12:39:48","date_gmt":"2023-10-02T18:39:48","guid":{"rendered":"https:\/\/redsemlac.com\/semmexico\/?p=72061"},"modified":"2023-10-02T12:39:49","modified_gmt":"2023-10-02T18:39:49","slug":"llamado-regional-a-proteger-a-las-y-los-defensores-de-los-derechos-humanos-en-asuntos-ambientales-cepal","status":"publish","type":"post","link":"https:\/\/redsemlac.com\/semmexico\/llamado-regional-a-proteger-a-las-y-los-defensores-de-los-derechos-humanos-en-asuntos-ambientales-cepal\/","title":{"rendered":"Llamado regional a proteger a las y los defensores de los derechos humanos en asuntos ambientales: CEPAL"},"content":{"rendered":"\n<p class=\"wp-block-paragraph\"><strong>Elda Montiel <\/strong><strong><\/strong><\/p>\n\n\n\n<p class=\"wp-block-paragraph\">SemM\u00e9xico, Ciudad de M\u00e9xico, 2 de octubre, &nbsp;2023.- Llaman a los Estados y gobiernos de <a href=\"https:\/\/www.facebook.com\/hashtag\/am%C3%A9ricalatina?__eep__=6&amp;__cft__%5b0%5d=AZXNBqJcSkVJhSG39Bg2_PUKPtCrMbpsdCSBnVkZtMwbof2QIZZQij0s0jUD8u2GOhLYvI7VGyeusniA1zMxBffc6u-4Qh3DmoskgGtr8n0o56FNAQ4TLDXcrnHn4ks24BBHOGbD5Ux_1w095Vl_fj3WObN8ud-mPf-pVnrwHu839hq4lQX9U_0rr7DSVMnZ7Ps&amp;__tn__=*NK-R\">Am\u00e9rica Latina<\/a> y el <a href=\"https:\/\/www.facebook.com\/hashtag\/caribe?__eep__=6&amp;__cft__%5b0%5d=AZXNBqJcSkVJhSG39Bg2_PUKPtCrMbpsdCSBnVkZtMwbof2QIZZQij0s0jUD8u2GOhLYvI7VGyeusniA1zMxBffc6u-4Qh3DmoskgGtr8n0o56FNAQ4TLDXcrnHn4ks24BBHOGbD5Ux_1w095Vl_fj3WObN8ud-mPf-pVnrwHu839hq4lQX9U_0rr7DSVMnZ7Ps&amp;__tn__=*NK-R\">Caribe<\/a> a reforzar la protecci\u00f3n de Defensoras y Defensores de los Derechos Humanos en Asuntos Ambientales en el Segundo Foro Anual que se llev\u00f3 a cabo en Panam\u00e1.<\/p>\n\n\n\n<p class=\"wp-block-paragraph\">El Acuerdo de Escaz\u00fa es un instrumento \u00fanico que tenemos para garantizar la democracia, la protecci\u00f3n del medio ambiente, el estado de derecho, el desarrollo sostenible y la defensa de las personas y grupos en situaci\u00f3n de vulnerabilidad se puntualiz\u00f3.&nbsp;<\/p>\n\n\n\n<p class=\"wp-block-paragraph\">Durante el Foro se puso de relieve que las defensoras y defensores en toda la regi\u00f3n que incluye a representantes de pueblos y comunidades ind\u00edgenas enfrentan discriminaci\u00f3n y desigualdades estructurales, pero a pesar de ello est\u00e1n determinados en proteger sus territorios, culturas, sustentos y formas de vida\u201d, como refiri\u00f3 Nicole Leotaud de Trinidad y Tobago.<\/p>\n\n\n\n<p class=\"wp-block-paragraph\">Marcelo Cousillas, director de la Asesor\u00eda Jur\u00eddica del Ministerio de Ambiente de Uruguay, pa\u00eds que ejerce la Presidencia del Acuerdo enfatiz\u00f3 que es el primer acuerdo internacional que tiene disposiciones espec\u00edficas y concretas sobre defensoras y defensores de los derechos humanos en asuntos ambientales, precis\u00f3<\/p>\n\n\n\n<p class=\"wp-block-paragraph\">\u201cEste Foro es por ustedes y para ustedes. Lo que se debate aqu\u00ed es precisamente uno de los canales que tenemos para incidir en las problem\u00e1ticas que tenemos en Am\u00e9rica Latina y el Caribe. Ustedes son los protagonistas hay sentimientos encontrados: de alegr\u00eda, porque estamos avanzando en la regi\u00f3n, pero tambi\u00e9n de tristeza porque hemos visto testimonios muy complejos que requieren de soluciones urgentes que muchas veces no llegan\u201d, se\u00f1al\u00f3 Carlos de Miguel encargado de la Secretar\u00eda del Acuerdo de Escaz\u00fa y Oficial a Cargo de la Divisi\u00f3n de Desarrollo Sostenible y Asentamientos Humanos de la CEPAL.<\/p>\n\n\n\n<p class=\"wp-block-paragraph\">Ana Patricia Gra\u00e7a, Coordinadora Residente de las Naciones Unidas en Panam\u00e1, record\u00f3&nbsp; las palabras del Secretario General de la ONU, Antonio Guterres, &nbsp;en la 78\u2070 Asamblea General que acaba de terminar, respecto a que el Acuerdo de Escaz\u00fa es una letra viva, es un hito en la defensa del ambiente con la participaci\u00f3n ciudadana y con las y los defensores de derechos humanos enasuntos ambientales, ya quedesempe\u00f1an ese papel crucial en un contexto de emergencia clim\u00e1tica notoria a todos los niveles, ya que indican la magnitud de la acci\u00f3n clim\u00e1tica que debemos implementar.<\/p>\n\n\n\n<p class=\"wp-block-paragraph\">El ministro de Ambiente de Panam\u00e1, Milc\u00edades Concepci\u00f3n, destac\u00f3 la importancia del trabajo conjunto para enfrentar los problemas ambientales. \u201cNing\u00fan ambientalista por s\u00ed solo puede resolver los problemas ambientales de un pa\u00eds, ni tampoco un ministerio. Tenemos que ser todos en equipo, con todos los pa\u00edses, con todas las organizaciones mundiales. La destrucci\u00f3n de nuestros ecosistemas est\u00e1 siendo muy acelerada, m\u00e1s all\u00e1 de la respuesta que estamos dando todos los gobiernos, y el cambio clim\u00e1tico ha agravado esto.<\/p>\n\n\n\n<p class=\"wp-block-paragraph\">La esencia de este Foro es aportar, encontrar, proponer los mecanismos para que el Plan de Acci\u00f3n Regional pueda ser considerado nuevamente por los estados parte en la tercera conferencia, que se realizar\u00e1 en Santiago de Chile, el a\u00f1o pr\u00f3ximo\u201d, se se\u00f1al\u00f3.<\/p>\n","protected":false},"excerpt":{"rendered":"<p>Llaman a los Estados y gobiernos de Am\u00e9rica Latina y el Caribe a reforzar la protecci\u00f3n de Defensoras y Defensores de los Derechos Humanos en Asuntos Ambientales en el Segundo Foro Anual que se llev\u00f3 a cabo en Panam\u00e1.<\/p>\n","protected":false},"author":3,"featured_media":72062,"comment_status":"open","ping_status":"open","sticky":false,"template":"","format":"standard","meta":{"_monsterinsights_skip_tracking":false,"footnotes":""},"categories":[53],"tags":[],"class_list":["post-72061","post","type-post","status-publish","format-standard","has-post-thumbnail","category-internacional"],"_links":{"self":[{"href":"https:\/\/redsemlac.com\/semmexico\/wp-json\/wp\/v2\/posts\/72061","targetHints":{"allow":["GET"]}}],"collection":[{"href":"https:\/\/redsemlac.com\/semmexico\/wp-json\/wp\/v2\/posts"}],"about":[{"href":"https:\/\/redsemlac.com\/semmexico\/wp-json\/wp\/v2\/types\/post"}],"author":[{"embeddable":true,"href":"https:\/\/redsemlac.com\/semmexico\/wp-json\/wp\/v2\/users\/3"}],"replies":[{"embeddable":true,"href":"https:\/\/redsemlac.com\/semmexico\/wp-json\/wp\/v2\/comments?post=72061"}],"version-history":[{"count":0,"href":"https:\/\/redsemlac.com\/semmexico\/wp-json\/wp\/v2\/posts\/72061\/revisions"}],"wp:featuredmedia":[{"embeddable":true,"href":"https:\/\/redsemlac.com\/semmexico\/wp-json\/wp\/v2\/media\/72062"}],"wp:attachment":[{"href":"https:\/\/redsemlac.com\/semmexico\/wp-json\/wp\/v2\/media?parent=72061"}],"wp:term":[{"taxonomy":"category","embeddable":true,"href":"https:\/\/redsemlac.com\/semmexico\/wp-json\/wp\/v2\/categories?post=72061"},{"taxonomy":"post_tag","embeddable":true,"href":"https:\/\/redsemlac.com\/semmexico\/wp-json\/wp\/v2\/tags?post=72061"}],"curies":[{"name":"wp","href":"https:\/\/api.w.org\/{rel}","templated":true}]}}