{"id":72054,"date":"2023-10-02T12:29:30","date_gmt":"2023-10-02T18:29:30","guid":{"rendered":"https:\/\/redsemlac.com\/semmexico\/?p=72054"},"modified":"2023-10-02T12:29:33","modified_gmt":"2023-10-02T18:29:33","slug":"los-derechos-politicos-electorales-de-las-mujeres-son-de-interes-general-no-solo-de-las-colectivas-feministas","status":"publish","type":"post","link":"https:\/\/redsemlac.com\/semmexico\/los-derechos-politicos-electorales-de-las-mujeres-son-de-interes-general-no-solo-de-las-colectivas-feministas\/","title":{"rendered":"Los derechos pol\u00edticos electorales de las mujeres son de inter\u00e9s general, no s\u00f3lo de las colectivas feministas\u00a0"},"content":{"rendered":"\n<ul class=\"wp-block-list\">\n<li><strong>Cumplimiento de la Ley 3 de 3 y respeto a la paridad exigen en pronunciamiento, de cara al proceso electoral 2024<\/strong><\/li>\n<\/ul>\n\n\n\n<p class=\"wp-block-paragraph\"><strong>Elda Montiel<\/strong><\/p>\n\n\n\n<p class=\"wp-block-paragraph\">SemM\u00e9xico, Ciudad de M\u00e9xico, 2 de octubre, &nbsp;2023.- La creaci\u00f3n de las defensor\u00edas p\u00fablicas electorales, la armonizaci\u00f3n en los estados que faltan, de la legislaci\u00f3n 3 de 3, y el cumplimiento de la misma para que ning\u00fan violentador, acosador o deudor alimenticio ocupe cargos de elecci\u00f3n o en el servicio p\u00fablico, donde &nbsp;los partidos pol\u00edticos respeten la paridad en las candidaturas y asignen presupuesto exige la Red de Formadoras y Defensoras de Derechos Pol\u00edticos Electorales de las Mujeres (REFODEP).<\/p>\n\n\n\n<p class=\"wp-block-paragraph\">De cara al proceso electoral 2023-2024 llaman a las autoridades del Estado mexicano, partidos pol\u00edticos, medios de comunicaci\u00f3n, instituciones de Educaci\u00f3n Superior y ciudadan\u00eda en general, a ser garantes de la democracia, igualdad, justicia y paridad de g\u00e9nero.<\/p>\n\n\n\n<p class=\"wp-block-paragraph\">\u201cLos derechos pol\u00edticos electorales de las mujeres no es un asunto individual es un trabajo colectivo feminista y de inter\u00e9s general\u201d, especifican las integrantes de la Red.<\/p>\n\n\n\n<p class=\"wp-block-paragraph\">Todos los d\u00edas y a todas horas, las formadoras y defensoras estamos protegiendo y defendiendo los derechos pol\u00edtico-electorales de las mujeres, acompa\u00f1ando casos, difundiendo una cultura de igualdad, participando con las instituciones en los avances y vigilando retrocesos y, sobre todo, proponiendo d\u00eda a d\u00eda estrategias y actividades en la materia.<\/p>\n\n\n\n<p class=\"wp-block-paragraph\">Se\u00f1alan como urgente cumplir con la Ley 3 de3 para los nombramientos de servidores p\u00fablicos en Zacatecas y Baja California.<\/p>\n\n\n\n<p class=\"wp-block-paragraph\">Garantizar que las y los servidores p\u00fablicos que sean designados para ejercer un cargo, no se encuentren en ninguno supuesto de la 3 de 3 contra la violencia.<\/p>\n\n\n\n<p class=\"wp-block-paragraph\">Armonizar la Reforma Constitucional 3 de 3 en Campeche, Coahuila, Quintana Roo, Veracruz, CDMX, Morelos, Michoac\u00e1n y Nuevo Le\u00f3n.<\/p>\n\n\n\n<p class=\"wp-block-paragraph\">Exhortar a las autoridades electorales a definir los criterios de paridad para la renovaci\u00f3n de nueve gubernaturas en 2024.<\/p>\n\n\n\n<p class=\"wp-block-paragraph\">Generar mecanismos para garantizar la reparaci\u00f3n integral del da\u00f1o a las mujeres que han sido v\u00edctimas de violencia pol\u00edtica en raz\u00f3n de g\u00e9nero.<\/p>\n\n\n\n<p class=\"wp-block-paragraph\">Garantizar acciones afirmativas que promuevan la participaci\u00f3n y ejercicio de los derechos pol\u00edticos electorales de las mujeres ind\u00edgenas y afromexicanas.<\/p>\n\n\n\n<p class=\"wp-block-paragraph\">Exhortar a los Institutos Electorales a que exijan una distribuci\u00f3n paritaria de las candidaturas, seg\u00fan corresponda en sus municipios.<\/p>\n\n\n\n<p class=\"wp-block-paragraph\">Impulsar la alternancia de g\u00e9nero en los municipios, Estados, entidades acad\u00e9micas, organismos aut\u00f3nomos y cargos de designaci\u00f3n que no han sido presididos por mujeres (paridad vertical y horizontal).<\/p>\n\n\n\n<p class=\"wp-block-paragraph\">Fortalecer y armonizar la legislaci\u00f3n para atender la violencia pol\u00edtica de mujeres en cargos por designaci\u00f3n.<\/p>\n\n\n\n<p class=\"wp-block-paragraph\">Garantizar mecanismos para el cumplimiento de sentencias favorables a las mujeres que eviten conductas reincidentes y repetitivas<\/p>\n\n\n\n<p class=\"wp-block-paragraph\">Garantizar la participaci\u00f3n plena en la vida p\u00fablica de las mujeres ind\u00edgena y afromexicanas en los cargos comunitarios.<\/p>\n\n\n\n<p class=\"wp-block-paragraph\">Acortar los tiempos de deliberaci\u00f3n en casos de Violencia Pol\u00edtica contra las Mujeres en Raz\u00f3n de G\u00e9nero para garantizar procesos expeditos.<\/p>\n\n\n\n<p class=\"wp-block-paragraph\">Garantizar la efectiva aplicaci\u00f3n de la normatividad interna y de los protocolos de actuaci\u00f3n al interior de los partidos pol\u00edticos.<\/p>\n\n\n\n<p class=\"wp-block-paragraph\">Reformar la Ley General de Partidos Pol\u00edticos para destinar un 3 por ciento del presupuesto para el trabajo con hombres en materia de erradicaci\u00f3n de la violencia.<\/p>\n\n\n\n<p class=\"wp-block-paragraph\">Fortalecer y actualizar los bancos de datos referentes a las denuncias, quejas y sentencias en materia de VPMRG.<\/p>\n\n\n\n<p class=\"wp-block-paragraph\">Incorporar y reconocer a las Defensoras de Derechos Pol\u00edticos de las Mujeres en el Mecanismo de Protecci\u00f3n para personas Defensoras de Derechos Humanos y Periodistas.<\/p>\n\n\n\n<p class=\"wp-block-paragraph\">Que, en los programas de capacitaci\u00f3n a precandidatas, candidatas y quienes son elegidas como autoridades, se incluyan obligatoriamente los temas de g\u00e9nero, derechos humanos de las mujeres, liderazgo pol\u00edtico, derechos pol\u00edtico-electorales y prevenci\u00f3n de la VPDMRG.<\/p>\n\n\n\n<p class=\"wp-block-paragraph\">Exigir a las IES la armonizaci\u00f3n e implementaci\u00f3n respecto al principio constitucional de la paridad, as\u00ed como la reparaci\u00f3n del da\u00f1o por dilaci\u00f3n en el acceso de las mujeres universitarias a puestos directivos.<\/p>\n\n\n\n<p class=\"wp-block-paragraph\">Promover en las Instituciones de Educaci\u00f3n Superior (IES) p\u00fablicas y privadas que se adopte la Reforma 3 de 3 y crear un Registro de Personas Sancionadas en Materia de Violencia Pol\u00edtica en Raz\u00f3n de G\u00e9nero.<\/p>\n\n\n\n<p class=\"wp-block-paragraph\">Garantizar en los trabajos de los Observatorios de participaci\u00f3n pol\u00edtica en las 32 entidades, un impacto efectivo, tanto en la difusi\u00f3n de informaci\u00f3n como con acciones de protecci\u00f3n y defensa de los derechos pol\u00edticos electorales de las mujeres, con la participaci\u00f3n de la sociedad civil y la academia.<\/p>\n\n\n\n<p class=\"wp-block-paragraph\">Destinar al menos el 30 por ciento del recurso que recibe CONAHCYT a la investigaci\u00f3n, programas educativos, observaci\u00f3n, documentaci\u00f3n y divulgaci\u00f3n sobre la participaci\u00f3n pol\u00edtica de las mujeres, a trav\u00e9s de las ONG feministas y de las defensoras de derechos pol\u00edticos electorales, considerando el recurso de las multas que el INE aplica a partidos pol\u00edticos.<\/p>\n\n\n\n<p class=\"wp-block-paragraph\">Establecer lineamientos en el manejo de los datos de casos atendidos por todas las instituciones encargadas y aquellas que son vinculantes en la atenci\u00f3n de casos de Violencia Pol\u00edtica Contra las Mujeres en Raz\u00f3n de G\u00e9nero (VPMRG).<\/p>\n\n\n\n<p class=\"wp-block-paragraph\">Fortalecer las acciones en la prevenci\u00f3n, atenci\u00f3n, sanci\u00f3n y erradicaci\u00f3n de los derechos pol\u00edticos electorales de las mujeres, con enfoques de interculturalidad e interseccionalidad, as\u00ed como en los procesos de formaci\u00f3n y capacitaci\u00f3n de las mujeres ind\u00edgenas y afromexicanas.<\/p>\n\n\n\n<p class=\"wp-block-paragraph\">Implementar en las IES planes y programas de estudio para dar a conocer los desaf\u00edos y avances del feminismo, de la ciudadan\u00eda con perspectiva de g\u00e9nero, la democracia y los derechos pol\u00edticos electorales de las mujeres, as\u00ed como prevenir la violencia pol\u00edtica y favorecer la igualdad sustantiva en su labor de formaci\u00f3n de profesionistas del ma\u00f1ana.<\/p>\n\n\n\n<p class=\"wp-block-paragraph\">Establecer Seminarios de reflexi\u00f3n y debate con personas expertas sobre los temas de &nbsp;acceso a la justicia de las mujeres y reparaci\u00f3n integral del da\u00f1o, y en materia de derechos pol\u00edticos electorales. &nbsp;<\/p>\n\n\n\n<p class=\"wp-block-paragraph\">El pronunciamiento se da en el marco del&nbsp; V Encuentro de la Red Nacional de Formadoras y Defensoras de Derechos Pol\u00edticos Electorales de las Mujeres, (REFODEP) convocado por el Tribunal Electoral del Poder Judicial de la Federaci\u00f3n (TEPJF) en colaboraci\u00f3n de la C\u00e1tedra UNESCO de Derechos Humanos de la UNAM (CUDH-UNAM).<\/p>\n","protected":false},"excerpt":{"rendered":"<p>Cumplimiento de la Ley 3 de 3 y respeto a la paridad exigen en pronunciamiento, de cara al proceso electoral 2024<\/p>\n","protected":false},"author":3,"featured_media":72055,"comment_status":"open","ping_status":"open","sticky":false,"template":"","format":"standard","meta":{"_monsterinsights_skip_tracking":false,"footnotes":""},"categories":[141],"tags":[228,149],"class_list":["post-72054","post","type-post","status-publish","format-standard","has-post-thumbnail","category-elecciones-2020-2021","tag-elecciones","tag-mujeres"],"_links":{"self":[{"href":"https:\/\/redsemlac.com\/semmexico\/wp-json\/wp\/v2\/posts\/72054","targetHints":{"allow":["GET"]}}],"collection":[{"href":"https:\/\/redsemlac.com\/semmexico\/wp-json\/wp\/v2\/posts"}],"about":[{"href":"https:\/\/redsemlac.com\/semmexico\/wp-json\/wp\/v2\/types\/post"}],"author":[{"embeddable":true,"href":"https:\/\/redsemlac.com\/semmexico\/wp-json\/wp\/v2\/users\/3"}],"replies":[{"embeddable":true,"href":"https:\/\/redsemlac.com\/semmexico\/wp-json\/wp\/v2\/comments?post=72054"}],"version-history":[{"count":0,"href":"https:\/\/redsemlac.com\/semmexico\/wp-json\/wp\/v2\/posts\/72054\/revisions"}],"wp:featuredmedia":[{"embeddable":true,"href":"https:\/\/redsemlac.com\/semmexico\/wp-json\/wp\/v2\/media\/72055"}],"wp:attachment":[{"href":"https:\/\/redsemlac.com\/semmexico\/wp-json\/wp\/v2\/media?parent=72054"}],"wp:term":[{"taxonomy":"category","embeddable":true,"href":"https:\/\/redsemlac.com\/semmexico\/wp-json\/wp\/v2\/categories?post=72054"},{"taxonomy":"post_tag","embeddable":true,"href":"https:\/\/redsemlac.com\/semmexico\/wp-json\/wp\/v2\/tags?post=72054"}],"curies":[{"name":"wp","href":"https:\/\/api.w.org\/{rel}","templated":true}]}}