{"id":72050,"date":"2023-10-02T12:24:42","date_gmt":"2023-10-02T18:24:42","guid":{"rendered":"https:\/\/redsemlac.com\/semmexico\/?p=72050"},"modified":"2023-10-02T12:24:43","modified_gmt":"2023-10-02T18:24:43","slug":"opinion-el-machismo-mata","status":"publish","type":"post","link":"https:\/\/redsemlac.com\/semmexico\/opinion-el-machismo-mata\/","title":{"rendered":"Opini\u00f3n| El machismo mata"},"content":{"rendered":"\n<p class=\"wp-block-paragraph\"><strong>Ang\u00e9lica de la Pe\u00f1a<\/strong><\/p>\n\n\n\n<p class=\"wp-block-paragraph\">SemM\u00e9xico, Ciudad de M\u00e9xico, 2 de octubre, 2023.- \u00bfCu\u00e1ntas mujeres son asesinadas y no lo sabemos porque sus cuerpos son incinerados, o se aduce se suicidan, pero en realidad fueron asesinadas?<\/p>\n\n\n\n<p class=\"wp-block-paragraph\">Montserrat Ju\u00e1rez fue asesinada por su pareja, y lo sabemos por circunstancias fortuitas: una c\u00e1mara de video en el edificio donde viv\u00eda con su agresor que capta la escena donde su cuerpo amortajado es sacado del edificio por un polic\u00eda y su pareja, y ese video a todas luces sospechoso porque los vecinos o\u00edan las golpizas que le propinaba su pareja, se sube a las redes y se hace viral.<\/p>\n\n\n\n<p class=\"wp-block-paragraph\">La Fiscal\u00eda de Investigaci\u00f3n del Delito de Feminicidio de Ciudad de M\u00e9xico se presenta en la funeraria para detener su incineraci\u00f3n, se realiza la autopsia y verifican su deceso fue por traumatismo.<\/p>\n\n\n\n<p class=\"wp-block-paragraph\">Pero la polic\u00eda y los param\u00e9dicos que llegaron al departamento por la llamada del feminicida quien solicit\u00f3 su presencia al 911, aceptaron el dicho de que se desvaneci\u00f3 porque ten\u00eda problemas alimenticios. Y ayudan llevando el cuerpo a la funeraria para proceder a la incineraci\u00f3n. As\u00ed de f\u00e1cil. Un feminicida m\u00e1s gozando de cabal salud por las calles de la ciudad, si no es porque hubo una c\u00e1mara, un video que se sube a las redes, y se hace viral.<\/p>\n\n\n\n<p class=\"wp-block-paragraph\">El feminicidio es el asesinato que se perpetra contra una mujer por serlo y conlleva impunidad del Estado. Son muertes prevenibles de mujeres, que se pueden evitar si el Estado act\u00faa en su protecci\u00f3n. Este delito no solo debe sancionarse, tambi\u00e9n puede prevenirse. En el an\u00e1lisis del contexto general est\u00e1n identificadas las causas que ponen en riesgo la vida de las mujeres que lo padecen. Esa causa se llama machismo, predominio contumaz y cruel de un hombre contra una mujer.<\/p>\n\n\n\n<p class=\"wp-block-paragraph\">Hay que decirlo claro, el feminicida no siempre termina con la vida de las mujeres. Muchas mujeres pueden escapar de la violencia feminicida; otras la siguen padeciendo, cargan con su cruz hasta se mueren por el deterioro de su salud, o buscan ellas mismas el suicidio. Much\u00edsimas son castigadas, les tiran \u00e1cido en sus rostros y cuerpos, les desprestigian ante sus hijas e hijos, o en su espacio familiar o social; siguen ejerciendo violencia psicol\u00f3gica, les amenazan en todos los espacios donde se mueven; usan sus datos personales, fotos, v\u00eddeos \u00edntimos para denigrarlas. La violencia contra las mujeres sigue cobrando v\u00edctimas porque es permisible, tolerada, desatendida, despreciada, subvalorada por las autoridades que tienen el deber de prevenirla y sancionarla.<\/p>\n\n\n\n<p class=\"wp-block-paragraph\">No podemos normalizar las cifras de mujeres asesinadas crezcan como si nada. Cada asesinato nos conmueve unos d\u00edas, y luego volvemos a la normalidad. Hasta que aparece otro feminicidio.<\/p>\n\n\n\n<p class=\"wp-block-paragraph\">M\u00e1s all\u00e1 de que el tipo penal debe homologarse en todo el pa\u00eds y de que se construyan los refugios para quienes huyen de la violencia feminicida, urge profesionalizar a servidores p\u00fablicos, polic\u00edas, de procuraci\u00f3n de justicia, para que apliquen eficazmente y de manera oportuna las \u00f3rdenes de protecci\u00f3n administrativas y de emergencia inscritas en la Ley. Es necesaria la pol\u00edtica p\u00fablica que ponga un alto al machismo, se reeduque a los hombres para que contengan su \u00edmpetu mis\u00f3gino contra las mujeres, o se les sancione. Garantizar el derecho a una vida libre de violencia machista s\u00f3lo se lograr\u00e1 erradicando la violencia machista. Para decirlo claro: si ya identificamos el origen, nada justifica no proceder hacia su prevenci\u00f3n y eliminaci\u00f3n. Dos tercios de la poblaci\u00f3n femenina lo agradecer\u00e1n.<\/p>\n","protected":false},"excerpt":{"rendered":"<p>\u00bfCu\u00e1ntas mujeres son asesinadas y no lo sabemos porque sus cuerpos son incinerados, o se aduce se suicidan, pero en realidad fueron asesinadas?<\/p>\n","protected":false},"author":3,"featured_media":70898,"comment_status":"open","ping_status":"open","sticky":false,"template":"","format":"standard","meta":{"_monsterinsights_skip_tracking":false,"footnotes":""},"categories":[725,35],"tags":[149,459],"class_list":["post-72050","post","type-post","status-publish","format-standard","has-post-thumbnail","category-angelica-de-la-pena","category-opinion","tag-mujeres","tag-opinion"],"_links":{"self":[{"href":"https:\/\/redsemlac.com\/semmexico\/wp-json\/wp\/v2\/posts\/72050","targetHints":{"allow":["GET"]}}],"collection":[{"href":"https:\/\/redsemlac.com\/semmexico\/wp-json\/wp\/v2\/posts"}],"about":[{"href":"https:\/\/redsemlac.com\/semmexico\/wp-json\/wp\/v2\/types\/post"}],"author":[{"embeddable":true,"href":"https:\/\/redsemlac.com\/semmexico\/wp-json\/wp\/v2\/users\/3"}],"replies":[{"embeddable":true,"href":"https:\/\/redsemlac.com\/semmexico\/wp-json\/wp\/v2\/comments?post=72050"}],"version-history":[{"count":0,"href":"https:\/\/redsemlac.com\/semmexico\/wp-json\/wp\/v2\/posts\/72050\/revisions"}],"wp:featuredmedia":[{"embeddable":true,"href":"https:\/\/redsemlac.com\/semmexico\/wp-json\/wp\/v2\/media\/70898"}],"wp:attachment":[{"href":"https:\/\/redsemlac.com\/semmexico\/wp-json\/wp\/v2\/media?parent=72050"}],"wp:term":[{"taxonomy":"category","embeddable":true,"href":"https:\/\/redsemlac.com\/semmexico\/wp-json\/wp\/v2\/categories?post=72050"},{"taxonomy":"post_tag","embeddable":true,"href":"https:\/\/redsemlac.com\/semmexico\/wp-json\/wp\/v2\/tags?post=72050"}],"curies":[{"name":"wp","href":"https:\/\/api.w.org\/{rel}","templated":true}]}}