{"id":72025,"date":"2023-10-01T12:22:00","date_gmt":"2023-10-01T18:22:00","guid":{"rendered":"https:\/\/redsemlac.com\/semmexico\/?p=72025"},"modified":"2023-10-01T12:22:48","modified_gmt":"2023-10-01T18:22:48","slug":"la-pandemia-aumento-la-desigualdad-social-y-de-genero-en-el-mundo-patricia-galeana-herrera","status":"publish","type":"post","link":"https:\/\/redsemlac.com\/semmexico\/la-pandemia-aumento-la-desigualdad-social-y-de-genero-en-el-mundo-patricia-galeana-herrera\/","title":{"rendered":"La pandemia aumento la desigualdad social y de g\u00e9nero en el mundo: Patricia Galeana Herrera"},"content":{"rendered":"\n<p class=\"wp-block-paragraph\"><strong>Recopilaci\u00f3n de 34 textos sobre&nbsp; <\/strong>el impacto pol\u00edtico, econ\u00f3mico y social de la pandemia en la vida de las mujeres<\/p>\n\n\n\n<p class=\"wp-block-paragraph\">Presentado en el Museo de la Mujer<\/p>\n\n\n\n<p class=\"wp-block-paragraph\"><strong>Micaela M\u00e1rquez<\/strong><strong><\/strong><\/p>\n\n\n\n<p class=\"wp-block-paragraph\">SemM\u00e9xico, Ciudad de M\u00e9xico, 1 de octubre 2023.- La pandemia es la mayor crisis que ha vivido la humanidad despu\u00e9s de la Segunda Guerra Mundial, aument\u00f3 la desigualdad social y de g\u00e9nero entre los pa\u00edses y al interior de cada uno de ellos, se\u00f1alo la doctora Patricia Galeana Herrera.<\/p>\n\n\n\n<p class=\"wp-block-paragraph\">En la presentaci\u00f3n de la obra \u201cEl Impacto de la pandemia en la vida de las Mujeres\u201d la historiadora, pol\u00edtica y diplom\u00e1tica, fundadora del Museo de la Mujer precis\u00f3 que las afectaciones sociales y econ\u00f3micas en la pol\u00edtica nacional e internacional persisten hasta el d\u00eda de hoy.<\/p>\n\n\n\n<p class=\"wp-block-paragraph\">La doctora&nbsp; en derechos humanos&nbsp; M\u00f3nica Gonz\u00e1lez Contr\u00f3, &nbsp;refiri\u00f3 que \u201cdespu\u00e9s de la Segunda Guerra Mundial, la humanidad lleg\u00f3 a un consenso que es la Declaraci\u00f3n Universal de los Derechos Humanos, y se pens\u00f3 que se hab\u00eda conseguido la igualdad, pero no fue as\u00ed.<\/p>\n\n\n\n<p class=\"wp-block-paragraph\">Se vio que &nbsp;no bastaba para superar condiciones estructurales e hist\u00f3ricas de desigualdad. Actualmente, es a trav\u00e9s de ciertas pol\u00edticas p\u00fablicas que se puede llegar a superar dichas desigualdades\u201d.<\/p>\n\n\n\n<p class=\"wp-block-paragraph\">La doctora Nadima Sim\u00f3n &nbsp;Dom\u00ednguez, profesora em\u00e9rita de la UNAM, se\u00f1al\u00f3: \u201cEstoy segura de que fuimos testigos de una de la crisis m\u00e1s grandes que la humanidad ha sufrido en much\u00edsimos a\u00f1os, y vivimos la problem\u00e1tica del confinamiento en donde nos percatamos de las carencias para enfrentar una pandemia de este tipo y de que las mujeres son m\u00e1s vulnerables en el hogar, en la academia, en el sector salud, como trabajadoras del sector formal e informal, como empresarias, como artistas, entre otras\u201d.<\/p>\n\n\n\n<p class=\"wp-block-paragraph\">La presentaci\u00f3n del libro fue presidida por el doctor &nbsp;Leonardo Lomel\u00ed, Secretario General de la UNAM, quien prolog\u00f3 la obra, fueron la doctora &nbsp;M\u00f3nica Gonz\u00e1lez Contr\u00f3, Directora del Instituto de Investigaciones Jur\u00eddicas UNAM y&nbsp; la doctora &nbsp;Nadima Sim\u00f3n Dom\u00ednguez, las autoras, de una obra reflexiva y did\u00e1ctica.<\/p>\n\n\n\n<p class=\"wp-block-paragraph\">La obra recopila 34 textos, de m\u00e1s de cincuenta autoras y autores con amplias trayectorias acad\u00e9micas y profesionales, que abordan el impacto pol\u00edtico, econ\u00f3mico y social de la pandemia en la vida de las mujeres, y el incremento de la violencia y la brecha de g\u00e9nero.<\/p>\n\n\n\n<p class=\"wp-block-paragraph\">La presentaci\u00f3n forma parte de las actividades presenciales y virtuales que el Museo de la Mujer tiene programadas cada mes. En el Museo existen 10 salas permanentes&nbsp; en donde se visibiliza el quehacer de las mujeres y su contribuci\u00f3n a la construcci\u00f3n de la naci\u00f3n.<\/p>\n","protected":false},"excerpt":{"rendered":"<p>La pandemia es la mayor crisis que ha vivido la humanidad despu\u00e9s de la Segunda Guerra Mundial, aument\u00f3 la desigualdad social y de g\u00e9nero entre los pa\u00edses y al interior de cada uno de ellos, se\u00f1alo la doctora Patricia Galeana Herrera.<\/p>\n","protected":false},"author":3,"featured_media":72026,"comment_status":"open","ping_status":"open","sticky":false,"template":"","format":"standard","meta":{"_monsterinsights_skip_tracking":false,"footnotes":""},"categories":[682],"tags":[],"class_list":["post-72025","post","type-post","status-publish","format-standard","has-post-thumbnail","category-noticias"],"_links":{"self":[{"href":"https:\/\/redsemlac.com\/semmexico\/wp-json\/wp\/v2\/posts\/72025","targetHints":{"allow":["GET"]}}],"collection":[{"href":"https:\/\/redsemlac.com\/semmexico\/wp-json\/wp\/v2\/posts"}],"about":[{"href":"https:\/\/redsemlac.com\/semmexico\/wp-json\/wp\/v2\/types\/post"}],"author":[{"embeddable":true,"href":"https:\/\/redsemlac.com\/semmexico\/wp-json\/wp\/v2\/users\/3"}],"replies":[{"embeddable":true,"href":"https:\/\/redsemlac.com\/semmexico\/wp-json\/wp\/v2\/comments?post=72025"}],"version-history":[{"count":0,"href":"https:\/\/redsemlac.com\/semmexico\/wp-json\/wp\/v2\/posts\/72025\/revisions"}],"wp:featuredmedia":[{"embeddable":true,"href":"https:\/\/redsemlac.com\/semmexico\/wp-json\/wp\/v2\/media\/72026"}],"wp:attachment":[{"href":"https:\/\/redsemlac.com\/semmexico\/wp-json\/wp\/v2\/media?parent=72025"}],"wp:term":[{"taxonomy":"category","embeddable":true,"href":"https:\/\/redsemlac.com\/semmexico\/wp-json\/wp\/v2\/categories?post=72025"},{"taxonomy":"post_tag","embeddable":true,"href":"https:\/\/redsemlac.com\/semmexico\/wp-json\/wp\/v2\/tags?post=72025"}],"curies":[{"name":"wp","href":"https:\/\/api.w.org\/{rel}","templated":true}]}}