{"id":72022,"date":"2023-10-01T12:10:50","date_gmt":"2023-10-01T18:10:50","guid":{"rendered":"https:\/\/redsemlac.com\/semmexico\/?p=72022"},"modified":"2023-10-01T12:10:52","modified_gmt":"2023-10-01T18:10:52","slug":"proteccion-efectiva-a-mujeres-migrantes-victimas-de-violencia-en-mexico","status":"publish","type":"post","link":"https:\/\/redsemlac.com\/semmexico\/proteccion-efectiva-a-mujeres-migrantes-victimas-de-violencia-en-mexico\/","title":{"rendered":"Protecci\u00f3n efectiva a mujeres migrantes v\u00edctimas de violencia en M\u00e9xico"},"content":{"rendered":"\n<p class=\"wp-block-paragraph\"><a href=\"https:\/\/billieparkernoticias.com\/proteccion-efectiva-a-mujeres-migrantes-victimas-de-violencia-en-mexico\/?fbclid=IwAR1jR8kcF3Qh70qQwUDLXBEPZoCd1-VoKXb4bUuC_spfBcvLbVQta78Ic60\"><\/a>*Mujeres Transnacionales<\/p>\n\n\n\n<p class=\"wp-block-paragraph\">A muchas mujeres el Estado mexicano no las protege ni integral, ni efectivamente: Instituto para las Mujeres en la Migraci\u00f3n<\/p>\n\n\n\n<p class=\"wp-block-paragraph\">Lorena Cano*<\/p>\n\n\n\n<p class=\"wp-block-paragraph\">SemM\u00e9xico, Ciudad de M\u00e9xico, 1\u00ba. de octubre, 2023.- Bajo la Convenci\u00f3n sobre el Estatuto de los Refugiados, la figura de la protecci\u00f3n se establece como la protecci\u00f3n m\u00e1s amplia que un pa\u00eds debe otorgar a una persona m\u00e1s all\u00e1 de la entrega de un documento migratorio. Entre otras cosas debe garantizar que la persona pueda ejercer libremente su religi\u00f3n, opini\u00f3n, seguridad jur\u00eddica -que no obtuvo en su pa\u00eds, ejercer su profesi\u00f3n, integrarse a la vida del pa\u00eds de acogida -libre de discriminaci\u00f3n, e incluso recibir apoyo administrativo para no tener que acercarse a su pa\u00eds de origen a solicitar documentos de identidad.<\/p>\n\n\n\n<p class=\"wp-block-paragraph\">La protecci\u00f3n internacional entonces va m\u00e1s all\u00e1 del mero reconocimiento de la condici\u00f3n de refugiado, sobre todo cuando el que persigue es parte o tiene nexos cercanos con el gobierno expulsor. En M\u00e9xico, la Ley sobre Refugiados, Protecci\u00f3n Complementaria y Asilo Pol\u00edtico prev\u00e9 la posibilidad de reconocer la condici\u00f3n de persona refugiada a aquella que haya sido reconocida bajo esa figura en otro pa\u00eds y no haya recibido&nbsp;<em>protecci\u00f3n efectiva<\/em>.<\/p>\n\n\n\n<p class=\"wp-block-paragraph\">Para el Instituto para las Mujeres en la Migraci\u00f3n, AC (IMUMI), la protecci\u00f3n efectiva&nbsp;tiene que ser analizada por las autoridades a la luz de las realidades que se viven en cada regi\u00f3n y de acuerdo a las necesidades y contextos que enfrentan las personas.<\/p>\n\n\n\n<p class=\"wp-block-paragraph\">Luc\u00eda lo sabe muy bien. Ella huy\u00f3 de su pa\u00eds en Centroam\u00e9rica por sufrir persecuci\u00f3n de su gobierno. En su pa\u00eds realiz\u00f3 trabajo en acciones anticorrupci\u00f3n. Tuvo que salir de manera inmediata ya que se le imputaban, a manera de represalias, delitos que no cometi\u00f3 a trav\u00e9s de 5 investigaciones penales. Solicit\u00f3 medidas cautelares a la Comisi\u00f3n Interamericana de Derechos Humanos, mismas que le fueron concedidas. Busc\u00f3 llegar a Estados Unidos desde M\u00e9xico, pero no lo logr\u00f3 por una alerta migratoria que su exmarido levant\u00f3 en su contra -quien tiene nexos cercanos al gobierno persecutor. No tuvo m\u00e1s opci\u00f3n que solicitar el reconocimiento de la condici\u00f3n de refugiada, para ella y su hija de 6 a\u00f1os de edad, en 2021. Ah\u00ed empez\u00f3 su siguiente batalla.<\/p>\n\n\n\n<p class=\"wp-block-paragraph\">En 2022, Luc\u00eda y su hija iban a visitar a una amiga, al salir de su casa fueron interceptadas por un convoy, muy parecido a los que se activan en la detenci\u00f3n de criminales considerados de alta peligrosidad. El operativo comandado por la interpol la traslad\u00f3 a un juzgado familiar de la Ciudad de M\u00e9xico para realizarle una audiencia expr\u00e9s de restituci\u00f3n internacional, el caso se relacionaba con la demanda de su expareja para que la ni\u00f1a fuera enviada a su pa\u00eds de origen. La audiencia fue llevada a cabo a puerta cerrada alrededor de las 10 de la noche.<\/p>\n\n\n\n<p class=\"wp-block-paragraph\">Su defensa tuvo s\u00f3lo un par de horas para preparar la audiencia y aunque se promovi\u00f3 una demanda de amparo para evitar que se llevar\u00e1 a cabo cualquier acto contrario a su derecho de&nbsp;<em>no devoluci\u00f3n<\/em>&nbsp;a su pa\u00eds de origen, al tratarse de personas reconocidas como refugiadas, no se le permit\u00eda al actuario el ingreso al edificio de los juzgados para notificar la suspensi\u00f3n. Fue hasta que la jueza de amparo llam\u00f3 por tel\u00e9fono a la jueza familiar que se recibi\u00f3 la notificaci\u00f3n. En dicha audiencia estuvo presente su representaci\u00f3n consular, es decir, el gobierno que la persigue.<\/p>\n\n\n\n<p class=\"wp-block-paragraph\">Con anticipaci\u00f3n a este suceso, las abogadas de Luc\u00eda solicitamos a la Comisi\u00f3n Mexicana de Ayuda a Refugiados (COMAR) apoyo por tener conocimiento de posibles acciones en su contra por parte de sus agresores, se notific\u00f3 a la Secretar\u00eda de Relaciones Exteriores sobre su estatus de refugiada y el conflicto que exist\u00eda entre dicha protecci\u00f3n y una orden de restituci\u00f3n al pa\u00eds de donde huyeron, sin embargo, nada evit\u00f3 que los hechos sucedieran de manera violenta en contra de Luc\u00eda y su hija. Finalmente, la ni\u00f1a no fue restituida por la defensa adecuada de su abogada, pero a la fecha, la ni\u00f1a no recibe una pensi\u00f3n alimenticia de su padre. A Luc\u00eda no se le garantiz\u00f3 una protecci\u00f3n efectiva al colocarla en riesgo de devoluci\u00f3n junto a su hija.<\/p>\n\n\n\n<p class=\"wp-block-paragraph\">Hace aproximadamente un mes, su abogada en el pa\u00eds de origen le notific\u00f3 que se emiti\u00f3 sentencia en materia penal en su contra, conden\u00e1ndola a 5 a\u00f1os de prisi\u00f3n en su pa\u00eds. Luc\u00eda teme que, de nueva cuenta, el Estado mexicano no la proteja de manera integral y efectiva y est\u00e9 en peligro de ser devuelta al pa\u00eds de donde huy\u00f3.<\/p>\n\n\n\n<p class=\"wp-block-paragraph\">El caso de Luc\u00eda refleja la urgencia de mirar m\u00e1s all\u00e1 de una regularizaci\u00f3n migratoria, y garantizar una&nbsp;<em>protecci\u00f3n efectiva<\/em>&nbsp;para las mujeres migrantes y reconocidas como refugiadas v\u00edctimas de violencia de g\u00e9nero, como una forma de garantizarles una vida libre de violencias.<\/p>\n\n\n\n<p class=\"wp-block-paragraph\">*Coordinadora de la cl\u00ednica jur\u00eddica, Instituto para las Mujeres en la Migraci\u00f3n, AC (IMUMI), difundido en su portal.<\/p>\n","protected":false},"excerpt":{"rendered":"<p>A muchas mujeres el Estado mexicano no las protege ni integral, ni efectivamente: Instituto para las Mujeres en la Migraci\u00f3n<\/p>\n","protected":false},"author":3,"featured_media":72023,"comment_status":"open","ping_status":"open","sticky":false,"template":"","format":"standard","meta":{"_monsterinsights_skip_tracking":false,"footnotes":""},"categories":[682],"tags":[],"class_list":["post-72022","post","type-post","status-publish","format-standard","has-post-thumbnail","category-noticias"],"_links":{"self":[{"href":"https:\/\/redsemlac.com\/semmexico\/wp-json\/wp\/v2\/posts\/72022","targetHints":{"allow":["GET"]}}],"collection":[{"href":"https:\/\/redsemlac.com\/semmexico\/wp-json\/wp\/v2\/posts"}],"about":[{"href":"https:\/\/redsemlac.com\/semmexico\/wp-json\/wp\/v2\/types\/post"}],"author":[{"embeddable":true,"href":"https:\/\/redsemlac.com\/semmexico\/wp-json\/wp\/v2\/users\/3"}],"replies":[{"embeddable":true,"href":"https:\/\/redsemlac.com\/semmexico\/wp-json\/wp\/v2\/comments?post=72022"}],"version-history":[{"count":0,"href":"https:\/\/redsemlac.com\/semmexico\/wp-json\/wp\/v2\/posts\/72022\/revisions"}],"wp:featuredmedia":[{"embeddable":true,"href":"https:\/\/redsemlac.com\/semmexico\/wp-json\/wp\/v2\/media\/72023"}],"wp:attachment":[{"href":"https:\/\/redsemlac.com\/semmexico\/wp-json\/wp\/v2\/media?parent=72022"}],"wp:term":[{"taxonomy":"category","embeddable":true,"href":"https:\/\/redsemlac.com\/semmexico\/wp-json\/wp\/v2\/categories?post=72022"},{"taxonomy":"post_tag","embeddable":true,"href":"https:\/\/redsemlac.com\/semmexico\/wp-json\/wp\/v2\/tags?post=72022"}],"curies":[{"name":"wp","href":"https:\/\/api.w.org\/{rel}","templated":true}]}}