{"id":71999,"date":"2023-09-30T18:28:19","date_gmt":"2023-10-01T00:28:19","guid":{"rendered":"https:\/\/redsemlac.com\/semmexico\/?p=71999"},"modified":"2023-09-30T18:28:53","modified_gmt":"2023-10-01T00:28:53","slug":"dos-anos-de-resistencia-sororidad-memoria-y-exigencia","status":"publish","type":"post","link":"https:\/\/redsemlac.com\/semmexico\/dos-anos-de-resistencia-sororidad-memoria-y-exigencia\/","title":{"rendered":"Dos a\u00f1os de resistencia, sororidad, memoria y exigencia"},"content":{"rendered":"\n<ul class=\"wp-block-list\">\n<li>Nos encontramos aqu\u00ed para transitar juntas el dolor, dice Araceli Osorio<\/li>\n<\/ul>\n\n\n\n<p class=\"wp-block-paragraph\">Lizbeth \u00c1lvarez Mart\u00ednez.<\/p>\n\n\n\n<p class=\"wp-block-paragraph\">SemM\u00e9xico, Oaxaca, 30 de septiembre de 2023.- Este 30 de septiembre se cumplen dos a\u00f1os de la toma de la Glorieta de las Mujeres que Luchan, por mujeres contra la violencia de g\u00e9nero en M\u00e9xico.<\/p>\n\n\n\n<p class=\"wp-block-paragraph\">Para celebrar el segundo a\u00f1o de la toma del espacio f\u00edsico, que representa el espacio seguro que necesitan las mujeres, se organiz\u00f3 una jornada que incluye la remembranza del trabajo colectivo entre ellas.<\/p>\n\n\n\n<p class=\"wp-block-paragraph\">Asimismo, se busca la reivindicaci\u00f3n del territorio con el fin de reconocer la verdad y justicia que buscan en los casos de violencia de g\u00e9nero que existen en el pa\u00eds.<\/p>\n\n\n\n<p class=\"wp-block-paragraph\">Entre las asistentes, estuvo Araceli Osorio, madre de Lesvy Osorio, quien se sum\u00f3 a la lista de feminicidios en M\u00e9xico. En entrevista para Semmexico, expres\u00f3 que la glorieta de \u201cLas Mujeres que Luchan\u201d les ha permitido conjuntar diversas luchas de varias mujeres.<\/p>\n\n\n\n<p class=\"wp-block-paragraph\">\u201cLo que aqu\u00ed estamos haciendo es encontr\u00e1ndonos como otra familia que somos. Nos encontramos aqu\u00ed para transitar juntas el dolor. Para demostrar que juntas somos m\u00e1s fuertes.<\/p>\n\n\n\n<p class=\"wp-block-paragraph\">Nosotras tenemos en nuestras manos no solo la verdad, tenemos las experiencias de vivir de cerca la impunidad por eso podemos arropar a varias mujeres que viven casos similares. Nos est\u00e1n matando, hay una inacci\u00f3n del Estado, pero nosotras nos estamos encargando de buscar esa otra justicia\u201d.<\/p>\n\n\n\n<p class=\"wp-block-paragraph\">Tambi\u00e9n se inaugur\u00f3 la exposici\u00f3n \u00abMujer que lucha, mujer que es luz\u201d, con im\u00e1genes de fot\u00f3grafas que han retratado la lucha de decenas de mujeres.<\/p>\n\n\n\n<p class=\"wp-block-paragraph\">Hubo m\u00fasica y danza para el segundo aniversario. La intervenci\u00f3n de este sitio fue hecha por colectivas de defensoras de la tierra, madres buscadoras y defensoras de derechos humanos.<\/p>\n\n\n\n<p class=\"wp-block-paragraph\">Entre la vendimia de playeras, llaveros, libros, aretes, entre otros art\u00edculos, mujeres que unen a la conmemoraci\u00f3n de este segundo aniversario, reclamando y exigiendo justicia al Estado por los feminicidios y desapariciones en M\u00e9xico.<\/p>\n\n\n\n<figure class=\"wp-block-gallery has-nested-images columns-default is-cropped wp-block-gallery-1 is-layout-flex wp-block-gallery-is-layout-flex\">\n<figure class=\"wp-block-image size-large\"><a href=\"https:\/\/redsemlac.com\/semmexico\/wp-content\/uploads\/2023\/09\/00048ff1-e1f0-420b-a49c-55776ba21ada.jpg\"><img decoding=\"async\" data-id=\"72003\" src=\"https:\/\/redsemlac.com\/semmexico\/wp-content\/uploads\/2023\/09\/00048ff1-e1f0-420b-a49c-55776ba21ada-1024x771.jpg\" alt=\"\" class=\"wp-image-72003\"\/><\/a><\/figure>\n\n\n\n<figure class=\"wp-block-image size-large\"><a href=\"https:\/\/redsemlac.com\/semmexico\/wp-content\/uploads\/2023\/09\/95caef74-1b3f-48c7-acd7-8b1eea208339.jpg\"><img decoding=\"async\" data-id=\"72002\" src=\"https:\/\/redsemlac.com\/semmexico\/wp-content\/uploads\/2023\/09\/95caef74-1b3f-48c7-acd7-8b1eea208339-1024x771.jpg\" alt=\"\" class=\"wp-image-72002\"\/><\/a><\/figure>\n\n\n\n<figure class=\"wp-block-image size-large\"><a href=\"https:\/\/redsemlac.com\/semmexico\/wp-content\/uploads\/2023\/09\/72379189-6f1f-4028-9bf3-19d7414f4905.jpg\"><img decoding=\"async\" data-id=\"72004\" src=\"https:\/\/redsemlac.com\/semmexico\/wp-content\/uploads\/2023\/09\/72379189-6f1f-4028-9bf3-19d7414f4905-1024x771.jpg\" alt=\"\" class=\"wp-image-72004\"\/><\/a><\/figure>\n<\/figure>\n\n\n<div class=\"wp-block-image\">\n<figure class=\"aligncenter size-large is-resized\"><a href=\"https:\/\/redsemlac.com\/semmexico\/wp-content\/uploads\/2023\/09\/4fbf40ee-5268-4f83-8aa8-b9924fc07a86-1.jpg\"><img loading=\"lazy\" decoding=\"async\" src=\"https:\/\/redsemlac.com\/semmexico\/wp-content\/uploads\/2023\/09\/4fbf40ee-5268-4f83-8aa8-b9924fc07a86-1-771x1024.jpg\" alt=\"\" class=\"wp-image-72006\" style=\"width:249px;height:331px\" width=\"249\" height=\"331\"\/><\/a><\/figure>\n<\/div>","protected":false},"excerpt":{"rendered":"<p>Este 30 de septiembre se cumplen dos a\u00f1os de la toma de la Glorieta de las Mujeres que Luchan, por mujeres contra la violencia de g\u00e9nero en M\u00e9xico.<\/p>\n","protected":false},"author":3,"featured_media":72001,"comment_status":"open","ping_status":"open","sticky":false,"template":"","format":"standard","meta":{"_monsterinsights_skip_tracking":false,"footnotes":""},"categories":[54],"tags":[],"class_list":["post-71999","post","type-post","status-publish","format-standard","has-post-thumbnail","category-mujeres"],"_links":{"self":[{"href":"https:\/\/redsemlac.com\/semmexico\/wp-json\/wp\/v2\/posts\/71999","targetHints":{"allow":["GET"]}}],"collection":[{"href":"https:\/\/redsemlac.com\/semmexico\/wp-json\/wp\/v2\/posts"}],"about":[{"href":"https:\/\/redsemlac.com\/semmexico\/wp-json\/wp\/v2\/types\/post"}],"author":[{"embeddable":true,"href":"https:\/\/redsemlac.com\/semmexico\/wp-json\/wp\/v2\/users\/3"}],"replies":[{"embeddable":true,"href":"https:\/\/redsemlac.com\/semmexico\/wp-json\/wp\/v2\/comments?post=71999"}],"version-history":[{"count":0,"href":"https:\/\/redsemlac.com\/semmexico\/wp-json\/wp\/v2\/posts\/71999\/revisions"}],"wp:featuredmedia":[{"embeddable":true,"href":"https:\/\/redsemlac.com\/semmexico\/wp-json\/wp\/v2\/media\/72001"}],"wp:attachment":[{"href":"https:\/\/redsemlac.com\/semmexico\/wp-json\/wp\/v2\/media?parent=71999"}],"wp:term":[{"taxonomy":"category","embeddable":true,"href":"https:\/\/redsemlac.com\/semmexico\/wp-json\/wp\/v2\/categories?post=71999"},{"taxonomy":"post_tag","embeddable":true,"href":"https:\/\/redsemlac.com\/semmexico\/wp-json\/wp\/v2\/tags?post=71999"}],"curies":[{"name":"wp","href":"https:\/\/api.w.org\/{rel}","templated":true}]}}