{"id":71991,"date":"2023-09-30T10:13:12","date_gmt":"2023-09-30T16:13:12","guid":{"rendered":"https:\/\/redsemlac.com\/semmexico\/?p=71991"},"modified":"2023-09-30T10:13:14","modified_gmt":"2023-09-30T16:13:14","slug":"la-impunidad-persiste-en-los-crimenes-contra-las-activistas-de-derechos-humanos-en-mexico-2","status":"publish","type":"post","link":"https:\/\/redsemlac.com\/semmexico\/la-impunidad-persiste-en-los-crimenes-contra-las-activistas-de-derechos-humanos-en-mexico-2\/","title":{"rendered":"La impunidad persiste en los cr\u00edmenes contra las activistas de derechos humanos en M\u00e9xico"},"content":{"rendered":"\n<p class=\"wp-block-paragraph\"><strong>UNIC\/M\u00e9xico <\/strong>Manifestaci\u00f3n en la Ciudad de M\u00e9xico en protesta por la desaparici\u00f3n de los 43 estudiantes de Ayotzinapa. (Foto de archivo)<\/p>\n\n\n\n<p class=\"wp-block-paragraph\">Tres relatoras denunciaron brutales ataques a dos defensoras<\/p>\n\n\n\n<p class=\"wp-block-paragraph\">Exigen al gobierno que garantice la seguridad de quienes trabajan en favor de los derechos humanos<\/p>\n\n\n\n<p class=\"wp-block-paragraph\">Redacci\u00f3n<\/p>\n\n\n\n<p class=\"wp-block-paragraph\">SemM\u00e9xico, Ciudad de M\u00e9xico, 30 de septimbre, 2023.- Una terna de expertas de Naciones Unidas en Derechos Humanos conminan al gobierno de M\u00e9xico a detener los ataques a defensoras de derechos humanos, a reparar el da\u00f1o a las v\u00edctimas y a garantizar medidas de protecci\u00f3n, ahora inoperantes.<\/p>\n\n\n\n<p class=\"wp-block-paragraph\">Urgen al gobierno de Andr\u00e9s Manuel L\u00f3pez Obrador a \u201cadoptar todas las medidas necesarias para&nbsp;<strong>evitar da\u00f1os irreparables a la vida e integridad<\/strong>&nbsp;de quienes buscan a personas desaparecidas forzadamente\u201d, al igual que la de sus familiares, de los movimientos de la sociedad civil, y de las organizaciones y servidores p\u00fablicos abocados a esa causa.<\/p>\n\n\n\n<p class=\"wp-block-paragraph\">Le dicen, en una comunicaci\u00f3n al conmemorarse este mi\u00e9rcoles el&nbsp;D\u00eda Internacional de las V\u00edctimas de Desapariciones Forzadas, que est\u00e1 obligado el gobierno a cumplir con sus compromisos internacionales y garantizar los derechos humanos.<\/p>\n\n\n\n<p class=\"wp-block-paragraph\">Las expertas denunciaron los brutales ataques a dos defensoras de las garant\u00edas fundamentales inscritas en el mecanismo de protecci\u00f3n que otorga el pa\u00eds a esas personas. Las agresiones ocurrieron en marzo y mayo pasados y a\u00fan contin\u00faan las investigaciones. Las relatoras instan al gobierno mexicano a garantizar la seguridad de quienes trabajan en favor de los derechos humanos<\/p>\n\n\n\n<p class=\"wp-block-paragraph\">En un comunicado conjunto respaldado por el&nbsp;Grupo de Trabajo sobre Desapariciones Forzadas&nbsp;y por el Comit\u00e9 contra la Desaparici\u00f3n Forzada, las relatoras especiales se refirieron a&nbsp;<strong>la intimidaci\u00f3n, los ataques e, incluso, la muerte violenta<\/strong>&nbsp;que enfrentan las mujeres defensoras de los derechos humanos que buscan a sus seres queridos desaparecidos.<\/p>\n\n\n\n<p class=\"wp-block-paragraph\">Es indignante<\/p>\n\n\n\n<p class=\"wp-block-paragraph\">\u201cEs&nbsp;indignante que quienes buscan a familiares y seres queridos desaparecidos forzadamente&nbsp;<strong>sigan siendo atacados y enfrentando violencia<\/strong>&nbsp;en M\u00e9xico\u201d, recalcaron las relatoras especiales sobre la situaci\u00f3n de los defensores y defensoras de derechos humanos, Mary Lawlor; y&nbsp;sobre la violencia contra las mujeres y ni\u00f1as, Reem Alsalem; y la experta sobre derechos humanos de las personas mayores, Claudia Mahler.<\/p>\n\n\n\n<p class=\"wp-block-paragraph\">Las expertas citaron concretamente dos casos de activistas&nbsp;<strong>atacadas pese a ser beneficiarias del mecanismo federal de protecci\u00f3n<\/strong>&nbsp;para defensores de derechos humanos y periodistas.<\/p>\n\n\n\n<p class=\"wp-block-paragraph\">El 2 de mayo de 2023,&nbsp;<strong>Teresa Magueyal sufri\u00f3 brutales disparos<\/strong>&nbsp;mientras andaba en bicicleta en la ciudad de Celaya, en el estado de Guanajuato. Dos meses antes, el 4 de marzo de 2023, la tambi\u00e9n defensora de los derechos humanos&nbsp;<strong>Araceli Rodr\u00edguez Nava, fue atacada en Chilpancingo<\/strong>, estado de Guerrero. Rodr\u00edguez Nava contin\u00faa buscando a su hijo desaparecido.<\/p>\n\n\n\n<p class=\"wp-block-paragraph\">Ambos casos siguen bajo investigaci\u00f3n, pero las v\u00edctimas y sus familiares&nbsp;<strong>apenas han recibido informaci\u00f3n<\/strong>&nbsp;sobre los resultados de las pesquisas.<\/p>\n\n\n\n<p class=\"wp-block-paragraph\">Las expertas instaron al gobierno mexicano a garantizar que los defensores de los derechos humanos que trabajan en desapariciones forzadas puedan ejercer su labor en libertad y seguridad.<\/p>\n\n\n\n<p class=\"wp-block-paragraph\">Crimen organizado <strong><\/strong><\/p>\n\n\n\n<p class=\"wp-block-paragraph\">Destacaron que las desapariciones forzadas y los ataques a quienes buscan a sus seres queridos est\u00e1n vinculados al crimen organizado,&nbsp;<strong>la extorsi\u00f3n, la trata de personas, las redes de secuestro, la corrupci\u00f3n<\/strong>&nbsp;y la colusi\u00f3n con las autoridades.&nbsp;<\/p>\n\n\n\n<p class=\"wp-block-paragraph\">En este sentido, afirmaron que desempe\u00f1ar su tarea en un entorno de miedo constante, amenazas e inseguridad tiene un&nbsp;<strong>efecto disuasivo<\/strong>&nbsp;en los familiares de las v\u00edctimas, los actores de la sociedad civil, y los activistas y organizaciones de derechos humanos&nbsp;<\/p>\n\n\n\n<p class=\"wp-block-paragraph\">\u201cMuchos de ellos son mujeres y personas mayores, lo que agrava su riesgo de ser agredidas y encontrarse en situaciones de&nbsp;<strong>vulnerabilidad<\/strong>\u201d, acotaron.<\/p>\n\n\n\n<p class=\"wp-block-paragraph\">Tambi\u00e9n consideraron que se deben adoptar medidas de protecci\u00f3n que tengan en cuenta las&nbsp;<strong>m\u00faltiples formas de discriminaci\u00f3n, como el g\u00e9nero y la edad<\/strong>.<\/p>\n\n\n\n<p class=\"wp-block-paragraph\">Tras manifestar su indignaci\u00f3n por las embestidas contra las mujeres que defienden las garant\u00edas fundamentales, hicieron patente su enorme&nbsp;<strong>preocupaci\u00f3n por la impunidad<\/strong>&nbsp;que rodea esos cr\u00edmenes, aunque sean denunciados.&nbsp;<\/p>\n\n\n\n<p class=\"wp-block-paragraph\">La protecci\u00f3n no es efectiva<\/p>\n\n\n\n<p class=\"wp-block-paragraph\">Afirmaron que las medidas de prevenci\u00f3n y protecci\u00f3n a las v\u00edctimas no son efectivas o&nbsp;<strong>no se proporcionan<\/strong>.<\/p>\n\n\n\n<p class=\"wp-block-paragraph\">Las expertas puntualizaron que el Gobierno de M\u00e9xico&nbsp;<strong>precisa investigar, procesar e imponer sanciones apropiadas<\/strong>&nbsp;con prontitud a cualquier persona que sea responsable de violaciones y arremetidas contra los derechos humanos.<\/p>\n\n\n\n<p class=\"wp-block-paragraph\">En su declaraci\u00f3n, las relatoras subrayaron que como parte de la campa\u00f1a presidencial \u201cDe Frente a la Libertad\u201d, que busca visibilizar los riesgos que enfrentan los periodistas y personas defensoras de derechos humanos mexicanos, se&nbsp;<strong>deben tomar medidas efectivas para proteger<\/strong>&nbsp;a las personas defensoras de derechos humanos y evitar que vuelvan a ocurrir agresiones contra ellas.<\/p>\n\n\n\n<p class=\"wp-block-paragraph\">La iniciativa es coauspiciada por la Presidencia de M\u00e9xico, la Uni\u00f3n Europea y la Oficina en M\u00e9xico del Alto Comisionado de la ONU para los Derechos Humanos.<\/p>\n\n\n\n<p class=\"wp-block-paragraph\">\u201cSe debe hacer m\u00e1s para proteger eficazmente los derechos de las personas defensoras de los derechos humanos en su b\u00fasqueda de la verdad y la justicia, y esto entra dentro de las&nbsp;<strong>obligaciones de derechos humanos del gobierno mexicano<\/strong>\u201d, puntualizaron las expertas.<br>&nbsp;<\/p>\n","protected":false},"excerpt":{"rendered":"<p>Una terna de expertas de Naciones Unidas en Derechos Humanos conminan al gobierno de M\u00e9xico a detener los ataques a defensoras de derechos humanos, a reparar el da\u00f1o a las v\u00edctimas y a garantizar medidas de protecci\u00f3n, ahora inoperantes.<\/p>\n","protected":false},"author":3,"featured_media":71992,"comment_status":"open","ping_status":"open","sticky":false,"template":"","format":"standard","meta":{"_monsterinsights_skip_tracking":false,"footnotes":""},"categories":[53],"tags":[],"class_list":["post-71991","post","type-post","status-publish","format-standard","has-post-thumbnail","category-internacional"],"_links":{"self":[{"href":"https:\/\/redsemlac.com\/semmexico\/wp-json\/wp\/v2\/posts\/71991","targetHints":{"allow":["GET"]}}],"collection":[{"href":"https:\/\/redsemlac.com\/semmexico\/wp-json\/wp\/v2\/posts"}],"about":[{"href":"https:\/\/redsemlac.com\/semmexico\/wp-json\/wp\/v2\/types\/post"}],"author":[{"embeddable":true,"href":"https:\/\/redsemlac.com\/semmexico\/wp-json\/wp\/v2\/users\/3"}],"replies":[{"embeddable":true,"href":"https:\/\/redsemlac.com\/semmexico\/wp-json\/wp\/v2\/comments?post=71991"}],"version-history":[{"count":0,"href":"https:\/\/redsemlac.com\/semmexico\/wp-json\/wp\/v2\/posts\/71991\/revisions"}],"wp:featuredmedia":[{"embeddable":true,"href":"https:\/\/redsemlac.com\/semmexico\/wp-json\/wp\/v2\/media\/71992"}],"wp:attachment":[{"href":"https:\/\/redsemlac.com\/semmexico\/wp-json\/wp\/v2\/media?parent=71991"}],"wp:term":[{"taxonomy":"category","embeddable":true,"href":"https:\/\/redsemlac.com\/semmexico\/wp-json\/wp\/v2\/categories?post=71991"},{"taxonomy":"post_tag","embeddable":true,"href":"https:\/\/redsemlac.com\/semmexico\/wp-json\/wp\/v2\/tags?post=71991"}],"curies":[{"name":"wp","href":"https:\/\/api.w.org\/{rel}","templated":true}]}}