{"id":71985,"date":"2023-09-29T18:01:50","date_gmt":"2023-09-30T00:01:50","guid":{"rendered":"https:\/\/redsemlac.com\/semmexico\/?p=71985"},"modified":"2023-09-29T18:01:52","modified_gmt":"2023-09-30T00:01:52","slug":"abandonan-asistentes-evento-de-sheinbaum-en-pachuca-y-la-interrumpieron-estudiantes-al-denunciar-acoso-sexual","status":"publish","type":"post","link":"https:\/\/redsemlac.com\/semmexico\/abandonan-asistentes-evento-de-sheinbaum-en-pachuca-y-la-interrumpieron-estudiantes-al-denunciar-acoso-sexual\/","title":{"rendered":"Abandonan asistentes evento de Sheinbaum en Pachuca y la interrumpieron estudiantes, al denunciar acoso sexual"},"content":{"rendered":"\n<ul class=\"wp-block-list\">\n<li><strong>\u00abAhora los atiendo\u00bb, fue la promesa de la aspirante presidencial, pero se quedaron esperando<\/strong><\/li>\n<\/ul>\n\n\n\n<p class=\"wp-block-paragraph\"><strong>Martha Mart\u00ednez*<\/strong><\/p>\n\n\n\n<p class=\"wp-block-paragraph\">SemM\u00e9xico, Pachuca, Hidalgo, 29 de septiembre, 2023.- A&nbsp;Claudia Sheinbaum&nbsp;la fueron dejando sola en la&nbsp;Plaza de Toros de&nbsp;Pachuca, donde acudi\u00f3 a firmar el&nbsp;Acuerdo de Unidad para la&nbsp;Transformaci\u00f3n de Hidalgo.<\/p>\n\n\n\n<p class=\"wp-block-paragraph\">La doctora, como le llaman sus colaboradores, fue recibida en una plaza en la que pod\u00edan verse asientos vac\u00edos y por asistentes desesperados por el fr\u00edo, quienes rechiflaron en un par de ocasiones, en demanda de que iniciara el evento.<br><br>A pesar de ello, antes de la Coordinadora de Defensa de la Cuarta Transformaci\u00f3n hablaron el&nbsp;dirigente estatal de Morena, Marco Antonio&nbsp;Rico, su vocero,&nbsp;Gerardo Fern\u00e1ndez Noro\u00f1a&nbsp;y el&nbsp;presidente nacional de&nbsp;Morena, Mario Delgado.<br><br>Rico reconoci\u00f3 a la militancia de los partidos que conforman la&nbsp;coalici\u00f3n Juntos Hacemos Historia&nbsp;que, en el caso de Hidalgo, suma al&nbsp;Partido Nueva Alianza, y les pidi\u00f3 que salgan a la calle y que no dejen una sola puerta sin tocar.<\/p>\n\n\n\n<p class=\"wp-block-paragraph\">\u00abSalgamos entonces a la calle, que ninguna puerta se quede sin tocar, porque nosotras, nosotros s\u00ed sabemos dialogar con nuestro pueblo, que, en cada municipio, localidad se escuche el nombre de&nbsp;Claudia Sheinbaum\u00bb, pidi\u00f3.<\/p>\n\n\n\n<p class=\"wp-block-paragraph\">Noro\u00f1a, por su parte, les dej\u00f3 la tarea de mantener la unidad en el estado, para garantizar que&nbsp;PRI, PAN y PRD&nbsp;no salgan del \u00abbasurero de la historia\u00bb.<\/p>\n\n\n\n<p class=\"wp-block-paragraph\"><br>\u00abNecesitamos ganar dos tercios de diputados, dos tercios del&nbsp;Senado&nbsp;y la mayor\u00eda de los&nbsp;Congresos locales, para hacer las reformas Constitucionales necesarias y tambi\u00e9n mandar al&nbsp;Poder Judicial&nbsp;al basurero de la historia, porque es un poder corrompido\u00bb, dijo.<br><br>Mario Delgado record\u00f3 que el&nbsp;Presidente Andr\u00e9s Manuel L\u00f3pez&nbsp;Obrador&nbsp;le entreg\u00f3 a Sheinbaum el bast\u00f3n de mando del movimiento y llam\u00f3 a empresarios, maestros y deportistas a sumarse a \u00e9ste.<\/p>\n\n\n\n<p class=\"wp-block-paragraph\"><br>Para evitar las rechiflas de las bases morenistas registradas en eventos pasados por la adhesi\u00f3n de ex priistas, los organizadores optaron por transmitir un video en el que mencionaron a los personajes que firmaron el&nbsp;Acuerdo de Unidad.<br><br>No obstante, en el video mencionaron \u00fanicamente a empresarios, deportistas, cantantes, artistas e investigadoras y dejaron en suspenso un \u00abentre otros\u00bb.<\/p>\n\n\n\n<p class=\"wp-block-paragraph\"><br><strong>Al tomar la palabra, Sheinbaum fue interrumpida por un grupo de estudiantes de la&nbsp;Universidad Aut\u00f3noma del<\/strong> Estado de Hidalgo, quienes demandaban un alto al acoso sexual y la destituci\u00f3n del&nbsp;rector Octavio&nbsp;Castillo Acosta.<\/p>\n\n\n\n<p class=\"wp-block-paragraph\"><br>\u00abAhora los atiendo\u00bb, fue la promesa de la aspirante presidencial.<\/p>\n\n\n\n<p class=\"wp-block-paragraph\"><br>Sin embargo, la demanda le dio el pretexto para recordad que cuando ten\u00eda 15 a\u00f1os, luch\u00f3 junto con el \u00abmovimiento de rechazados\u00bb de las universidades p\u00fablicas.<br><br>Sheinbaum afirm\u00f3 que hoy, M\u00e9xico est\u00e1 mejor que nunca, porque hay una pensi\u00f3n universal, becas para estudiantes de escasos recursos y obras p\u00fablicas que ni en sue\u00f1os se hubieran pensado, como el&nbsp;Tren Maya&nbsp;o el&nbsp;Tren&nbsp;Interoce\u00e1nico, que va del Pac\u00edfico al Golfo.<br><br>La ex Jefa de Gobierno capitalino sostuvo que el actual Gobierno federal ha demostrado que el \u00abhumanismo mexicano\u00bb da resultados, porque ha disminuido la pobreza y las desigualdades, adem\u00e1s de que el actual es, posiblemente, el mejor momento econ\u00f3mico del Pa\u00eds.<\/p>\n\n\n\n<p class=\"wp-block-paragraph\"><br>Hab\u00edan pasado menos de ocho minutos de su discurso y para ese momento, la gente comenzaba a levantarse de su asiento, para abandonar la plaza de toros.<br><br>\u00abAhora con esta analog\u00eda (del segundo piso del Perif\u00e9rico) digo que nos toca, a ustedes tambi\u00e9n, nos va a tocar construir el segundo piso de la\u00a0Cuarta\u00a0Transformaci\u00f3n\u00a0de la vida p\u00fablica de M\u00e9xico\u00bb, dijo, mientras la gente continuaban saliendo.<br><br>Sheinbaum hac\u00eda preguntas al p\u00fablico, se dirig\u00eda a los sectores del Panal que estaban enfrente de ella y asegur\u00f3 que hab\u00eda empresarios presentes, pero a pesar de ello, la plaza de toros continuaba vaci\u00e1ndose.<br><\/p>\n\n\n\n<p class=\"wp-block-paragraph\">\u00abPor esto estamos ahora recorriendo el pa\u00eds, para hacer esta gira que se llama La Esperanza nos Une, porque la esperanza del pueblo de M\u00e9xico no est\u00e1 en el pasado, la esperanza del pueblo de M\u00e9xico est\u00e1 con la Cuarta Transformaci\u00f3n\u00bb, dijo, mientras los asistentes caminaban hacia las salidas.<\/p>\n\n\n\n<p class=\"wp-block-paragraph\"><br>Para cuando Sheinbaum anunci\u00f3 el&nbsp;\u00abPlan C\u00bb&nbsp;de su partido, es decir, la renovaci\u00f3n de los tres Poderes de la Uni\u00f3n, incluido el Judicial, el recinto ya luc\u00eda semivac\u00edo.<br><br>\u00abVamos a ganar nuevamente el 2024, y vamos a generar las condiciones para hacer lo que llamamos, y que todos saben, el Plan C, que significa que haya transformaci\u00f3n en todos los Poderes de la Uni\u00f3n, no s\u00f3lo en el Ejecutivo, no solamente en el Legislativo, sino que tiene que haber cambios tambi\u00e9n en el&nbsp;Poder Judicial.<br><br>\u00abQue se transforme la&nbsp;Suprema Corte de Justicia de la Naci\u00f3n, el&nbsp;Poder Judicial, para que la justicia llegue a los m\u00e1s pobres, a las mujeres\u00bb, continu\u00f3.<br>Al concluir el evento, los estudiantes de la&nbsp;UAEH&nbsp;desplegaron una manta en la que le\u00eda \u00abAlto al encubrimiento de acosadores\u00bb, en espera de ser atendidos por la aspirante presidencial.<\/p>\n\n\n\n<p class=\"has-small-font-size wp-block-paragraph\">*Reportera del Diario Reforma<\/p>\n","protected":false},"excerpt":{"rendered":"<p>\u00abAhora los atiendo\u00bb, fue la promesa de la aspirante presidencial, pero se quedaron esperando<\/p>\n","protected":false},"author":3,"featured_media":71986,"comment_status":"open","ping_status":"open","sticky":false,"template":"","format":"standard","meta":{"_monsterinsights_skip_tracking":false,"footnotes":""},"categories":[141],"tags":[228],"class_list":["post-71985","post","type-post","status-publish","format-standard","has-post-thumbnail","category-elecciones-2020-2021","tag-elecciones"],"_links":{"self":[{"href":"https:\/\/redsemlac.com\/semmexico\/wp-json\/wp\/v2\/posts\/71985","targetHints":{"allow":["GET"]}}],"collection":[{"href":"https:\/\/redsemlac.com\/semmexico\/wp-json\/wp\/v2\/posts"}],"about":[{"href":"https:\/\/redsemlac.com\/semmexico\/wp-json\/wp\/v2\/types\/post"}],"author":[{"embeddable":true,"href":"https:\/\/redsemlac.com\/semmexico\/wp-json\/wp\/v2\/users\/3"}],"replies":[{"embeddable":true,"href":"https:\/\/redsemlac.com\/semmexico\/wp-json\/wp\/v2\/comments?post=71985"}],"version-history":[{"count":0,"href":"https:\/\/redsemlac.com\/semmexico\/wp-json\/wp\/v2\/posts\/71985\/revisions"}],"wp:featuredmedia":[{"embeddable":true,"href":"https:\/\/redsemlac.com\/semmexico\/wp-json\/wp\/v2\/media\/71986"}],"wp:attachment":[{"href":"https:\/\/redsemlac.com\/semmexico\/wp-json\/wp\/v2\/media?parent=71985"}],"wp:term":[{"taxonomy":"category","embeddable":true,"href":"https:\/\/redsemlac.com\/semmexico\/wp-json\/wp\/v2\/categories?post=71985"},{"taxonomy":"post_tag","embeddable":true,"href":"https:\/\/redsemlac.com\/semmexico\/wp-json\/wp\/v2\/tags?post=71985"}],"curies":[{"name":"wp","href":"https:\/\/api.w.org\/{rel}","templated":true}]}}