{"id":71933,"date":"2023-09-29T15:26:48","date_gmt":"2023-09-29T21:26:48","guid":{"rendered":"https:\/\/redsemlac.com\/semmexico\/?p=71933"},"modified":"2023-09-29T15:27:42","modified_gmt":"2023-09-29T21:27:42","slug":"monica-robles-barajas-y-rocio-nahle-buscan-coordinar-trabajos-en-defensa-de-la-4t-en-veracruz","status":"publish","type":"post","link":"https:\/\/redsemlac.com\/semmexico\/monica-robles-barajas-y-rocio-nahle-buscan-coordinar-trabajos-en-defensa-de-la-4t-en-veracruz\/","title":{"rendered":"M\u00f3nica Robles Barajas y Roc\u00edo Nahle buscan Coordinar trabajos en defensa de la 4t en Veracruz"},"content":{"rendered":"\n<ul class=\"wp-block-list\">\n<li><strong>A unas horas que Morena decida sobre quienes contendr\u00e1n, en varios municipios aparecen bardas y una manta en repudio a la todav\u00eda secretaria de Energ\u00eda<\/strong><\/li>\n\n\n\n<li><strong>La decisi\u00f3n del partido oficialista deber\u00e1 ajustarse a la ley y cumplir con el principio constitucional de la paridad<\/strong><\/li>\n<\/ul>\n\n\n\n<p class=\"wp-block-paragraph\"><strong>Sara Lovera<\/strong><\/p>\n\n\n\n<p class=\"wp-block-paragraph\">Ciudad de M\u00e9xico, 29 de septiembre 2023.- Mientas M\u00f3nica Robles Barajas, exdiputada local por Morena, se registr\u00f3 dese el martes como aspirante a la Coordinaci\u00f3n de los Comit\u00e9s para la Defensa de la Cuarta Transformaci\u00f3n en Veracruz, y todav\u00eda no se inscribe Roc\u00edo Nahle, Garc\u00eda.<\/p>\n\n\n\n<p class=\"wp-block-paragraph\">Robles Barajas dijo &nbsp;cumplir con todos y cada uno de los requisitos establecidos en la Convocatoria.<\/p>\n\n\n\n<p class=\"wp-block-paragraph\">La exdiputada, aliada de las veracruzanas, se la califica como humanista, ambientalista y defensora de los derechos de las mujeres, para alcanzar la igualdad sustantiva. Nahle Garc\u00eda, es ingeniera, originaria de Zacatecas, fue elegida en 2012 como diputada federal por el distrito 11 de Veracruz.<\/p>\n\n\n\n<p class=\"wp-block-paragraph\">En diferentes municipios como Acayucan, Xalapa, Coatepec, Emiliano Zapata, Minatitl\u00e1n entre otros, pintaron bardas &nbsp;que dicen: &nbsp;No a la zacatecana \u00a1Fuera Nahle!, Refiri\u00e9ndose a la todav\u00eda secretaria de Energ\u00eda. Roc\u00edo Nahle Garc\u00eda.<\/p>\n\n\n\n<p class=\"wp-block-paragraph\">Tambi\u00e9n&nbsp; en Xalapa, la capital veracruzana, &nbsp;en la avenida L\u00e1zaro C\u00e1rdenas a la altura del acceso a los autobuses de la Central de Autobuses CAXA, se ve &nbsp;una la lona que dice: \u201cNO a la ZACATECANA, FUERA NAHLE\u201d. Al parecer es una reacci\u00f3n por no ser originaria de Veracruz. La Constituci\u00f3n de la entidad permite a una hija o hijo de veracruzano aspirar a cargos de elecci\u00f3n popular o tener una residencia en Veracruz, de 5 a\u00f1os, antes de la elecci\u00f3n. &nbsp;<\/p>\n\n\n<div class=\"wp-block-image\">\n<figure class=\"aligncenter size-full\"><a href=\"https:\/\/redsemlac.com\/semmexico\/wp-content\/uploads\/2023\/09\/Imagen7-10.jpg\"><img loading=\"lazy\" decoding=\"async\" width=\"655\" height=\"437\" src=\"https:\/\/redsemlac.com\/semmexico\/wp-content\/uploads\/2023\/09\/Imagen7-10.jpg\" alt=\"\" class=\"wp-image-71936\"\/><\/a><\/figure>\n<\/div>\n\n\n<p class=\"wp-block-paragraph\">Todo esto sucede a &nbsp;unas horas de que se lleve a cabo la elecci\u00f3n interna de Morena en Veracruz en donde saldr\u00e1n los primeros cuatro nombres que estar\u00e1n en la encuesta para la elecci\u00f3n del Coordinador de los Comit\u00e9s de Defensa de la Transformaci\u00f3n.<\/p>\n\n\n\n<p class=\"wp-block-paragraph\">Hoy en punto de las 6 de la tarde est\u00e1n citados las y los consejeros estatales de Morena, quienes coordinados por la Secretar\u00eda del Trabajo Dorheny Garc\u00eda Cayetano y el dirigente estatal, Esteban Ram\u00edrez Zepeta, tienen la responsabilidad de elegir a dos mujeres y dos hombres que ser\u00e1n los que designen para someterse a la encuesta que habr\u00e1 de hacer el Comit\u00e9 Nacional para elegir al pr\u00f3ximo candidato a gobernador de Veracruz.<\/p>\n\n\n\n<p class=\"wp-block-paragraph\">Hasta el momento se sabe que se inscribieron 4 mujeres y 18 hombres, de los cuales el Consejo Estatal elegir\u00e1 a s\u00f3lo a 4 personajes.<\/p>\n\n\n<div class=\"wp-block-image\">\n<figure class=\"aligncenter size-full\"><a href=\"https:\/\/redsemlac.com\/semmexico\/wp-content\/uploads\/2023\/09\/Imagen8-6.jpg\"><img loading=\"lazy\" decoding=\"async\" width=\"635\" height=\"357\" src=\"https:\/\/redsemlac.com\/semmexico\/wp-content\/uploads\/2023\/09\/Imagen8-6.jpg\" alt=\"\" class=\"wp-image-71935\"\/><\/a><\/figure>\n<\/div>\n\n\n<p class=\"wp-block-paragraph\">Robles Barajas expres\u00f3 que como exparlamentaria est\u00e1&nbsp; consciente de las necesidades de las y los veracruzanos, as\u00ed como los retos por venir. Record\u00f3 que es tiempo de las mujeres y de continuar avanzando, impulsando y defendiendo los principios que a lo largo de estos 5 a\u00f1os han permitido la transformaci\u00f3n de M\u00e9xico.<\/p>\n\n\n\n<p class=\"wp-block-paragraph\">Se\u00f1al\u00f3 que es importante continuar impulsando los principios establecidos por el presidente de la Rep\u00fablica Mexicana, Andr\u00e9s Manuel L\u00f3pez Obrador. Tras realizar su registro en l\u00ednea reiter\u00f3 que ser\u00e1 respetuosa de los resultados y la determinaci\u00f3n de su Partido para la designaci\u00f3n de la o el coordinador de los Comit\u00e9s para la Defensa de la cuarta transformaci\u00f3n.<\/p>\n\n\n\n<h2 class=\"wp-block-heading\"><strong>\u00bfQui\u00e9n es M\u00f3nica Robles Barajas?<\/strong><\/h2>\n\n\n\n<p class=\"wp-block-paragraph\">Nacida en Veracruz,&nbsp;&nbsp; estudio administraci\u00f3n y econom\u00eda. De familia period\u00edstica y de izquierda, se la reconoce por su lucha en la defensa de los derechos humanos y la igualdad de g\u00e9nero. Ha dicho estar consciente de la importancia de una sociedad m\u00e1s incluyente, m\u00e1s justa, m\u00e1s pr\u00f3spera e igualitaria. Social, en los campos laboral, pol\u00edtico y empresarial.<\/p>\n\n\n\n<p class=\"wp-block-paragraph\">Es maestra en Administraci\u00f3n de Empresas, Universidad de Columbia N.Y., licenciada &nbsp;en Econom\u00eda por el ITAM. Fue presidenta&nbsp; &nbsp;del Corporativo Imagen del Golfo \u2013 que hace 40 a\u00f1os publica diarios y revistas en Veracruz. Fue Diputada Local por mayor\u00eda relativa, Distrito XXIX Coatzacoalcos, LXIII Legislatura. Presidenta del DIF de Coatzacoalcos, Veracruz.<\/p>\n\n\n\n<p class=\"wp-block-paragraph\">&nbsp;Robles Barajas &nbsp;como diputada local, destac\u00f3 por su defensa de los derechos humanos, especialmente de las mujeres, los ni\u00f1os y las personas LGBT. Impulso reformas al c\u00f3digo civil y al c\u00f3digo penal de Veracruz para garantizar la igualdad sustantiva, el matrimonio igualitario, el derecho a la identidad de g\u00e9nero y la despenalizaci\u00f3n del aborto.<\/p>\n\n\n\n<figure class=\"wp-block-image size-large\"><a href=\"https:\/\/redsemlac.com\/semmexico\/wp-content\/uploads\/2023\/09\/Imagen9-4.jpg\"><img decoding=\"async\" src=\"https:\/\/redsemlac.com\/semmexico\/wp-content\/uploads\/2023\/09\/Imagen9-4-1024x683.jpg\" alt=\"\" class=\"wp-image-71934\"\/><\/a><\/figure>\n\n\n\n<h2 class=\"wp-block-heading\"><strong>Qui\u00e9n es Roc\u00edo Nahle Garc\u00eda<\/strong><\/h2>\n\n\n\n<p class=\"wp-block-paragraph\">Norma Roc\u00edo Nahle Garc\u00eda, naci\u00f3 en R\u00edo Grande, Zacatecas; en abril de 1964; &nbsp;ingeniera qu\u00edmica, egresada de la Universidad Aut\u00f3noma de Zacatecas (1986); diplomada en Ingenier\u00eda Qu\u00edmica de procesos por la UNAM y&nbsp; Viabilidad Econ\u00f3mica en Procesos Industriales por la Universidad Veracruzana.<\/p>\n\n\n\n<p class=\"wp-block-paragraph\">&nbsp;Es integrante de &nbsp;Morena, responsable de la Refiner\u00eda de Dos Bocas, como &nbsp;secretaria de Energ\u00eda &nbsp;encargo desde 1 de diciembre de 2018.<\/p>\n\n\n\n<p class=\"wp-block-paragraph\">Es senadora con licencia, fue Coordinadora del Grupo Parlamentario de su partido en la C\u00e1mara de Diputados.\u200b Fue diputada federal por el Distrito 11 de Veracruz, con sede en Coatzacoalcos. No tiene antecedentes en la defensa o en el movimiento de las mujeres.<\/p>\n\n\n\n<p class=\"wp-block-paragraph\">Trabaj\u00f3 en los complejos Petroqu\u00edmicos de Pajaritos,( Coatzacoalcos)) Cangrejera y Morelos de PEMEX,&nbsp; integrante del grupo Ingenieros Pemex Constituci\u00f3n de 1917 (G-17) y del Comit\u00e9 Nacional de Estudios de la Energ\u00eda (CNEE) de Am\u00e9rica Latina y el Caribe. Ha sido asesora de la Comisi\u00f3n de Energ\u00eda en la H. C\u00e1mara de Diputados en la LIX y LXI Legislatura y del Senado de la Rep\u00fablica en la LXII Legislatura.<\/p>\n\n\n\n<p class=\"wp-block-paragraph\">En 2012 fue candidata a diputada federal en el distrito 11 de Veracruz por la coalici\u00f3n del Partido de la Revoluci\u00f3n Democr\u00e1tica, Partido del Trabajo y Movimiento Ciudadano.<\/p>\n\n\n\n<p class=\"wp-block-paragraph\">De acuerdo con la Constituci\u00f3n del Estado de Veracruz,&nbsp; (Art\u00edculo 43), para ser Gobernador( o gobernadora)se requiere: I Ser veracruzano en pleno ejercicio de sus derechos; II. Contar con residencia efectiva en la Entidad de cinco a\u00f1os inmediatos anteriores al d\u00eda de la elecci\u00f3n; III. Tener por lo menos treinta a\u00f1os cumplidos al d\u00eda de la elecci\u00f3n; IV. No ser servidor p\u00fablico del Estado o de la Federaci\u00f3n en ejercicio de autoridad. Este requisito no se exigir\u00e1 al Gobernador interino ni al sustituto; V. No ser militar en servicio activo o con mando de fuerzas; VI. No pertenecer al estado eclesi\u00e1stico, ni ser ministro de alg\u00fan culto religioso, a menos que se separe de su ministerio conforme a lo establecido por la Constituci\u00f3n Federal y la ley de la materia; y VII. Saber leer y escribir y no tener antecedentes penales por la comisi\u00f3n de delitos realizados con dolo, exceptuando aquellos en los que se hayan concedido los beneficios de conmutaci\u00f3n o suspensi\u00f3n condicional de la sanci\u00f3n.<\/p>\n\n\n\n<p class=\"wp-block-paragraph\">La prohibici\u00f3n para los servidores p\u00fablicos mencionados en las fracciones IV y V, no surtir\u00e1 efectos si se separan de sus cargos noventa d\u00edas naturales anteriores al d\u00eda de la elecci\u00f3n, o a partir del quinto d\u00eda posterior a la publicaci\u00f3n de la convocatoria para la elecci\u00f3n extraordinaria.<\/p>\n","protected":false},"excerpt":{"rendered":"<p>A unas horas que Morena decida sobre quienes contendr\u00e1n, en varios municipios aparecen bardas y una manta en repudio a la todav\u00eda secretaria de Energ\u00eda<\/p>\n","protected":false},"author":3,"featured_media":71939,"comment_status":"open","ping_status":"open","sticky":false,"template":"","format":"standard","meta":{"_monsterinsights_skip_tracking":false,"footnotes":""},"categories":[141],"tags":[],"class_list":["post-71933","post","type-post","status-publish","format-standard","has-post-thumbnail","category-elecciones-2020-2021"],"_links":{"self":[{"href":"https:\/\/redsemlac.com\/semmexico\/wp-json\/wp\/v2\/posts\/71933","targetHints":{"allow":["GET"]}}],"collection":[{"href":"https:\/\/redsemlac.com\/semmexico\/wp-json\/wp\/v2\/posts"}],"about":[{"href":"https:\/\/redsemlac.com\/semmexico\/wp-json\/wp\/v2\/types\/post"}],"author":[{"embeddable":true,"href":"https:\/\/redsemlac.com\/semmexico\/wp-json\/wp\/v2\/users\/3"}],"replies":[{"embeddable":true,"href":"https:\/\/redsemlac.com\/semmexico\/wp-json\/wp\/v2\/comments?post=71933"}],"version-history":[{"count":0,"href":"https:\/\/redsemlac.com\/semmexico\/wp-json\/wp\/v2\/posts\/71933\/revisions"}],"wp:featuredmedia":[{"embeddable":true,"href":"https:\/\/redsemlac.com\/semmexico\/wp-json\/wp\/v2\/media\/71939"}],"wp:attachment":[{"href":"https:\/\/redsemlac.com\/semmexico\/wp-json\/wp\/v2\/media?parent=71933"}],"wp:term":[{"taxonomy":"category","embeddable":true,"href":"https:\/\/redsemlac.com\/semmexico\/wp-json\/wp\/v2\/categories?post=71933"},{"taxonomy":"post_tag","embeddable":true,"href":"https:\/\/redsemlac.com\/semmexico\/wp-json\/wp\/v2\/tags?post=71933"}],"curies":[{"name":"wp","href":"https:\/\/api.w.org\/{rel}","templated":true}]}}