{"id":71928,"date":"2023-09-29T13:47:50","date_gmt":"2023-09-29T19:47:50","guid":{"rendered":"https:\/\/redsemlac.com\/semmexico\/?p=71928"},"modified":"2023-09-29T13:47:52","modified_gmt":"2023-09-29T19:47:52","slug":"mujeres-en-chiapas-marcharon-en-el-dia-de-accion-global-por-un-aborto-legal-y-seguro-para-exigir-la-despenalizacion-del-aborto","status":"publish","type":"post","link":"https:\/\/redsemlac.com\/semmexico\/mujeres-en-chiapas-marcharon-en-el-dia-de-accion-global-por-un-aborto-legal-y-seguro-para-exigir-la-despenalizacion-del-aborto\/","title":{"rendered":"Mujeres en Chiapas marcharon en el D\u00eda de Acci\u00f3n Global por un aborto legal y seguro, para exigir la despenalizaci\u00f3n del aborto"},"content":{"rendered":"\n<ul class=\"wp-block-list\">\n<li><strong>Colectivas feministas salieron a las calles de San Crist\u00f3bal de las Casas y Tuxtla Guti\u00e9rrez, para exigir que se despenalice el aborto y se cuente con las medidas de salud necesarias.<\/strong><\/li>\n<\/ul>\n\n\n\n<ul class=\"wp-block-list\">\n<li><strong>La entidad conserva la tipificaci\u00f3n del aborto como un delito en el art\u00edculo 171 del C\u00f3digo Penal del Estado.<\/strong><\/li>\n<\/ul>\n\n\n\n<p class=\"wp-block-paragraph\"><strong>Gabriela Couti\u00f1o<\/strong><\/p>\n\n\n\n<p class=\"wp-block-paragraph\">SemM\u00e9xico, Tuxtla Guti\u00e9rrez, Chis., 29 de septiembre, 2023.- En el D\u00eda de acci\u00f3n global por el acceso al aborto legal y seguro, colectivas feministas salieron a marchar y a protestar para exigir que se despenalice el aborto y se cuente con los sistemas de salud adecuados para su proceso.<\/p>\n\n\n\n<p class=\"wp-block-paragraph\">En Tuxtla Guti\u00e9rrez, luego de una marcha protestaron frente al Congreso del estado, mujeres de la Red Aborta Libre Chiapas, para solicitar que el aborto sea despenalizado, y que no sea un tema tab\u00fa.<\/p>\n\n\n\n<figure class=\"wp-block-image size-full\"><a href=\"https:\/\/redsemlac.com\/semmexico\/wp-content\/uploads\/2023\/09\/Imagen5-7.png\"><img loading=\"lazy\" decoding=\"async\" width=\"759\" height=\"427\" src=\"https:\/\/redsemlac.com\/semmexico\/wp-content\/uploads\/2023\/09\/Imagen5-7.png\" alt=\"\" class=\"wp-image-71931\"\/><\/a><\/figure>\n\n\n\n<p class=\"wp-block-paragraph\">Recriminaron que desde 1990, cuando el gobierno de Jos\u00e9 L\u00f3pez Portillo mando la iniciativa, aprobada sin discusi\u00f3n, detuvo el proceso. Por ello destacaron que el Estado de Chiapas adeuda con las mujeres un avance significativo en materia de acceso al aborto legal, seguro y gratuito.<\/p>\n\n\n\n<p class=\"wp-block-paragraph\">\u201cHoy a 33 a\u00f1os de distancia y a pesar de los avances en el marco normativo producto de la Sentencia de la Suprema Corte de Justicia de la Naci\u00f3n que impide la criminalizaci\u00f3n de mujeres que acceden a abortos elegidos, y que se\u00f1ala este tipo de restricciones como anticonstitucionales, el Estado de Chiapas conserva la tipificaci\u00f3n del aborto como un delito en el art\u00edculo 171 del C\u00f3digo Penal del Estado\u201d, reclamaron.<\/p>\n\n\n\n<p class=\"wp-block-paragraph\">Al dar lectura a un pronunciamiento, manifestaron que \u201cen un contexto con las complejidades que presenta Chiapas, estando inmersas en un sistema heteropatriarcal, capitalista que nos explota, nos violenta, nos desplaza, intenta arrebatarnos el control de nuestros cuerpos y nos niega la posibilidad de decidir, somos las mujeres organizadas quienes garantizamos el acceso a abortos seguros y libres de estigmas.<\/p>\n\n\n<div class=\"wp-block-image\">\n<figure class=\"alignleft size-full is-resized\"><a href=\"https:\/\/redsemlac.com\/semmexico\/wp-content\/uploads\/2023\/09\/Imagen6-6.png\"><img loading=\"lazy\" decoding=\"async\" src=\"https:\/\/redsemlac.com\/semmexico\/wp-content\/uploads\/2023\/09\/Imagen6-6.png\" alt=\"\" class=\"wp-image-71929\" style=\"width:276px;height:491px\" width=\"276\" height=\"491\"\/><\/a><\/figure>\n<\/div>\n\n\n<p class=\"wp-block-paragraph\">Se\u00f1alaron que frente a la adversidad de las limitaciones para acceder a servicios de interrupci\u00f3n del embarazo, las mujeres \u201cdecidimos cuidarnos entre nosotras, hemos florecido como red desde nuestras diferencias, apreciando nuestra diversidad y poniendo en el centro a las mujeres que abortan, sus cuidados, su contexto&nbsp; y la posibilidad de decidir sobre nuestros planes de vida y nuestros cuerpos sin culpa y sin estigma\u201d.<\/p>\n\n\n\n<p class=\"wp-block-paragraph\">En San Crist\u00f3bal de las Casas, participaron cientos de mujeres de pueblos originarios. \u201cEstamos marchando para que nos escuchen y podamos avanzar en materia de aborto en Chiapas, porque desafortunadamente s\u00f3lo una minor\u00eda de estados en el pa\u00eds lo ha despenalizado y Chiapas no est\u00e1 entre ellos\u201d, dijo una de las participantes.<\/p>\n\n\n\n<p class=\"wp-block-paragraph\">Las mujeres agrupadas en la Red de Colectivas e Individualidades Feministas de los Altos de Chiapas caminaron del hospital del Instituto Mexicano del Seguro Social (IMSS), ubicado en el poniente al centro de la ciudad.<\/p>\n\n\n\n<p class=\"wp-block-paragraph\">Ana L\u00f3pez dijo en entrevista invit\u00f3 a los legisladores del Congreso local \u201ca trabajar juntos en la materia; estamos buscando di\u00e1logo, la mujer decide, el Estado garantiza y la iglesia no interviene\u201d.<\/p>\n\n\n\n<p class=\"wp-block-paragraph\">Sostuvo que \u201ccomo mujeres somos criminalizadas, pues hay condenas de uno a tres a\u00f1os dependiendo las circunstancias en que seamos detenidas y para los doctores que nos apoyan de uno a tres a\u00f1os\u201d.<\/p>\n\n\n\n<p class=\"wp-block-paragraph\">Declar\u00f3 que lo que las mujeres buscan es realizar sus abortos de manera sencilla, segura, de f\u00e1cil acceso y de manera gratuita.<\/p>\n\n\n\n<p class=\"wp-block-paragraph\">Seg\u00fan la activista, el a\u00f1o pasado se realizaron en la entidad 68 abortado clandestinos.<\/p>\n\n\n\n<p class=\"wp-block-paragraph\">Una de las representantes del grupo se\u00f1al\u00f3 que la movilizaci\u00f3n form\u00f3 parte de la jornada de marchas realizadas este jueves en M\u00e9xico, Am\u00e9rica Latina y el Caribe por la despenalizaci\u00f3n del aborto.<\/p>\n","protected":false},"excerpt":{"rendered":"<p>Colectivas feministas salieron a las calles de San Crist\u00f3bal de las Casas y Tuxtla Guti\u00e9rrez, para exigir que se despenalice el aborto y se cuente con las medidas de salud necesarias.<\/p>\n","protected":false},"author":3,"featured_media":71930,"comment_status":"open","ping_status":"open","sticky":false,"template":"","format":"standard","meta":{"_monsterinsights_skip_tracking":false,"footnotes":""},"categories":[27],"tags":[730],"class_list":["post-71928","post","type-post","status-publish","format-standard","has-post-thumbnail","category-cobertura-especial","tag-28s-2"],"_links":{"self":[{"href":"https:\/\/redsemlac.com\/semmexico\/wp-json\/wp\/v2\/posts\/71928","targetHints":{"allow":["GET"]}}],"collection":[{"href":"https:\/\/redsemlac.com\/semmexico\/wp-json\/wp\/v2\/posts"}],"about":[{"href":"https:\/\/redsemlac.com\/semmexico\/wp-json\/wp\/v2\/types\/post"}],"author":[{"embeddable":true,"href":"https:\/\/redsemlac.com\/semmexico\/wp-json\/wp\/v2\/users\/3"}],"replies":[{"embeddable":true,"href":"https:\/\/redsemlac.com\/semmexico\/wp-json\/wp\/v2\/comments?post=71928"}],"version-history":[{"count":0,"href":"https:\/\/redsemlac.com\/semmexico\/wp-json\/wp\/v2\/posts\/71928\/revisions"}],"wp:featuredmedia":[{"embeddable":true,"href":"https:\/\/redsemlac.com\/semmexico\/wp-json\/wp\/v2\/media\/71930"}],"wp:attachment":[{"href":"https:\/\/redsemlac.com\/semmexico\/wp-json\/wp\/v2\/media?parent=71928"}],"wp:term":[{"taxonomy":"category","embeddable":true,"href":"https:\/\/redsemlac.com\/semmexico\/wp-json\/wp\/v2\/categories?post=71928"},{"taxonomy":"post_tag","embeddable":true,"href":"https:\/\/redsemlac.com\/semmexico\/wp-json\/wp\/v2\/tags?post=71928"}],"curies":[{"name":"wp","href":"https:\/\/api.w.org\/{rel}","templated":true}]}}