{"id":71872,"date":"2023-09-28T16:25:00","date_gmt":"2023-09-28T22:25:00","guid":{"rendered":"https:\/\/redsemlac.com\/semmexico\/?p=71872"},"modified":"2023-09-28T16:37:13","modified_gmt":"2023-09-28T22:37:13","slug":"exhorta-inmujeres-a-21-entidades-federativas-a-despenalizar-el-aborto","status":"publish","type":"post","link":"https:\/\/redsemlac.com\/semmexico\/exhorta-inmujeres-a-21-entidades-federativas-a-despenalizar-el-aborto\/","title":{"rendered":"Exhorta Inmujeres a 21 entidades federativas a despenalizar el aborto"},"content":{"rendered":"\n<p class=\"wp-block-paragraph\">* Celebra avances alcanzados, pero hay desaf\u00edos por resolver<\/p>\n\n\n\n<p class=\"wp-block-paragraph\">\u2022 Lanza el video Libertad de elecci\u00f3n: La lucha por el aborto legal en M\u00e9xico<\/p>\n\n\n\n<p class=\"wp-block-paragraph\">Redacci\u00f3n<\/p>\n\n\n\n<p class=\"wp-block-paragraph\">SemM\u00e9xico, Ciudad de M\u00e9xico, 28 de septiembre de 2023.- El Instituto Nacional de las Mujeres (Inmujeres) exhort\u00f3 a que las 21 entidades federativas en M\u00e9xico que a\u00fan no han despenalizado el aborto cumplan la ley y eliminen barreras sociales y culturales que impiden el acceso a la interrupci\u00f3n legal del embarazo.&nbsp;<\/p>\n\n\n\n<p class=\"wp-block-paragraph\">En el D\u00eda de Acci\u00f3n Global por la Interrupci\u00f3n Legal y Segura del Embarazo en Am\u00e9rica Latina y el Caribe, la instituci\u00f3n llam\u00f3 a fortalecer en todo el pa\u00eds la educaci\u00f3n sexual integral y el acceso a m\u00e9todos anticonceptivos seguros y gratuitos como elementos fundamentales para empoderar a las mujeres y garantizar sus derechos humanos y reproductivos.&nbsp;<\/p>\n\n\n\n<p class=\"wp-block-paragraph\">En un comunicado, se\u00f1ala que el Inmujeres celebra los avances significativos alcanzados en la lucha por los derechos de las mujeres y la despenalizaci\u00f3n del aborto y, conscientes de los desaf\u00edos que a\u00fan hay por resolver, celebramos la sentencia emitida por la Suprema Corte de Justicia de la Naci\u00f3n (SCJN) el pasado 6 de septiembre.<\/p>\n\n\n\n<p class=\"wp-block-paragraph\">Esto en relaci\u00f3n con la declaraci\u00f3n de inconstitucionalidad de los art\u00edculos del C\u00f3digo Penal Federal que criminalizan el aborto autoprocurado y voluntario, con lo que las mujeres o personas gestantes podr\u00e1n solicitar la realizaci\u00f3n de un aborto en cualquier instituci\u00f3n de salud federal, sin que ellas o el personal m\u00e9dico que lo practique sean sancionados.&nbsp;<\/p>\n\n\n\n<p class=\"wp-block-paragraph\">Anunci\u00f3 el lanzamiento en todas sus plataformas el video Libertad de elecci\u00f3n: la lucha por el aborto legal en M\u00e9xico, que narra los obst\u00e1culos que se han enfrentado desde 2007 para despenalizar el aborto.&nbsp;<\/p>\n\n\n\n<p class=\"wp-block-paragraph\">SEM\/sj<\/p>\n\n\n\n<figure class=\"wp-block-embed is-type-video is-provider-youtube wp-block-embed-youtube wp-embed-aspect-16-9 wp-has-aspect-ratio\"><div class=\"wp-block-embed__wrapper\">\n<div class=\"youtube-embed\" data-video_id=\"UtmlI7YIjEc\"><iframe loading=\"lazy\" title=\"Libertad de elecci\u00f3n: La lucha por el aborto legal en M\u00e9xico.\" width=\"696\" height=\"392\" src=\"https:\/\/www.youtube.com\/embed\/UtmlI7YIjEc?start=4&#038;feature=oembed\" frameborder=\"0\" allow=\"accelerometer; autoplay; clipboard-write; encrypted-media; gyroscope; picture-in-picture; web-share\" referrerpolicy=\"strict-origin-when-cross-origin\" allowfullscreen><\/iframe><\/div>\n<\/div><\/figure>\n","protected":false},"excerpt":{"rendered":"<p>El Instituto Nacional de las Mujeres (Inmujeres) exhort\u00f3 a que las 21 entidades federativas en M\u00e9xico que a\u00fan no han despenalizado el aborto cumplan la ley y eliminen barreras sociales y culturales que impiden el acceso a la interrupci\u00f3n legal del embarazo.\u00a0<\/p>\n","protected":false},"author":3,"featured_media":71874,"comment_status":"open","ping_status":"open","sticky":false,"template":"","format":"standard","meta":{"_monsterinsights_skip_tracking":false,"footnotes":""},"categories":[27,51],"tags":[],"class_list":["post-71872","post","type-post","status-publish","format-standard","has-post-thumbnail","category-cobertura-especial","category-ejecutivo"],"_links":{"self":[{"href":"https:\/\/redsemlac.com\/semmexico\/wp-json\/wp\/v2\/posts\/71872","targetHints":{"allow":["GET"]}}],"collection":[{"href":"https:\/\/redsemlac.com\/semmexico\/wp-json\/wp\/v2\/posts"}],"about":[{"href":"https:\/\/redsemlac.com\/semmexico\/wp-json\/wp\/v2\/types\/post"}],"author":[{"embeddable":true,"href":"https:\/\/redsemlac.com\/semmexico\/wp-json\/wp\/v2\/users\/3"}],"replies":[{"embeddable":true,"href":"https:\/\/redsemlac.com\/semmexico\/wp-json\/wp\/v2\/comments?post=71872"}],"version-history":[{"count":0,"href":"https:\/\/redsemlac.com\/semmexico\/wp-json\/wp\/v2\/posts\/71872\/revisions"}],"wp:featuredmedia":[{"embeddable":true,"href":"https:\/\/redsemlac.com\/semmexico\/wp-json\/wp\/v2\/media\/71874"}],"wp:attachment":[{"href":"https:\/\/redsemlac.com\/semmexico\/wp-json\/wp\/v2\/media?parent=71872"}],"wp:term":[{"taxonomy":"category","embeddable":true,"href":"https:\/\/redsemlac.com\/semmexico\/wp-json\/wp\/v2\/categories?post=71872"},{"taxonomy":"post_tag","embeddable":true,"href":"https:\/\/redsemlac.com\/semmexico\/wp-json\/wp\/v2\/tags?post=71872"}],"curies":[{"name":"wp","href":"https:\/\/api.w.org\/{rel}","templated":true}]}}