{"id":71863,"date":"2023-09-28T15:46:59","date_gmt":"2023-09-28T21:46:59","guid":{"rendered":"https:\/\/redsemlac.com\/semmexico\/?p=71863"},"modified":"2023-09-28T22:26:11","modified_gmt":"2023-09-29T04:26:11","slug":"exigen-feministas-hacer-efectivo-el-aborto-en-oaxaca","status":"publish","type":"post","link":"https:\/\/redsemlac.com\/semmexico\/exigen-feministas-hacer-efectivo-el-aborto-en-oaxaca\/","title":{"rendered":"Exigen feministas hacer efectivo el aborto en Oaxaca"},"content":{"rendered":"\n<p class=\"wp-block-paragraph\">* Hay pendientes: disponibilidad de medicamentos, atenci\u00f3n de calidad y difusi\u00f3n<\/p>\n\n\n\n<p class=\"wp-block-paragraph\">* Persisten tratos denigrantes y prejuiciosos en instituciones p\u00fablicas<\/p>\n\n\n\n<p class=\"wp-block-paragraph\">Soledad Jarqu\u00edn Edgar<\/p>\n\n\n\n<p class=\"wp-block-paragraph\">SemM\u00e9xico, Oaxaca, 28 de septiembre de 2023.- A cuatro a\u00f1os de la despenalizaci\u00f3n del aborto hasta la semana 12 de gestaci\u00f3n y en el D\u00eda de Acci\u00f3n Global por el Aborto Legal, Seguro y Gratuito&nbsp;28 de septiembre, organizaciones de feministas exigieron el cumplimiento de seis acciones para hacer efectivo el derecho al aborto en Oaxaca.<\/p>\n\n\n\n<p class=\"wp-block-paragraph\">En un pronunciamiento difundido hoy se\u00f1alan en primer lugar la necesaria disponibilidad de medicamentos seguros y efectivos para la interrupci\u00f3n del embarazo en todas las instituciones de salud p\u00fablica, as\u00ed como transparencia y claridad en la asignaci\u00f3n de presupuesto destinado a garantizar el acceso al aborto seguro.<\/p>\n\n\n\n<p class=\"wp-block-paragraph\">En segundo lugar, demandan una pol\u00edtica p\u00fablica integral que promueva el acceso al aborto seguro y legal en Oaxaca. Esta pol\u00edtica debe estar en consonancia con los derechos humanos y las normativas nacionales e internacionales.<\/p>\n\n\n\n<p class=\"wp-block-paragraph\">Tercero, la coordinaci\u00f3n entre Instituciones es crucial para garantizar que ninguna mujer o persona con capacidad de gestar se quede sin atenci\u00f3n, as\u00ed como protocolos claros y eficaces en todas las instituciones de salud que permitan un acceso sin obst\u00e1culos al aborto seguro.<\/p>\n\n\n\n<p class=\"wp-block-paragraph\">El cuarto planteamiento es Justicia en Acceso al Aborto seguro sin enfrentar discriminaci\u00f3n o estigmatizaci\u00f3n.<\/p>\n\n\n\n<p class=\"wp-block-paragraph\">Condiciones de Atenci\u00f3n Dignas es la quinta exigencia para que las solicitantes reciban atenci\u00f3n de calidad en entornos que respeten su salud, dignidad y privacidad. Protocolos de valoraci\u00f3n y seguimiento con programas de acompa\u00f1amiento psicosocial para atender los impactos.<\/p>\n\n\n\n<p class=\"wp-block-paragraph\">&nbsp;Y en sexto lugar, demandan la actuaci\u00f3n de Personal Capacitado y Sensibilizado en la prestaci\u00f3n de servicios de aborto con un enfoque intercultural, respetando las diversas realidades culturales y sociales de Oaxaca.<\/p>\n\n\n\n<p class=\"wp-block-paragraph\">El pronunciamiento que circula a partir de este d\u00eda denuncian que lamentablemente, en Oaxaca, existe una serie de desaf\u00edos que ponen en peligro este derecho.<\/p>\n\n\n\n<p class=\"wp-block-paragraph\">Muchas no saben a d\u00f3nde acudir ni c\u00f3mo buscar orientaci\u00f3n o atenci\u00f3n para abortar, derivado de la falta de informaci\u00f3n clara y accesible sobre los servicios disponibles contribuye a la desinformaci\u00f3n, confusi\u00f3n y retraso.<\/p>\n\n\n\n<p class=\"wp-block-paragraph\">Otras son sometidas a tratos denigrantes y prejuiciosos, por falta de empat\u00eda y conocimientos del personal de salud, aunado a esto la falta de suministros y medicamentos para llevar a cabo abortos seguros y legales lo cual es un problema cr\u00edtico pues quienes acceden a la atenci\u00f3n, debido a la escasez de insumos m\u00e9dicos pueden poner en riesgo su vida o no acceder a una ILE.<\/p>\n\n\n\n<p class=\"wp-block-paragraph\">Por otro lado, tambi\u00e9n han experimentado falta de capacitaci\u00f3n del personal de salud en la prestaci\u00f3n de servicios de interrupci\u00f3n del embarazo resulta en una atenci\u00f3n deficiente y, en algunos casos, peligrosa. El desconocimiento sobre los procedimientos pone en riesgo la salud de las pacientes.<\/p>\n\n\n\n<p class=\"wp-block-paragraph\">En regiones culturalmente diversas, la ausencia de atenci\u00f3n con un enfoque intercultural puede llevar a la falta de comprensi\u00f3n y empat\u00eda hacia las necesidades y creencias espec\u00edficas.<\/p>\n\n\n\n<p class=\"wp-block-paragraph\">La descoordinaci\u00f3n e inacci\u00f3n de las instituciones es evidente y en consecuencia hace dif\u00edcil para las mujeres y personas gestantes el acceso al aborto. Es urgente que el gobierno del Estado garantice de manera urgente un sistema eficaz y eficiente de atenci\u00f3n m\u00e9dica para hacer real el acceso al aborto en Oaxaca.<\/p>\n\n\n\n<p class=\"wp-block-paragraph\">Las cerca de 50 organizaciones con enfoque en la defensa de los derechos sexuales y reproductivos, as\u00ed como cien feministas denunciaron, adem\u00e1s, que el pasado 25 de septiembre se cumplieron cuatro a\u00f1os de la despenalizaci\u00f3n del aborto en la entidad hasta la semana 12 de gestaci\u00f3n, sin que hasta ahora se cuente con un presupuesto etiquetado ni pol\u00edticas p\u00fablicas para garantizar el acceso al aborto.<\/p>\n\n\n\n<p class=\"wp-block-paragraph\">SEM\/sj<\/p>\n","protected":false},"excerpt":{"rendered":"<p>A cuatro a\u00f1os de la despenalizaci\u00f3n del aborto hasta la semana 12 de gestaci\u00f3n y en el D\u00eda de Acci\u00f3n Global por el Aborto Legal, Seguro y Gratuito\u00a028 de septiembre, organizaciones de feministas exigieron el cumplimiento de seis acciones para hacer efectivo el derecho al aborto en Oaxaca.<\/p>\n","protected":false},"author":3,"featured_media":71864,"comment_status":"open","ping_status":"open","sticky":false,"template":"","format":"standard","meta":{"_monsterinsights_skip_tracking":false,"footnotes":""},"categories":[27],"tags":[],"class_list":["post-71863","post","type-post","status-publish","format-standard","has-post-thumbnail","category-cobertura-especial"],"_links":{"self":[{"href":"https:\/\/redsemlac.com\/semmexico\/wp-json\/wp\/v2\/posts\/71863","targetHints":{"allow":["GET"]}}],"collection":[{"href":"https:\/\/redsemlac.com\/semmexico\/wp-json\/wp\/v2\/posts"}],"about":[{"href":"https:\/\/redsemlac.com\/semmexico\/wp-json\/wp\/v2\/types\/post"}],"author":[{"embeddable":true,"href":"https:\/\/redsemlac.com\/semmexico\/wp-json\/wp\/v2\/users\/3"}],"replies":[{"embeddable":true,"href":"https:\/\/redsemlac.com\/semmexico\/wp-json\/wp\/v2\/comments?post=71863"}],"version-history":[{"count":0,"href":"https:\/\/redsemlac.com\/semmexico\/wp-json\/wp\/v2\/posts\/71863\/revisions"}],"wp:featuredmedia":[{"embeddable":true,"href":"https:\/\/redsemlac.com\/semmexico\/wp-json\/wp\/v2\/media\/71864"}],"wp:attachment":[{"href":"https:\/\/redsemlac.com\/semmexico\/wp-json\/wp\/v2\/media?parent=71863"}],"wp:term":[{"taxonomy":"category","embeddable":true,"href":"https:\/\/redsemlac.com\/semmexico\/wp-json\/wp\/v2\/categories?post=71863"},{"taxonomy":"post_tag","embeddable":true,"href":"https:\/\/redsemlac.com\/semmexico\/wp-json\/wp\/v2\/tags?post=71863"}],"curies":[{"name":"wp","href":"https:\/\/api.w.org\/{rel}","templated":true}]}}