{"id":71857,"date":"2023-09-28T14:28:22","date_gmt":"2023-09-28T20:28:22","guid":{"rendered":"https:\/\/redsemlac.com\/semmexico\/?p=71857"},"modified":"2023-09-28T14:28:25","modified_gmt":"2023-09-28T20:28:25","slug":"feministas-intervienen-edificios-en-pro-de-despenalizacion-del-aborto-en-michoacan","status":"publish","type":"post","link":"https:\/\/redsemlac.com\/semmexico\/feministas-intervienen-edificios-en-pro-de-despenalizacion-del-aborto-en-michoacan\/","title":{"rendered":"Feministas \u00abintervienen\u00bb edificios en pro de despenalizaci\u00f3n del aborto en Michoac\u00e1n"},"content":{"rendered":"\n<p class=\"wp-block-paragraph\">* Palacio, Congreso local y Hospital Infantil amanecen con consignas<\/p>\n\n\n\n<p class=\"wp-block-paragraph\">Mirna Vargas, corresponsal\/fotos Carmen Hern\u00e1ndez<\/p>\n\n\n\n<p class=\"wp-block-paragraph\">SemM\u00e9xico\/Sol de M\u00e9xico, Morelia, Mich., 28 de septiembre de 2023.- La madrugada de este jueves&nbsp;Colectivos feministas&nbsp;como REDefine Michoac\u00e1n, Red Asaleas, Colectiva Feminista MAPAS, Sinverg\u00fcenzas Michoac\u00e1n y Amnist\u00eda Internacional Michoac\u00e1n&nbsp;proyectaron en edificios p\u00fablicos de Morelia consignas a favor de la despenalizaci\u00f3n del aborto.<\/p>\n\n\n\n<p class=\"wp-block-paragraph\">Lo anterior en el marco del&nbsp;28S&nbsp;D\u00eda de Acci\u00f3n Global por un aborto legal y seguro. En lugares como el&nbsp;Hospital Infantil&nbsp;se pudo leer \u00abMadres, no ni\u00f1as\u00bb, y \u00abYa lo dijo la corte\u00bb&nbsp;en las puertas del Congreso, y \u00abSer\u00e1 Ley Michoac\u00e1n\u00bb en la fachada de Palacio de Gobierno. Otros lugares intervenidos fueron: el Hospital de la Mujer, las Tarascas y distintos edificios de Ciudad Salud de la ciudad.<\/p>\n\n\n\n<p class=\"wp-block-paragraph\">Es de recordar que en el estado&nbsp;se han presentado once iniciativas para la despenalizaci\u00f3n del aborto&nbsp;desde el 2019 hasta el 2023.<\/p>\n\n\n\n<p class=\"wp-block-paragraph\">El pasado&nbsp;6 de septiembre, la&nbsp;Suprema Corte de Justicia de la Naci\u00f3n (SCJN) despenaliz\u00f3 el aborto a nivel nacional&nbsp;por lo que esa es la demanda de los colectivos feministas y&nbsp;exigen que el Congreso del Estado de Michoac\u00e1n act\u00fae en concordancia y elimine la penalizaci\u00f3n del aborto en el c\u00f3digo penal estatal.<\/p>\n\n\n\n<p class=\"wp-block-paragraph\">SEM-Sol de M\u00e9xico<\/p>\n\n\n\n<figure class=\"wp-block-gallery has-nested-images columns-default is-cropped wp-block-gallery-1 is-layout-flex wp-block-gallery-is-layout-flex\">\n<figure class=\"wp-block-image size-large\"><a href=\"https:\/\/redsemlac.com\/semmexico\/wp-content\/uploads\/2023\/09\/WhatsApp-Image-2023-09-28-at-13.41.27-1.jpeg\"><img decoding=\"async\" data-id=\"71859\" src=\"https:\/\/redsemlac.com\/semmexico\/wp-content\/uploads\/2023\/09\/WhatsApp-Image-2023-09-28-at-13.41.27-1-1024x682.jpeg\" alt=\"\" class=\"wp-image-71859\"\/><\/a><\/figure>\n\n\n\n<figure class=\"wp-block-image size-large\"><a href=\"https:\/\/redsemlac.com\/semmexico\/wp-content\/uploads\/2023\/09\/WhatsApp-Image-2023-09-28-at-13.41.28-1.jpeg\"><img decoding=\"async\" data-id=\"71861\" src=\"https:\/\/redsemlac.com\/semmexico\/wp-content\/uploads\/2023\/09\/WhatsApp-Image-2023-09-28-at-13.41.28-1-1024x682.jpeg\" alt=\"\" class=\"wp-image-71861\"\/><\/a><\/figure>\n\n\n\n<figure class=\"wp-block-image size-large\"><a href=\"https:\/\/redsemlac.com\/semmexico\/wp-content\/uploads\/2023\/09\/WhatsApp-Image-2023-09-28-at-13.41.28.jpeg\"><img decoding=\"async\" data-id=\"71860\" src=\"https:\/\/redsemlac.com\/semmexico\/wp-content\/uploads\/2023\/09\/WhatsApp-Image-2023-09-28-at-13.41.28-1024x682.jpeg\" alt=\"\" class=\"wp-image-71860\"\/><\/a><\/figure>\n<\/figure>\n","protected":false},"excerpt":{"rendered":"<p>La madrugada de este jueves\u00a0Colectivos feministas\u00a0como REDefine Michoac\u00e1n, Red Asaleas, Colectiva Feminista MAPAS, Sinverg\u00fcenzas Michoac\u00e1n y Amnist\u00eda Internacional Michoac\u00e1n\u00a0proyectaron en edificios p\u00fablicos de Morelia consignas a favor de la despenalizaci\u00f3n del aborto.<\/p>\n","protected":false},"author":3,"featured_media":71858,"comment_status":"open","ping_status":"open","sticky":false,"template":"","format":"standard","meta":{"_monsterinsights_skip_tracking":false,"footnotes":""},"categories":[27],"tags":[],"class_list":["post-71857","post","type-post","status-publish","format-standard","has-post-thumbnail","category-cobertura-especial"],"_links":{"self":[{"href":"https:\/\/redsemlac.com\/semmexico\/wp-json\/wp\/v2\/posts\/71857","targetHints":{"allow":["GET"]}}],"collection":[{"href":"https:\/\/redsemlac.com\/semmexico\/wp-json\/wp\/v2\/posts"}],"about":[{"href":"https:\/\/redsemlac.com\/semmexico\/wp-json\/wp\/v2\/types\/post"}],"author":[{"embeddable":true,"href":"https:\/\/redsemlac.com\/semmexico\/wp-json\/wp\/v2\/users\/3"}],"replies":[{"embeddable":true,"href":"https:\/\/redsemlac.com\/semmexico\/wp-json\/wp\/v2\/comments?post=71857"}],"version-history":[{"count":0,"href":"https:\/\/redsemlac.com\/semmexico\/wp-json\/wp\/v2\/posts\/71857\/revisions"}],"wp:featuredmedia":[{"embeddable":true,"href":"https:\/\/redsemlac.com\/semmexico\/wp-json\/wp\/v2\/media\/71858"}],"wp:attachment":[{"href":"https:\/\/redsemlac.com\/semmexico\/wp-json\/wp\/v2\/media?parent=71857"}],"wp:term":[{"taxonomy":"category","embeddable":true,"href":"https:\/\/redsemlac.com\/semmexico\/wp-json\/wp\/v2\/categories?post=71857"},{"taxonomy":"post_tag","embeddable":true,"href":"https:\/\/redsemlac.com\/semmexico\/wp-json\/wp\/v2\/tags?post=71857"}],"curies":[{"name":"wp","href":"https:\/\/api.w.org\/{rel}","templated":true}]}}