{"id":71854,"date":"2023-09-28T14:23:19","date_gmt":"2023-09-28T20:23:19","guid":{"rendered":"https:\/\/redsemlac.com\/semmexico\/?p=71854"},"modified":"2023-09-28T14:23:21","modified_gmt":"2023-09-28T20:23:21","slug":"28s-el-balance-mundial-es-hacia-la-despenalizacion-del-aborto","status":"publish","type":"post","link":"https:\/\/redsemlac.com\/semmexico\/28s-el-balance-mundial-es-hacia-la-despenalizacion-del-aborto\/","title":{"rendered":"28S: el balance mundial es hacia la despenalizaci\u00f3n del aborto"},"content":{"rendered":"\n<p class=\"wp-block-paragraph\">* En 23 naciones est\u00e1 totalmente prohibido, seis de ellas se ubican en Am\u00e9rica Latina<\/p>\n\n\n\n<p class=\"wp-block-paragraph\">* La Marea Verde inunda el mundo<\/p>\n\n\n\n<p class=\"wp-block-paragraph\">Redacci\u00f3n<\/p>\n\n\n\n<p class=\"wp-block-paragraph\">SemM\u00e9xico, Ciudad de M\u00e9xico, 28 de septiembre de 2023.- En el mundo 76 pa\u00edses ha cambiado sus leyes para despenalizar la interrupci\u00f3n legal del aborto; en 13 pa\u00edses m\u00e1s es posible por razones socioecon\u00f3micas; en 50 naciones m\u00e1s es posible un aborto para preservar la salud y en 42 para salvar la vida de una mujer, en tanto, Estados Unidos ha sufrido retrocesos a nivel federal y es una determinaci\u00f3n de los estados y en 23 est\u00e1 totalmente prohibido.<\/p>\n\n\n\n<p class=\"wp-block-paragraph\">Aunque el aborto es legal por una u otra raz\u00f3n en el mundo, esto no quiere decir que todas las mujeres tienen acceso a este derecho, sostienen las expertas durante la valoraci\u00f3n de los avances y pendientes del 28 de septiembre (28S) D\u00eda de Acci\u00f3n Global por el Acceso al Aborto Legal y Seguro.<\/p>\n\n\n\n<p class=\"wp-block-paragraph\">La conmemoraci\u00f3n naci\u00f3 en noviembre 1990 durante el V Encuentro Feminista Latinoamericano y del Caribe, realizado en Argentina, a propuesta de feministas brasile\u00f1as quienes de esta forma recordaron que en 1888 en ese pa\u00eds se declar\u00f3 la libertad de vientres, asegurando con ello la libertad de las ni\u00f1as y ni\u00f1os nacidos de esclavas.<\/p>\n\n\n\n<p class=\"wp-block-paragraph\">Hoy, las \u00fanicas naciones de la regi\u00f3n de Am\u00e9rica Latina donde est\u00e1 totalmente prohibido el aborto el aborto es prohibido en su totalidad son Rep\u00fablica Dominicana, El Salvador, Hait\u00ed, Honduras, Jamaica y Nicaragua.<\/p>\n\n\n\n<p class=\"wp-block-paragraph\">Claramente la tendencia es permitir el acceso al aborto seguro y evitar la clandestinidad y riesgos para las mujeres, aunado a otras consideraciones como el hecho de que obligar a una mujer a seguir un embarazo no deseado es violatorio a sus derechos humanos, a su intimidad y autonom\u00eda, y puede ser considerado como un trato cruel, inhumano y degradante.<\/p>\n\n\n\n<p class=\"wp-block-paragraph\">M\u00e9xico es uno de los pa\u00edses que ha modificado sus leyes. En 12 entidades es posible abortar antes de la semana 12 de gestaci\u00f3n \u2013Ciudad de M\u00e9xico, Oaxaca, Baja California, Coahuila, Veracruz, Colima, Hidalgo, Guerrero, Baja California Sur, Sinaloa, Quintana Roo y Aguascalientes-. El pasado 6 de septiembre, la Suprema Corte de la Naci\u00f3n elimin\u00f3 el delito de aborto, ahora los congresos locales deben modificar sus leyes.<\/p>\n\n\n\n<p class=\"wp-block-paragraph\">En Argentina las movilizaciones de la llamada Marea Verde, miles de mujeres j\u00f3venes sobretodo hicieron posible hace tres a\u00f1os la despenalizaci\u00f3n del aborto, con la ley 27.610, considerada \u201cuna buena ley\u201d que contempla el reconocimiento de los derechos reproductivos y sexuales de las mujeres, la objeci\u00f3n de conciencia y el procedimiento.<\/p>\n\n\n\n<p class=\"wp-block-paragraph\">En Am\u00e9rica Latina los primeros avances fueron logrados en M\u00e9xico y Paraguay, despu\u00e9s de Argentina siguieron Chile, Ecuador y Colombia.<\/p>\n\n\n\n<p class=\"wp-block-paragraph\">Pegadito a la Argentina, en Am\u00e9rica Latina avanzaron las legislaciones en Chile \u2013donde estaba prohibido desde 1990 y se logr\u00f3 avanzar en 2017, M\u00e9xico, Ecuador y Colombia. En tanto que en Brasil espera conseguir la despenalizaci\u00f3n hasta la semana 12 de gestaci\u00f3n muy pronto, hasta ahora es posible el aborto por violaci\u00f3n, por estar en riesgo la vida de la mujer y por anencefalia del producto.<\/p>\n\n\n\n<p class=\"wp-block-paragraph\">SEM\/sl-sj<\/p>\n","protected":false},"excerpt":{"rendered":"<p>Aunque el aborto es legal por una u otra raz\u00f3n en el mundo, esto no quiere decir que todas las mujeres tienen acceso a este derecho, sostienen las expertas durante la valoraci\u00f3n de los avances y pendientes del 28 de septiembre (28S) D\u00eda de Acci\u00f3n Global por el Acceso al Aborto Legal y Seguro.<\/p>\n","protected":false},"author":3,"featured_media":71855,"comment_status":"open","ping_status":"open","sticky":false,"template":"","format":"standard","meta":{"_monsterinsights_skip_tracking":false,"footnotes":""},"categories":[27],"tags":[],"class_list":["post-71854","post","type-post","status-publish","format-standard","has-post-thumbnail","category-cobertura-especial"],"_links":{"self":[{"href":"https:\/\/redsemlac.com\/semmexico\/wp-json\/wp\/v2\/posts\/71854","targetHints":{"allow":["GET"]}}],"collection":[{"href":"https:\/\/redsemlac.com\/semmexico\/wp-json\/wp\/v2\/posts"}],"about":[{"href":"https:\/\/redsemlac.com\/semmexico\/wp-json\/wp\/v2\/types\/post"}],"author":[{"embeddable":true,"href":"https:\/\/redsemlac.com\/semmexico\/wp-json\/wp\/v2\/users\/3"}],"replies":[{"embeddable":true,"href":"https:\/\/redsemlac.com\/semmexico\/wp-json\/wp\/v2\/comments?post=71854"}],"version-history":[{"count":0,"href":"https:\/\/redsemlac.com\/semmexico\/wp-json\/wp\/v2\/posts\/71854\/revisions"}],"wp:featuredmedia":[{"embeddable":true,"href":"https:\/\/redsemlac.com\/semmexico\/wp-json\/wp\/v2\/media\/71855"}],"wp:attachment":[{"href":"https:\/\/redsemlac.com\/semmexico\/wp-json\/wp\/v2\/media?parent=71854"}],"wp:term":[{"taxonomy":"category","embeddable":true,"href":"https:\/\/redsemlac.com\/semmexico\/wp-json\/wp\/v2\/categories?post=71854"},{"taxonomy":"post_tag","embeddable":true,"href":"https:\/\/redsemlac.com\/semmexico\/wp-json\/wp\/v2\/tags?post=71854"}],"curies":[{"name":"wp","href":"https:\/\/api.w.org\/{rel}","templated":true}]}}