{"id":71850,"date":"2023-09-28T12:55:14","date_gmt":"2023-09-28T18:55:14","guid":{"rendered":"https:\/\/redsemlac.com\/semmexico\/?p=71850"},"modified":"2023-09-28T12:55:16","modified_gmt":"2023-09-28T18:55:16","slug":"anilu-ingram-vallines-quiere-ir-por-la-gubernatura-de-veracruz","status":"publish","type":"post","link":"https:\/\/redsemlac.com\/semmexico\/anilu-ingram-vallines-quiere-ir-por-la-gubernatura-de-veracruz\/","title":{"rendered":"Anil\u00fa Ingram Vallines quiere ir por la gubernatura de Veracruz"},"content":{"rendered":"\n<p class=\"wp-block-paragraph\">* La diputada local priista inicia un programa de prevenci\u00f3n a la violencia contra las mujeres<\/p>\n\n\n\n<p class=\"wp-block-paragraph\">* Es una red de apoyo, su esencia es la ayuda rec\u00edproca, dice<\/p>\n\n\n\n<p class=\"wp-block-paragraph\">Micaela M\u00e1rquez<\/p>\n\n\n\n<p class=\"wp-block-paragraph\">SemM\u00e9xico, Ciudad de M\u00e9xico, 28 de septiembre 2023.- La diputada local priista Anil\u00fa Ingram Vallines manifest\u00f3 su inter\u00e9s en participar en la selecci\u00f3n de candidatos por el Frente Amplio por M\u00e9xico para la gubernatura de Veracruz en las elecciones de 2024.<\/p>\n\n\n\n<p class=\"wp-block-paragraph\">Se mostr\u00f3 optimista sobre la posibilidad de que Veracruz sea gobernado por una mujer, en sinton\u00eda con el hist\u00f3rico ascenso de la primera presidenta en el pa\u00eds, aunque precis\u00f3 que debe guardar los plazos dictados por la autoridad electoral, \u201cel Frente Amplio por M\u00e9xico ya tom\u00f3 su decisi\u00f3n, y pronto lo har\u00e1 el Frente Amplio por Veracruz\u201d.<\/p>\n\n\n\n<p class=\"wp-block-paragraph\">La diputada puso en marcha el curso de capacitaci\u00f3n del Programa Puntos Violeta, cuyo objetivo es promover espacios seguros para mujeres v\u00edctimas de violencia ante presidentas y presidentes municipales, titulares de sindicaturas y regidur\u00edas, adem\u00e1s de sociedad civil organizada de Veracruz.<\/p>\n\n\n\n<p class=\"wp-block-paragraph\">Ingram Vallines defini\u00f3 el programa como una red de apoyo, para observar, vigilar y cuidar, su esencia es la ayuda rec\u00edproca. No solo se basa en presupuesto asignado, sino en la voluntad y verdadero compromiso, que puede marcar la diferencia para las mujeres en situaci\u00f3n de vulnerabilidad.<\/p>\n\n\n\n<p class=\"wp-block-paragraph\">El curso cuenta con el apoyo y experiencia compartida por la directora del\u00a0<strong>Instituto de las Mujeres de Naucalpenses y la Igualdad Sustantiva, Monserrat Hernandez,<\/strong>\u00a0pues se busca propagar las buenas pr\u00e1cticas que han resultado en la reducci\u00f3n de feminicidios y violencia contra las mujeres.<\/p>\n\n\n\n<p class=\"wp-block-paragraph\">Planteo la necesidad de instalar ventanillas de atenci\u00f3n en el Palacio Municipal, capacitaci\u00f3n al funcionariado sobre el tratamiento y atenci\u00f3n a v\u00edctimas de violencia de g\u00e9nero.<\/p>\n\n\n\n<p class=\"wp-block-paragraph\">Veracruz es una de las entidades con una alta tasa de violencia contra mujeres j\u00f3venes y ni\u00f1as, violencia de g\u00e9nero que muchas veces culmina en feminicidio, como lo establecen las estad\u00edsticas del Secretariado Ejecutivo y el Observatorio Universitario de la Universidad Veracruzana y que ubican a esa entidad en el segundo lugar a nivel nacional por el delito de feminicidios, s\u00f3lo por debajo del Estado de M\u00e9xico.<\/p>\n\n\n\n<p class=\"wp-block-paragraph\">SEM\/mm\/sj<\/p>\n","protected":false},"excerpt":{"rendered":"<p>La diputada local priista Anil\u00fa Ingram Vallines manifest\u00f3 su inter\u00e9s en participar en la selecci\u00f3n de candidatos por el Frente Amplio por M\u00e9xico para la gubernatura de Veracruz en las elecciones de 2024.<\/p>\n","protected":false},"author":3,"featured_media":71851,"comment_status":"open","ping_status":"open","sticky":false,"template":"","format":"standard","meta":{"_monsterinsights_skip_tracking":false,"footnotes":""},"categories":[141],"tags":[],"class_list":["post-71850","post","type-post","status-publish","format-standard","has-post-thumbnail","category-elecciones-2020-2021"],"_links":{"self":[{"href":"https:\/\/redsemlac.com\/semmexico\/wp-json\/wp\/v2\/posts\/71850","targetHints":{"allow":["GET"]}}],"collection":[{"href":"https:\/\/redsemlac.com\/semmexico\/wp-json\/wp\/v2\/posts"}],"about":[{"href":"https:\/\/redsemlac.com\/semmexico\/wp-json\/wp\/v2\/types\/post"}],"author":[{"embeddable":true,"href":"https:\/\/redsemlac.com\/semmexico\/wp-json\/wp\/v2\/users\/3"}],"replies":[{"embeddable":true,"href":"https:\/\/redsemlac.com\/semmexico\/wp-json\/wp\/v2\/comments?post=71850"}],"version-history":[{"count":0,"href":"https:\/\/redsemlac.com\/semmexico\/wp-json\/wp\/v2\/posts\/71850\/revisions"}],"wp:featuredmedia":[{"embeddable":true,"href":"https:\/\/redsemlac.com\/semmexico\/wp-json\/wp\/v2\/media\/71851"}],"wp:attachment":[{"href":"https:\/\/redsemlac.com\/semmexico\/wp-json\/wp\/v2\/media?parent=71850"}],"wp:term":[{"taxonomy":"category","embeddable":true,"href":"https:\/\/redsemlac.com\/semmexico\/wp-json\/wp\/v2\/categories?post=71850"},{"taxonomy":"post_tag","embeddable":true,"href":"https:\/\/redsemlac.com\/semmexico\/wp-json\/wp\/v2\/tags?post=71850"}],"curies":[{"name":"wp","href":"https:\/\/api.w.org\/{rel}","templated":true}]}}