{"id":71847,"date":"2023-09-28T11:52:45","date_gmt":"2023-09-28T17:52:45","guid":{"rendered":"https:\/\/redsemlac.com\/semmexico\/?p=71847"},"modified":"2023-09-28T14:08:59","modified_gmt":"2023-09-28T20:08:59","slug":"recursos-progresivos-y-a-tiempo-piden-para-refugios-piden-en-pef-2024","status":"publish","type":"post","link":"https:\/\/redsemlac.com\/semmexico\/recursos-progresivos-y-a-tiempo-piden-para-refugios-piden-en-pef-2024\/","title":{"rendered":"Recursos progresivos y a tiempo piden para refugios, en PEF 2024"},"content":{"rendered":"\n<p class=\"wp-block-paragraph\">* Da a conocer la ruta para elaborar la opini\u00f3n respecto al Anexo 13<\/p>\n\n\n\n<p class=\"wp-block-paragraph\">*&nbsp; Los refugios son espacios seguros para las mujeres, sus hijas e hijos<\/p>\n\n\n\n<p class=\"wp-block-paragraph\">Elda Montiel &nbsp;<\/p>\n\n\n\n<p class=\"wp-block-paragraph\">SemM\u00e9xico, Ciudad de M\u00e9xico, 28 de septiembre de 2023.- Recursos progresivos y a tiempo para los refugios, as\u00ed como dar atenci\u00f3n a las mujeres v\u00edctimas de violencia, incluyendo a la poblaci\u00f3n ind\u00edgena, se plante\u00f3 en la mesa de di\u00e1logo Asignaciones Presupuestales del Programa de Apoyo para Refugios Especializados para Mujeres V\u00edctimas de Violencia de G\u00e9nero, sus Hijas e Hijos, solicit\u00f3 Wendy Figueroa Morales de la Red Nacional de Refugios.<\/p>\n\n\n\n<p class=\"wp-block-paragraph\">En una mesa de di\u00e1logo, en la que se dio a conocer la ruta para la elaborar&nbsp; la opini\u00f3n respecto al Anexo 13 del Presupuesto de Egresos de la Federaci\u00f3n 2024, organizada por la Subcomisi\u00f3n de Presupuesto con Perspectiva de G\u00e9nero de la Comisi\u00f3n de Presupuesto y Cuenta P\u00fablica de la C\u00e1mara de Diputados.<\/p>\n\n\n\n<p class=\"wp-block-paragraph\">Ah\u00ed, la representante de la Red Intercultural de Refugios, Natalia Sicar\u00fa Torres Gonz\u00e1lez, consider\u00f3 necesario que las y los diputados garanticen recursos suficientes conforme a las leyes y tratados internacionales, as\u00ed como incrementar el presupuesto para la atenci\u00f3n de la poblaci\u00f3n ind\u00edgena.<\/p>\n\n\n\n<p class=\"wp-block-paragraph\">Margarita Mor\u00e1n Flores, directora&nbsp; del Instituto para la Mujer Nayarita, recalc\u00f3 que una ventaja es el trabajo directo que realizan con la Fiscal\u00eda, lo cual ha contribuido a que las v\u00edctimas obtengan la reparaci\u00f3n del da\u00f1o, se les empodera con capacitaci\u00f3n laboral y acad\u00e9mica.<\/p>\n\n\n\n<p class=\"wp-block-paragraph\">Mar\u00eda Evangelina Vel\u00e1squez Reyes, directora de Mujeres Solidarias en la Acci\u00f3n Social de la Laguna A.C., destac\u00f3 que la violencia y el abuso en cuatro paredes existen y no se pude quitar la mirada de ellos.<\/p>\n\n\n\n<p class=\"wp-block-paragraph\">Mientras Elizabeth Rapp Saint Martin, directora general de Otra Oportunidad A.C, puntualiz\u00f3 que los refugios son una estrategia acertada y probada que previene feminicidios y salva vidas, por lo que no se pueden escatimar en el presupuesto, ya que de lo contrario no podr\u00e1 haber avances en la protecci\u00f3n de los derechos humanos.<\/p>\n\n\n\n<p class=\"wp-block-paragraph\">Mar\u00eda Hadad Castillo, directora general del Instituto Quintanarroense de la Mujer, destac\u00f3 que las instituciones p\u00fablicas son las que deben brindar los servicios de refugio, porque permitir\u00e1n mejor eficiencia para la atenci\u00f3n de las mujeres en situaci\u00f3n de violencia.<\/p>\n\n\n\n<p class=\"wp-block-paragraph\">Los refugios son espacios seguros que pueden marcar una diferencia, protegen la integridad y la vida de las mujeres, sus hijas e hijos, se\u00f1al\u00f3 el diputado Erasmo Gonz\u00e1lez Robledo, presidente de la Comisi\u00f3n de Presupuesto y Cuenta P\u00fablica, quien record\u00f3 que en el ejercicio fiscal 2023 se aprobaron ampliaciones para este programa.<\/p>\n\n\n\n<p class=\"wp-block-paragraph\">La presidenta de la Comisi\u00f3n de Presupuesto y Cuenta P\u00fablica, la diputada morenista Laura Imelda P\u00e9rez Segura, destac\u00f3 que como resultado del Parlamento Abierto de octubre de 2022, se vio la necesidad de atender tem\u00e1ticas especificas previo al an\u00e1lisis y discusi\u00f3n del presupuesto, como impulsar mejoras al Programa de Apoyo para Refugios Especializados para Mujeres V\u00edctimas de Violencia de G\u00e9nero, sus hijas e hijos.<\/p>\n\n\n\n<p class=\"wp-block-paragraph\">Su compa\u00f1era de bancada, la legisladora Ana Elizabeth Ayala Leyva indic\u00f3 que la violencia triplica la vulnerabilidad de las v\u00edctimas si se trata de mujeres ind\u00edgenas y propuso integrar, en una pr\u00f3xima reuni\u00f3n a quienes integran las comisiones legislativas de Salud, Igualdad de G\u00e9nero y Derechos Humanos, as\u00ed como una representante de cada una de las entidades federativas.<\/p>\n\n\n\n<p class=\"wp-block-paragraph\">En ese mismo senido, el diputado del Partido del Trabajo, Francisco Amadeo Espinosa Ramos, manifest\u00f3 que se debe involucrar en la atenci\u00f3n en los refugios a todos los \u00f3rganos de gobierno con especial \u00e9nfasis en las comunidades ind\u00edgenas.<\/p>\n\n\n\n<p class=\"wp-block-paragraph\">La diputada panista Leticia Zepeda Mart\u00ednez se\u00f1al\u00f3 que en el Ramo 13 se contemplan apoyos s\u00f3lo para las mujeres que tiene m\u00e1s de 65 a\u00f1os, por lo que pidi\u00f3 se solicite mayores recursos para atender los refugios.<\/p>\n\n\n\n<p class=\"wp-block-paragraph\">Por la parte oficial, por la Comisi\u00f3n Nacional para Prevenir y Erradicar la Violencia contra las Mujeres (Conavim), Perla Yuritzi Vargas Cervantes celebro que haya crecido el n\u00famero de refugios y que si es importante un presupuesto progresivo, pero tambi\u00e9n estar conscientes de que el recurso asignado no siempre se puede comprobar en la atenci\u00f3n a las mujeres.<\/p>\n\n\n\n<p class=\"wp-block-paragraph\">La directora general de Programaci\u00f3n y Presupuesto B de la Subsecretar\u00eda de Egresos, Leslie Lizette G\u00f3mez P\u00e9rez, se\u00f1al\u00f3 que el presupuesto se ha ejercido en tiempo y forma, es decir, que la Conavim ha realizado una excelente labor en la ejecuci\u00f3n de los recursos con eficacia, eficiencia, econom\u00eda, transparencia y honradez.<\/p>\n\n\n\n<p class=\"wp-block-paragraph\">Por otra parte, en un comunicado se dio a conocer que la fecha l\u00edmite para que las comisiones respectivas presenten una opini\u00f3n respecto al al Presupuesto de Egresos de la Federaci\u00f3n (PEF) 2024 es el 27 de octubre pr\u00f3ximo.<\/p>\n\n\n\n<p class=\"wp-block-paragraph\">La Comisi\u00f3n de Igualdad de G\u00e9nero que preside la diputada morenista Julieta Kristal Vences Valencia, se\u00f1al\u00f3 que cada a\u00f1o se realizan diversos eventos para estudiar el Anexo 13 Erogaciones para la Igualdad entre Mujeres y Hombres, a fin de conocer qu\u00e9 recursos y apoyos van para salud, infraestructura, educaci\u00f3n, vivienda, entre otros temas.<\/p>\n\n\n\n<p class=\"wp-block-paragraph\">Anunci\u00f3 que se realizara el Foro An\u00e1lisis del Presupuesto de Egresos de la Federaci\u00f3n 2024 con perspectiva de g\u00e9nero, en el que participar\u00e1n integrantes del Legislativo, especialistas, activistas, de la academia y representantes del sector p\u00fablico, con el fin de debatir, platicar e intercambiar opiniones y reflexiones sobre el proyecto presupuestal.&nbsp;<\/p>\n\n\n\n<p class=\"wp-block-paragraph\">En la reuni\u00f3n de la Comisi\u00f3n tambi\u00e9n se aval\u00f3 el informe semestral de marzo a agosto de este a\u00f1o, que contiene un resumen de los esfuerzos realizados para mejorar la vida y condiciones de ni\u00f1as, adolescentes y mujeres del pa\u00eds.<\/p>\n\n\n\n<p class=\"wp-block-paragraph\">Se aprob\u00f3 el programa anual del trabajo para el tercer a\u00f1o de la Legislatura, cuyo objetivo es impulsar una reforma integral en materia educativa a fin de fortalecer los conocimientos y capacidades de las ni\u00f1as y adolescentes para que gocen de sus derechos; fomentar la prevenci\u00f3n de la violencia y la educaci\u00f3n de masculinidades positivas desde los programas y planes de estudio.<\/p>\n\n\n\n<p class=\"wp-block-paragraph\">Adem\u00e1s de sensibilizar al funcionariado sobre su papel en la impartici\u00f3n de justicia y la atenci\u00f3n de v\u00edctimas de violencia, mediante la implementaci\u00f3n de un programa integral de profesionalizaci\u00f3n; establecer pol\u00edticas p\u00fablicas y un andamiaje jur\u00eddico para evitar y erradicar los matrimonios infantiles e impulsar mecanismos para proteger a v\u00edctimas indirectas del feminicidio.<\/p>\n\n\n\n<p class=\"wp-block-paragraph\">SEM\/em\/sj<\/p>\n","protected":false},"excerpt":{"rendered":"<p>En una mesa de di\u00e1logo, en la que se dio a conocer la ruta para la elaborar\u00a0 la opini\u00f3n respecto al Anexo 13 del Presupuesto de Egresos de la Federaci\u00f3n 2024<\/p>\n","protected":false},"author":3,"featured_media":71848,"comment_status":"open","ping_status":"open","sticky":false,"template":"","format":"standard","meta":{"_monsterinsights_skip_tracking":false,"footnotes":""},"categories":[50],"tags":[],"class_list":["post-71847","post","type-post","status-publish","format-standard","has-post-thumbnail","category-congreso"],"_links":{"self":[{"href":"https:\/\/redsemlac.com\/semmexico\/wp-json\/wp\/v2\/posts\/71847","targetHints":{"allow":["GET"]}}],"collection":[{"href":"https:\/\/redsemlac.com\/semmexico\/wp-json\/wp\/v2\/posts"}],"about":[{"href":"https:\/\/redsemlac.com\/semmexico\/wp-json\/wp\/v2\/types\/post"}],"author":[{"embeddable":true,"href":"https:\/\/redsemlac.com\/semmexico\/wp-json\/wp\/v2\/users\/3"}],"replies":[{"embeddable":true,"href":"https:\/\/redsemlac.com\/semmexico\/wp-json\/wp\/v2\/comments?post=71847"}],"version-history":[{"count":0,"href":"https:\/\/redsemlac.com\/semmexico\/wp-json\/wp\/v2\/posts\/71847\/revisions"}],"wp:featuredmedia":[{"embeddable":true,"href":"https:\/\/redsemlac.com\/semmexico\/wp-json\/wp\/v2\/media\/71848"}],"wp:attachment":[{"href":"https:\/\/redsemlac.com\/semmexico\/wp-json\/wp\/v2\/media?parent=71847"}],"wp:term":[{"taxonomy":"category","embeddable":true,"href":"https:\/\/redsemlac.com\/semmexico\/wp-json\/wp\/v2\/categories?post=71847"},{"taxonomy":"post_tag","embeddable":true,"href":"https:\/\/redsemlac.com\/semmexico\/wp-json\/wp\/v2\/tags?post=71847"}],"curies":[{"name":"wp","href":"https:\/\/api.w.org\/{rel}","templated":true}]}}