{"id":71831,"date":"2023-09-28T09:51:28","date_gmt":"2023-09-28T15:51:28","guid":{"rendered":"https:\/\/redsemlac.com\/semmexico\/?p=71831"},"modified":"2023-09-28T09:51:30","modified_gmt":"2023-09-28T15:51:30","slug":"que-esta-pasando-con-el-derecho-al-aborto-en-el-mundo-700-millones-de-mujeres-sin-acceso-a-la-ile","status":"publish","type":"post","link":"https:\/\/redsemlac.com\/semmexico\/que-esta-pasando-con-el-derecho-al-aborto-en-el-mundo-700-millones-de-mujeres-sin-acceso-a-la-ile\/","title":{"rendered":"\u00bfQu\u00e9 est\u00e1 pasando con el derecho al aborto en el mundo? 700 millones de mujeres sin acceso a la ILE"},"content":{"rendered":"\n<p class=\"wp-block-paragraph\">Retroceso en EU y totalmente prohibido en Nicaragua, El Salvador, Rep\u00fablica Dominicana, Malta,&nbsp;Andorra, Polonia o Marruecos<\/p>\n\n\n\n<p class=\"wp-block-paragraph\">Campa\u00f1a de Amnist\u00eda Internacional los pr\u00f3ximos&nbsp; 6 meses&nbsp; por los derechos humanos de las&nbsp; mujeres<\/p>\n\n\n\n<p class=\"wp-block-paragraph\">&nbsp;M\u00aa Luisa Garc\u00e9s de los Fayos*<\/p>\n\n\n\n<p class=\"wp-block-paragraph\">SemM\u00e9xico, Ciudad de M\u00e9xico, 28 de septiembre, 2023.-El acceso a un aborto seguro constituye un derecho que deber\u00eda poseer toda mujer, ni\u00f1a o persona que pueda quedarse embarazada. Su supresi\u00f3n provoca la violaci\u00f3n de m\u00faltiples derechos como el derecho a la propia vida, a la salud, a la intimidad, a la autonom\u00eda o a no sufrir ni violencia, ni discriminaci\u00f3n.<\/p>\n\n\n\n<p class=\"wp-block-paragraph\">En los \u00faltimos a\u00f1os se han visto&nbsp;importantes avances&nbsp;hacia este derecho. Destaca el importante logro de las mujeres en M\u00e9xico, pero tambi\u00e9n en&nbsp;<a href=\"https:\/\/www.es.amnesty.org\/en-que-estamos\/noticias\/noticia\/articulo\/argentina-hoy-es-un-pais-mas-justo-democratico-e-igualitario\/\" target=\"_blank\" rel=\"noreferrer noopener\">Argentina<\/a>,&nbsp;Colombia o&nbsp;<a href=\"https:\/\/www.amnesty.org\/es\/documents\/amr28\/4043\/2021\/es\/\" target=\"_blank\" rel=\"noreferrer noopener\">Ecuador<\/a>&nbsp;han legislado recientemente hacia un mayor acceso al aborto.<\/p>\n\n\n\n<p class=\"wp-block-paragraph\">Sin embargo, todav\u00eda existen pa\u00edses como&nbsp;Nicaragua, El Salvador, Rep\u00fablica Dominicana, Malta,&nbsp;Andorra, Polonia o Marruecos&nbsp;(entre otros) en los que el&nbsp;aborto contin\u00faa totalmente prohibido y &nbsp;penado.&nbsp;<\/p>\n\n\n\n<p class=\"wp-block-paragraph\">Esto supone que 700 millones de mujeres en edad reproductiva no tienen a derecho acceso a servicios de aborto legales y seguros. Pero, no son las \u00fanicas que tienen que enfrentarse a restricciones legales en el aborto, ya que el 41% de las mujeres en edad de procrear viven en pa\u00edses con leyes muy estrictas sobre el aborto o en los que a pesar de que el aborto sea legal, no tienen medios para ofrecer un aborto seguro y accesible.<\/p>\n\n\n\n<p class=\"wp-block-paragraph\">A esta situaci\u00f3n se ha sumado recientemente Estados Unidos,\u00a0cuya Corte Suprema ha dictaminado que\u00a0el derecho al aborto no est\u00e1 amparado por la Constituci\u00f3n. La consecuencia es que cada Estado puede legislar llevando a la c\u00e1rcel a las mujeres acusadas de abortar y a quienes contribuyen a ello, o tambi\u00e9n pueden legislar estableciendo limitaciones tan restrictivas que lo hacen inviable en la pr\u00e1ctica.\u00a0Y esto es lo que ya est\u00e1 sucediendo en la mitad de los estados del pa\u00eds.<\/p>\n\n\n\n<figure class=\"wp-block-image size-full\"><a href=\"https:\/\/redsemlac.com\/semmexico\/wp-content\/uploads\/2023\/09\/sin-acesso-ile-02.jpg\"><img loading=\"lazy\" decoding=\"async\" width=\"849\" height=\"566\" src=\"https:\/\/redsemlac.com\/semmexico\/wp-content\/uploads\/2023\/09\/sin-acesso-ile-02.jpg\" alt=\"\" class=\"wp-image-71833\"\/><\/a><\/figure>\n\n\n\n<p class=\"wp-block-paragraph\"><em>Manifestaci\u00f3n\u00a0en defensa del aborto celebrada el 28 de septiembre de 2021 en Quito, Ecuador. \u00a9 Franklin Jacome\/Agencia Press South\/Getty ImageS<\/em><\/p>\n\n\n\n<p class=\"wp-block-paragraph\">Algunos de los obst\u00e1culos con los que las mujeres pueden encontrarse adem\u00e1s de una&nbsp;legislaci\u00f3n restrictiva, son la&nbsp;poca disponibilidad de servicios, los costes elevados, la estigmatizaci\u00f3n, la objeci\u00f3n de conciencia del personal sanitario&nbsp;-recientemente se han p\u00fablicos varios casos en Espa\u00f1a-, o la&nbsp;exigencia de requisitos innecesarios&nbsp;como el suministro de informaci\u00f3n enga\u00f1osa. Muchas mujeres que quieren ejercer su derecho a decidir sobre su embarazo y maternidad se ven obligadas a desplazarse a otros pa\u00edses (o a otros estados en el caso de Estados Unidos). Una posibilidad a la que no todas pueden acceder porque la desigualdad socioecon\u00f3mica tambi\u00e9n cuenta negativamente en el derecho al aborto.<\/p>\n\n\n\n<p class=\"wp-block-paragraph\">El hecho de&nbsp;imponer restricciones en el acceso a un aborto seguro no desemboca en un menor n\u00famero de abortos, sino en un mayor n\u00famero de mujeres y ni\u00f1as que tienen que poner su vida en riesgo para que se les practique un aborto en unas condiciones que no cumplen los m\u00ednimos sanitarios.<\/p>\n\n\n\n<p class=\"wp-block-paragraph\">Se calcula que cada a\u00f1o uno de cada cuatro embarazos acaba en aborto. Sin embargo, la tasa de aborto no es tan diferente entre los pa\u00edses en los que est\u00e1 prohibido y los que no, siendo 36 por 1000 mujeres las que abortan en los primeros y 39 de 1000 las que abortan en los segundos.<\/p>\n\n\n\n<p class=\"wp-block-paragraph\">Obligar a una mujer a continuar con su embarazo o buscar un m\u00e9todo de aborto inseguro constituye una violaci\u00f3n de sus derechos humanos. Por eso, no podemos permitir que se d\u00e9 marcha atr\u00e1s en los avances conseguidos en&nbsp;<a href=\"https:\/\/www.es.amnesty.org\/en-que-estamos\/temas\/derechos-sexuales-reproductivos\/\" target=\"_blank\" rel=\"noreferrer noopener\">derechos sexuales y reproductivos.<\/a><\/p>\n\n\n\n<p class=\"wp-block-paragraph\">El aborto es una necesidad b\u00e1sica de atenci\u00f3n m\u00e9dica para millones de mujeres. Obligar a alguien a llevar un embarazo, por el motivo que sea, es una violaci\u00f3n de sus derechos humanos.<\/p>\n\n\n\n<p class=\"wp-block-paragraph\"><strong><em>China limita los abortos con \u201cfines no m\u00e9dicos\u201d<\/em><\/strong><\/p>\n\n\n\n<p class=\"wp-block-paragraph\">Este pa\u00eds lleva d\u00e9cadas aplicando&nbsp;pol\u00edticas de reproducci\u00f3n restrictivas de cara a controlar su tasa de natalidad,&nbsp;utilizando el aborto y los anticonceptivos para poder cumplir su pol\u00edtica de hijo \u00fanico. Estas medidas han conducido al pa\u00eds a&nbsp;la menor tasa de natalidad desde el a\u00f1o 1960.<\/p>\n\n\n\n<p class=\"wp-block-paragraph\">Para enfrentar la evidente crisis demogr\u00e1fica, el gobierno ha anunciado que se&nbsp;limitar\u00e1n los abortos con \u201cfines no m\u00e9dicos\u201d y que \u201cmejorar\u00e1n la educaci\u00f3n sexual y los servicios de planificaci\u00f3n familiar tras un aborto o embarazo\u201d.&nbsp;El Gobierno chino a\u00fan no ha detallado las especificaciones de estas restricciones, pero s\u00ed que tendr\u00e1 una duraci\u00f3n de 10 a\u00f1os, lo que resulta preocupante para los derechos reproductivos de las mujeres y ni\u00f1as.<\/p>\n\n\n\n<p class=\"wp-block-paragraph\">China vulnera los derechos humanos, tanto cuando limita el n\u00famero de hijos e hijas que quiere tener una mujer, como cuando limita el acceso al aborto. Como lo hace&nbsp;Ir\u00e1n&nbsp;cuando, en base a su pol\u00edtica geoestrat\u00e9gica de expansi\u00f3n territorial, quiere aumentar la poblaci\u00f3n&nbsp;obligando a las mujeres a procrear&nbsp;con medidas como limitar el acceso al empleo p\u00fablico a las mujeres solteras o sin hijos.<\/p>\n\n\n\n<figure class=\"wp-block-image size-full\"><a href=\"https:\/\/redsemlac.com\/semmexico\/wp-content\/uploads\/2023\/09\/sin-acesso-ile-03.jpg\"><img loading=\"lazy\" decoding=\"async\" width=\"850\" height=\"636\" src=\"https:\/\/redsemlac.com\/semmexico\/wp-content\/uploads\/2023\/09\/sin-acesso-ile-03.jpg\" alt=\"\" class=\"wp-image-71835\"\/><\/a><\/figure>\n\n\n\n<p class=\"wp-block-paragraph\"><em>Marcha de las Mujeres celebrada despu\u00e9s de que Texas pusiera en marcha una prohibici\u00f3n casi total de los procedimientos de aborto y del acceso a los medicamentos inductores del aborto, 2 de octubre de 2021. \u00a9 REUTERS\/Caitlin Ochs<\/em><\/p>\n\n\n\n<p class=\"wp-block-paragraph\"><strong><em>Texas penaliza el aborto pasadas las 6 semanas de gestaci\u00f3n<\/em><\/strong><\/p>\n\n\n\n<p class=\"wp-block-paragraph\">Tras d\u00e9cadas de la despenalizaci\u00f3n del aborto en Texas, ha entrado en vigor una&nbsp;ley que proh\u00edbe el aborto a partir de las 6 semanas de gestaci\u00f3n. Esta medida constituye un paso atr\u00e1s en el derecho al aborto, obligando a las mujeres a darse cuenta de su embarazo y tomar una decisi\u00f3n en un periodo de tiempo demasiado corto.<\/p>\n\n\n\n<p class=\"wp-block-paragraph\">Esta ley&nbsp;no permite excepciones en caso de violaci\u00f3n o incestos, \u00fanicamente permite el aborto por motivos de salud&nbsp;en los que la vida de la madre corra peligro o su cuerpo pueda sufrir un fuerte deterioro. Adem\u00e1s,&nbsp;se han establecido recompensas de hasta 10.000 d\u00f3lares para la gente que denuncie a quienes ayudan a abortar.&nbsp;Otros estados est\u00e1n siguiendo la misma pauta, como&nbsp;Misuri, Idaho, Tennessee o Virginia Occidental, entre otros.<\/p>\n\n\n\n<p class=\"wp-block-paragraph\">Esta ley afecta sobre todo a los colectivos m\u00e1s vulnerables, como las&nbsp;adolescentes&nbsp;que pueden no darse cuenta de su embarazo hasta un estado m\u00e1s avanzado, las&nbsp;mujeres con bajos ingresos&nbsp;o las&nbsp;mujeres inmigrantes en situaci\u00f3n irregular.<\/p>\n\n\n\n<p class=\"wp-block-paragraph\"><strong><em>Kansas consigue blindar en refer\u00e9ndum el derecho al aborto<\/em><\/strong><\/p>\n\n\n\n<p class=\"wp-block-paragraph\">Es lo que ha sucedido en agosto de 2022, cuando la poblaci\u00f3n de este estado de Estados Unidos vot\u00f3 mayoritariamente a favor de que su legislaci\u00f3n siga protegiendo el derecho al aborto. Kansas se mantiene, as\u00ed como un \u201cEstado refugio\u201d para las mujeres de esos otros estados que les niegan el derecho a un aborto legal y seguro.<\/p>\n\n\n\n<p class=\"wp-block-paragraph\">En Carolina del Norte, Estados Unidos, las mujeres deben poder decidir sobre su cuerpo y sus vidas.<\/p>\n\n\n\n<figure class=\"wp-block-image size-full\"><a href=\"https:\/\/redsemlac.com\/semmexico\/wp-content\/uploads\/2023\/09\/sin-acesso-ile-04.jpg\"><img loading=\"lazy\" decoding=\"async\" width=\"850\" height=\"567\" src=\"https:\/\/redsemlac.com\/semmexico\/wp-content\/uploads\/2023\/09\/sin-acesso-ile-04.jpg\" alt=\"\" class=\"wp-image-71836\"\/><\/a><\/figure>\n\n\n\n<p class=\"wp-block-paragraph\"><em>Marcha contra la prohibici\u00f3n casi total del aborto en Polonia y desencadenada por la tr\u00e1gica muerte de Izabela, que falleci\u00f3 por septicemia tras neg\u00e1rsele un aborto en el hospital de Pszczyna. \u00a9 Grzegorz \u017bukowski<\/em><\/p>\n\n\n\n<p class=\"wp-block-paragraph\"><strong><em>Polonia enjuicia a una defensora de derechos humanos acusada de \u00abayudar a un aborto\u00bb<\/em><\/strong><\/p>\n\n\n\n<p class=\"wp-block-paragraph\">Polonia es uno de los pa\u00edses de la Uni\u00f3n Europea con una pol\u00edtica de aborto m\u00e1s restrictiva. En 2020 su Tribunal Constitucional elimin\u00f3 uno de los \u00fanicos tres supuestos en los que estaba permitido abortar \u2013por defecto fetal grave e irreversible o enfermedad que haga inviable la vida del feto-.<\/p>\n\n\n\n<p class=\"wp-block-paragraph\">Adem\u00e1s, las autoridades persiguen a quienes se manifiestan en contra de esta decisi\u00f3n. En 2021,&nbsp;la defensora de los derechos humanos Justyna Wydrzy\u0144ska fue acusada de \u201cayudar a un aborto\u201d&nbsp;y de \u201cposesi\u00f3n de medicamentos sin autorizaci\u00f3n con el fin de introducirlos en el mercado\u201d.&nbsp;Este es el primer caso en Europa en el que una activista es enjuiciada por contribuir a un aborto facilitando p\u00edldoras abortivas. El Tribunal Europeo de Derechos Humanos ha anunciado que examinar\u00e1 las denuncias de mujeres polacas que puedan haber sido v\u00edctimas de violaciones del&nbsp;Convenio Europeo para la Protecci\u00f3n de los Derechos Humanos y de las Libertades Fundamentales&nbsp;como consecuencia de la sentencia constitucional sobre el aborto.<\/p>\n\n\n\n<p class=\"wp-block-paragraph\"><strong><em>El Congreso de Rep\u00fablica Dominicana vota en contra de la despenalizaci\u00f3n del aborto<\/em><\/strong><\/p>\n\n\n\n<p class=\"wp-block-paragraph\">En Rep\u00fablica Dominicana el aborto est\u00e1 prohibido en todos los supuestos.&nbsp;Sin embargo, en 2014 la C\u00e1mara de Diputados aprob\u00f3 un C\u00f3digo Penal que despenalizaba el aborto en tres situaciones: cuando el embarazo constituyera un peligro para la vida de la embarazada, cuando el feto no pudiera sobrevivir fuera del \u00fatero materno&nbsp;y cuando el embarazo fuera consecuencia de una violaci\u00f3n o incesto. Este paso&nbsp;fue anulado por el Tribunal Constitucional.<\/p>\n\n\n\n<p class=\"wp-block-paragraph\">M\u00e1s recientemente, en 2021, la C\u00e1mara de Diputados volvi\u00f3 a abrir el debate, pero la mayor\u00eda de los diputados se mostraron en contra de la despenalizaci\u00f3n en esas tres circunstancias espec\u00edficas, demostrando que la vida y la salud de las mujeres y ni\u00f1as no forman parte de sus prioridades legislativas.<\/p>\n\n\n\n<figure class=\"wp-block-image size-full\"><a href=\"https:\/\/redsemlac.com\/semmexico\/wp-content\/uploads\/2023\/09\/sin-acesso-ile-05.jpg\"><img loading=\"lazy\" decoding=\"async\" width=\"850\" height=\"572\" src=\"https:\/\/redsemlac.com\/semmexico\/wp-content\/uploads\/2023\/09\/sin-acesso-ile-05.jpg\" alt=\"\" class=\"wp-image-71837\"\/><\/a><\/figure>\n\n\n\n<p class=\"wp-block-paragraph\"><em>Dos manifestantes se abrazan durante una protesta para conmemorar el D\u00eda Internacional del Aborto Seguro en Ciudad de M\u00e9xico, el 28 de septiembre de 2020. \u00a9 REUTERS\/Carlos Jasso<\/em><\/p>\n\n\n\n<p class=\"wp-block-paragraph\"><strong><em>El aborto ya no est\u00e1 penado con la c\u00e1rcel en M\u00e9xico<\/em><\/strong><\/p>\n\n\n\n<p class=\"wp-block-paragraph\">Afortunadamente tambi\u00e9n hay pa\u00edses en los que se est\u00e1n consiguiendo avances, como es el caso de M\u00e9xico, donde la Suprema Corte ha despenalizado el aborto el pasado 7 de septiembre de 2023, tras una decisi\u00f3n hist\u00f3rica votada por unanimidad. Ahora las mujeres saben que ya no ir\u00e1n a la c\u00e1rcel por tomar la decisi\u00f3n de acortar o simplemente porque alguien las acuse de hacerlo.<\/p>\n\n\n\n<p class=\"wp-block-paragraph\">Hasta ahora, solo los estados de DF, Oaxaca, Hidalgo y Veracruz ten\u00edan leyes de interrupci\u00f3n del embarazo por plazos y en algunos supuestos c\u00f3mo que constituyera un peligro para la salud de la embarazada.<\/p>\n\n\n\n<p class=\"wp-block-paragraph\"><strong><em>Chile tiene una nueva oportunidad para seguir avanzando<\/em><\/strong><\/p>\n\n\n\n<p class=\"wp-block-paragraph\">Hasta 2017, el aborto estaba prohibido en todos los supuestos.&nbsp;Ese a\u00f1o se modific\u00f3 en el C\u00f3digo Penal para despenalizar tres supuestos, por violaci\u00f3n, por riesgo del embarazo para la vida de la madre y&nbsp;por inviabilidad del feto, lo que ya supuso un paso muy importante, para las mujeres de Chile, pero tambi\u00e9n para toda la regi\u00f3n.<\/p>\n\n\n\n<p class=\"wp-block-paragraph\">Ahora, en el proceso constituyente emprendido en el pa\u00eds,&nbsp;la despenalizaci\u00f3n del aborto es uno de los derechos que est\u00e1n a debate para que la nueva constituci\u00f3n lo proteja. Los avances ya conseguidos en otros pa\u00edses vecinos ayudan en este objetivo.<\/p>\n\n\n\n<figure class=\"wp-block-image size-full\"><a href=\"https:\/\/redsemlac.com\/semmexico\/wp-content\/uploads\/2023\/09\/sin-acesso-ile-06.jpg\"><img loading=\"lazy\" decoding=\"async\" width=\"850\" height=\"567\" src=\"https:\/\/redsemlac.com\/semmexico\/wp-content\/uploads\/2023\/09\/sin-acesso-ile-06.jpg\" alt=\"\" class=\"wp-image-71838\"\/><\/a><\/figure>\n\n\n\n<p class=\"wp-block-paragraph\"><em>Manifestaci\u00f3n por el derecho al aborto en el mundo, celebrada el 7 de mayo de 2022 en \u00c1msterdam, Pa\u00edses Bajos. \u00a9 Pierre Crom\/Getty Images<\/em><\/p>\n\n\n\n<p class=\"wp-block-paragraph\"><strong><em>Colombia tambi\u00e9n despenaliza el aborto<\/em><\/strong><\/p>\n\n\n\n<p class=\"wp-block-paragraph\">Las mujeres en Colombia, siguiendo la estela de las mujeres de Argentina y M\u00e9xico, litigaron ante su Tribunal Constitucional por el derecho a no tener que ir a la c\u00e1rcel, acusadas de abortar. Finalmente, en febrero de 2022, el Tribunal les dio la raz\u00f3n permitiendo que&nbsp;<a href=\"https:\/\/www.es.amnesty.org\/en-que-estamos\/noticias\/noticia\/articulo\/colombia-despenalizacion-del-aborto-es-un-triunfo-para-los-derechos-humanos\/\" target=\"_blank\" rel=\"noreferrer noopener\">el aborto sea legal<\/a>&nbsp;en las primeras 24 semanas de embarazo.<\/p>\n\n\n\n<p class=\"wp-block-paragraph\">Este es otro paso m\u00e1s para que el derecho al aborto legal y seguro sea una realidad en toda Am\u00e9rica Latina y el Caribe, una de las regiones del mundo con legislaciones m\u00e1s restrictivas.<\/p>\n\n\n\n<p class=\"wp-block-paragraph\"><strong><em>En Asia, avances para acceder a un aborto legal y seguro<\/em><\/strong><\/p>\n\n\n\n<p class=\"wp-block-paragraph\">El aborto se despenaliz\u00f3 en&nbsp;Corea del Sur&nbsp;en enero de 2022, tras un fallo previo del Tribunal Constitucional que declaraba inconstitucional su prohibici\u00f3n y, en febrero fue el Parlamento de .Tailandia&nbsp;el que reform\u00f3 su C\u00f3digo Penal para legalizar el aborto durante las primeras 12 semanas de embarazo.<\/p>\n\n\n\n<p class=\"wp-block-paragraph\"><strong><em>En Espa\u00f1a, de la ley al hecho todav\u00eda hay un trecho<\/em><\/strong><\/p>\n\n\n\n<p class=\"wp-block-paragraph\">En Espa\u00f1a, aunque la ley sobre el acceso al aborto se\u00f1ala que&nbsp;la prestaci\u00f3n sanitaria de la interrupci\u00f3n voluntaria del embarazo se realizar\u00e1 en centros de la red sanitaria p\u00fablica o vinculados a la misma, en la realidad esto es excepcional, ya que la mayor\u00eda de los abortos se realizan en centros privados,&nbsp;produci\u00e9ndose una barrera de acceso al aborto muy importante.<\/p>\n\n\n\n<p class=\"wp-block-paragraph\">Esto se debe,&nbsp; en gran parte, a la falta de un mecanismo efectivo que garantice el acceso al aborto en casos de ejercicio de&nbsp;objeci\u00f3n de conciencia por parte de personal m\u00e9dico.&nbsp;Recientemente han tenido gran repercusi\u00f3n en medios, el testimonio de mujeres que se han visto gravemente afectadas por esta situaci\u00f3n.<\/p>\n\n\n\n<p class=\"wp-block-paragraph\">La buena noticia es que en marzo de 2023 ha entrado en vigor la Ley Org\u00e1nica 1\/2023 que introduce dos elementos importantes para garantizar el derecho efectivo al aborto legal y seguro:&nbsp;eliminar la exigencia de consentimiento paterno para que las chicas de 16 y 17 a\u00f1os&nbsp;y las&nbsp;mujeres con discapacidad&nbsp;interrumpan el embarazo; y se establece la obligaci\u00f3n de que cada hospital debe de contar con la relaci\u00f3n de personal sanitario objetor y poder as\u00ed planificar la garant\u00eda de la prestaci\u00f3n, mayoritariamente en la sanidad p\u00fablica y, por tanto, cerca de los domicilios de las mujeres.<\/p>\n\n\n\n<figure class=\"wp-block-image size-full\"><a href=\"https:\/\/redsemlac.com\/semmexico\/wp-content\/uploads\/2023\/09\/sin-acesso-ile-07.jpg\"><img loading=\"lazy\" decoding=\"async\" width=\"850\" height=\"567\" src=\"https:\/\/redsemlac.com\/semmexico\/wp-content\/uploads\/2023\/09\/sin-acesso-ile-07.jpg\" alt=\"\" class=\"wp-image-71839\"\/><\/a><\/figure>\n\n\n\n<p class=\"wp-block-paragraph\"><em>Manifestaci\u00f3n organizada por Amnist\u00eda Internacional en Roma para protestar contra la abolici\u00f3n del aborto en Estados Unidos. \u00a9 Matteo Nardone\/Pacific Press\/LightRocket v\u00eda Getty Images<\/em><\/p>\n\n\n\n<p class=\"wp-block-paragraph\"><strong><em>Es el momento de actuar por el derecho al aborto<\/em><\/strong><\/p>\n\n\n\n<p class=\"wp-block-paragraph\">Desde la&nbsp;Conferencia Internacional sobre Poblaci\u00f3n y Desarrollo y su Programa de Acci\u00f3n en 1994, son muchos los pa\u00edses que han modificado sus leyes y su compromiso de prevenir los abortos inseguros, liberalizando el aborto y ampliando los motivos por los que el aborto es legal.<\/p>\n\n\n\n<p class=\"wp-block-paragraph\">En la \u00faltima d\u00e9cada conviven los avances, pero tambi\u00e9n el inter\u00e9s de gobiernos y grupos antiaborto por hacer retroceder los derechos reproductivos de mujeres y ni\u00f1as.<\/p>\n\n\n\n<p class=\"wp-block-paragraph\">\u201cEn los \u00faltimos 25 a\u00f1os, m\u00e1s de 50 pa\u00edses han modificado su legislaci\u00f3n para permitir mayor acceso al aborto, en ocasiones reconociendo que el acceso al aborto sin riesgos es fundamental para la protecci\u00f3n de la vida y la salud de las mujeres.\u201d<\/p>\n\n\n\n<p class=\"wp-block-paragraph\"><a href=\"https:\/\/www.es.amnesty.org\/en-que-estamos\/temas\/derechos-humanos\/\" target=\"_blank\" rel=\"noreferrer noopener\">Las leyes de derechos humanos<\/a>&nbsp;y las normas de la Organizaci\u00f3n Mundial de la Salud exigen que los Estados despenalicen el aborto y eliminen las barreras de acceso. El Plan de Acci\u00f3n de G\u00e9nero de la Uni\u00f3n Europea tambi\u00e9n reitera su compromiso para garantizar un entorno legal, pol\u00edtico y social propicio para la salud y los derechos sexuales y reproductivos, y muchos pa\u00edses europeos han sido l\u00edderes en la tendencia global de liberalizaci\u00f3n del acceso al aborto y para eliminar barreras. Sin embargo, todav\u00eda pa\u00edses de todo el mundo incumplen esta premisa e incluso eliminan los derechos ya conseguidos, como muestra el caso de Polonia y Estados Unidos.<\/p>\n\n\n\n<p class=\"wp-block-paragraph\">Por eso es tan importante que actuemos para que los derechos sexuales y reproductivos, incluido el aborto, sigan avanzando y se extienda por los gobiernos de los pa\u00edses que todav\u00eda no han permitido que se produzca este necesario e imprescindible cambio.<\/p>\n\n\n\n<p class=\"wp-block-paragraph\">En Amnist\u00eda Internacional iniciamos una Campa\u00f1a Global el 28 de septiembre,&nbsp;D\u00eda Internacional del Aborto Seguro, que vamos a desarrollar hasta marzo de 2024. El objetivo es&nbsp;defender el derecho efectivo al aborto, mostrar el impacto que tiene su prohibici\u00f3n entre las personas que lo necesitan y denunciar las barreras que deben enfrentar las defensoras y defensores de este derecho y quienes prestan la atenci\u00f3n m\u00e9dica.<\/p>\n\n\n\n<p class=\"wp-block-paragraph\">*Activista del Equipo de trabajo sobre el derechos de las mujeres en Amnist\u00eda Internacional<\/p>\n","protected":false},"excerpt":{"rendered":"<p>El acceso a un aborto seguro constituye un derecho que deber\u00eda poseer toda mujer, ni\u00f1a o persona que pueda quedarse embarazada.<\/p>\n","protected":false},"author":3,"featured_media":71832,"comment_status":"open","ping_status":"open","sticky":false,"template":"","format":"standard","meta":{"_monsterinsights_skip_tracking":false,"footnotes":""},"categories":[27],"tags":[],"class_list":["post-71831","post","type-post","status-publish","format-standard","has-post-thumbnail","category-cobertura-especial"],"_links":{"self":[{"href":"https:\/\/redsemlac.com\/semmexico\/wp-json\/wp\/v2\/posts\/71831","targetHints":{"allow":["GET"]}}],"collection":[{"href":"https:\/\/redsemlac.com\/semmexico\/wp-json\/wp\/v2\/posts"}],"about":[{"href":"https:\/\/redsemlac.com\/semmexico\/wp-json\/wp\/v2\/types\/post"}],"author":[{"embeddable":true,"href":"https:\/\/redsemlac.com\/semmexico\/wp-json\/wp\/v2\/users\/3"}],"replies":[{"embeddable":true,"href":"https:\/\/redsemlac.com\/semmexico\/wp-json\/wp\/v2\/comments?post=71831"}],"version-history":[{"count":0,"href":"https:\/\/redsemlac.com\/semmexico\/wp-json\/wp\/v2\/posts\/71831\/revisions"}],"wp:featuredmedia":[{"embeddable":true,"href":"https:\/\/redsemlac.com\/semmexico\/wp-json\/wp\/v2\/media\/71832"}],"wp:attachment":[{"href":"https:\/\/redsemlac.com\/semmexico\/wp-json\/wp\/v2\/media?parent=71831"}],"wp:term":[{"taxonomy":"category","embeddable":true,"href":"https:\/\/redsemlac.com\/semmexico\/wp-json\/wp\/v2\/categories?post=71831"},{"taxonomy":"post_tag","embeddable":true,"href":"https:\/\/redsemlac.com\/semmexico\/wp-json\/wp\/v2\/tags?post=71831"}],"curies":[{"name":"wp","href":"https:\/\/api.w.org\/{rel}","templated":true}]}}