{"id":71824,"date":"2023-09-28T09:42:27","date_gmt":"2023-09-28T15:42:27","guid":{"rendered":"https:\/\/redsemlac.com\/semmexico\/?p=71824"},"modified":"2023-09-28T09:42:29","modified_gmt":"2023-09-28T15:42:29","slug":"abortos-en-la-ciudad-de-mexico-disminuyen-en-una-decada","status":"publish","type":"post","link":"https:\/\/redsemlac.com\/semmexico\/abortos-en-la-ciudad-de-mexico-disminuyen-en-una-decada\/","title":{"rendered":"Abortos en la Ciudad de M\u00e9xico disminuyen en una d\u00e9cada"},"content":{"rendered":"\n<p class=\"wp-block-paragraph\">El n\u00famero de pacientes que han abortado en hospitales de la capital ha disminuido en la \u00faltima d\u00e9cada | Cuartoscuro<\/p>\n\n\n\n<p class=\"wp-block-paragraph\">Oliva L\u00f3pez, secretaria de Salud, explica que la reducci\u00f3n se debe a la planificaci\u00f3n familiar, as\u00ed como la despenalizaci\u00f3n del aborto en otros estados<\/p>\n\n\n\n<p class=\"wp-block-paragraph\">Gloria L\u00f3pez<\/p>\n\n\n\n<p class=\"wp-block-paragraph\">SemM\u00e9xico\/ El Sol de M\u00e9xico, Ciudad de M\u00e9xico, 28 de septiembre, 2023.- El n\u00famero de&nbsp;interrupciones legales de embarazo (ILE)&nbsp;realizadas en&nbsp;hospitales&nbsp;de la&nbsp;Ciudad de M\u00e9xico disminuy\u00f3&nbsp;casi la mitad en diez a\u00f1os: en 2012&nbsp;se practicaron 20 mil 482 abortos&nbsp;y 10 a\u00f1os despu\u00e9s se registraron 12 mil 876.<\/p>\n\n\n\n<p class=\"wp-block-paragraph\">La secretaria de&nbsp;Salud en la Ciudad de M\u00e9xico, Oliva L\u00f3pez Arellano, explic\u00f3 que esto se debe a&nbsp;diversos factores&nbsp;como la intensificaci\u00f3n de programas en salud reproductiva, la planificaci\u00f3n familiar y el uso de&nbsp;m\u00e9todos anticonceptivos, as\u00ed como la&nbsp; despenalizaci\u00f3n del aborto&nbsp;en otros estados de la rep\u00fablica.<\/p>\n\n\n\n<figure class=\"wp-block-image size-full\"><a href=\"https:\/\/redsemlac.com\/semmexico\/wp-content\/uploads\/2023\/09\/abortos-disminuyen-02.jpg\"><img loading=\"lazy\" decoding=\"async\" width=\"720\" height=\"449\" src=\"https:\/\/redsemlac.com\/semmexico\/wp-content\/uploads\/2023\/09\/abortos-disminuyen-02.jpg\" alt=\"\" class=\"wp-image-71826\"\/><\/a><\/figure>\n\n\n\n<p class=\"wp-block-paragraph\">\u201cTiene que ver con que&nbsp;hay m\u00e1s entidades que ya tienen legislaci\u00f3n en la interrupci\u00f3n del embarazo&nbsp;y esto siempre es muy \u00fatil porque disminuye la concentraci\u00f3n, anteriormente ven\u00edan de todo el pa\u00eds a la ciudad de M\u00e9xico y poblaci\u00f3n en condici\u00f3n de migraci\u00f3n y ahora pues se ha reducido\u201d, dijo en entrevista con&nbsp;El Sol de M\u00e9xico.<\/p>\n\n\n\n<p class=\"wp-block-paragraph\">Hasta el momento, los estados donde las&nbsp;mujeres pueden abortar de manera legal&nbsp;durante las&nbsp;primeras 12 semanas&nbsp;de gestaci\u00f3n sin importar las causas son, adem\u00e1s de la&nbsp;Ciudad de M\u00e9xico, Oaxaca, Baja California, Coahuila, Veracruz, Colima, Hidalgo, Guerrero, Baja California Sur, Sinaloa, Quintana Roo y Aguascalientes.<\/p>\n\n\n\n<p class=\"wp-block-paragraph\">L\u00f3pez Arellano destac\u00f3 que&nbsp;de 2019 a 2023 la Secretar\u00eda de Salud&nbsp;ha&nbsp;asesorado&nbsp;a algunos estados y pa\u00edses donde se ha&nbsp;despenalizado el aborto&nbsp;para aplicar de manera adecuada el programa de interrupci\u00f3n&nbsp;legal&nbsp;en sus entidades.<\/p>\n\n\n\n<p class=\"wp-block-paragraph\">Resalt\u00f3 que el personal de salud de&nbsp;Oaxaca,&nbsp;Baja California e Hidalgo&nbsp;han&nbsp;visitado&nbsp;las cl\u00ednicas y hospitales de la ciudad para&nbsp;conocer c\u00f3mo es el servicio.<\/p>\n\n\n\n<p class=\"wp-block-paragraph\">\u201cHacemos&nbsp;mucho \u00e9nfasis en la perspectiva de g\u00e9nero, en la inclusi\u00f3n que es muy importante para nosotros atender sin distinci\u00f3n, si es una persona residente de la ciudad, en tr\u00e1nsito, si est\u00e1 de visita, si es una persona una turista, la pol\u00edtica de cero rechazo y tambi\u00e9n otro elemento muy importante que es la gratuidad de los servicios y la universalidad\u201d, inform\u00f3.<\/p>\n\n\n\n<figure class=\"wp-block-image size-full\"><a href=\"https:\/\/redsemlac.com\/semmexico\/wp-content\/uploads\/2023\/09\/abortos-disminuyen-03.jpg\"><img loading=\"lazy\" decoding=\"async\" width=\"720\" height=\"720\" src=\"https:\/\/redsemlac.com\/semmexico\/wp-content\/uploads\/2023\/09\/abortos-disminuyen-03.jpg\" alt=\"\" class=\"wp-image-71827\"\/><\/a><\/figure>\n\n\n\n<p class=\"wp-block-paragraph\">La secretaria consider\u00f3 que con la sentencia de la&nbsp;Suprema Corte de Justicia&nbsp;que&nbsp;emiti\u00f3 hace unas semanas para despenalizar el aborto&nbsp;en todo el pa\u00eds, los procesos de interrupci\u00f3n legal en la&nbsp;Ciudad de M\u00e9xico&nbsp;disminuir\u00e1n&nbsp;progresivamente.<\/p>\n\n\n\n<p class=\"wp-block-paragraph\">\u201cSeguramente&nbsp;van a disminuir,&nbsp;no tan r\u00e1pido&nbsp;porque se requiere instrumentar el&nbsp;servicio, garantizar que se tenga el equipo multiprofesional, tener el programa ya montado para poder&nbsp;atender con calidad&nbsp;a las personas, pero desde luego es un gran logro que la Suprema Corte de Justicia decidi\u00f3 que debe quitarse del sistema jur\u00eddico del C\u00f3digo Penal este castigo al aborto\u201d, subray\u00f3.<\/p>\n\n\n\n<p class=\"wp-block-paragraph\">\u201cNosotros desde luego&nbsp;estamos abiertos a asesorar, apoyar para la configuraci\u00f3n de los sistemas de interrupci\u00f3n legal del embarazo y la articulaci\u00f3n de los servicios como deben estar porque ya tenemos, pues,&nbsp;16 a\u00f1os de experiencia&nbsp;de este procedimiento\u201d, se\u00f1al\u00f3.<\/p>\n\n\n\n<figure class=\"wp-block-image size-full\"><a href=\"https:\/\/redsemlac.com\/semmexico\/wp-content\/uploads\/2023\/09\/abortos-disminuyen-04.jpg\"><img loading=\"lazy\" decoding=\"async\" width=\"720\" height=\"449\" src=\"https:\/\/redsemlac.com\/semmexico\/wp-content\/uploads\/2023\/09\/abortos-disminuyen-04.jpg\" alt=\"\" class=\"wp-image-71828\"\/><\/a><\/figure>\n\n\n\n<p class=\"wp-block-paragraph\"><strong>Cl\u00ednicas<\/strong><\/p>\n\n\n\n<p class=\"wp-block-paragraph\">Actualmente&nbsp;la Secretar\u00eda de Salud ofrece el servicio de interrupci\u00f3n legal en 14 cl\u00ednicas y hospitales de la capital,&nbsp;en donde tambi\u00e9n se brinda atenci\u00f3n psicol\u00f3gica, adem\u00e1s de acompa\u00f1amiento de parte de las enfermeras y trabajadoras antes y despu\u00e9s del procedimiento.<\/p>\n\n\n\n<p class=\"wp-block-paragraph\">De acuerdo con la dependencia de salud, desde&nbsp;2007, a\u00f1o en el que&nbsp;se despenaliz\u00f3 el aborto en la capital,&nbsp;se han practicado 265 mil 488 abortos de los cuales ninguno ha presentado afectaciones en las mujeres.<\/p>\n\n\n\n<p class=\"wp-block-paragraph\">\u201cEs un&nbsp;procedimiento&nbsp;muy seguro, tenemos cero muertes atribuidas al procedimiento y sobre todo que en los \u00faltimos a\u00f1os que se ha dado a conocer el programa y que hay mucha m\u00e1s&nbsp;apertura&nbsp;y&nbsp;libertad&nbsp;para decidir,&nbsp;las personas se acercan para interrumpir su embarazo en las primeras semanas\u201d, explic\u00f3.<\/p>\n\n\n\n<p class=\"wp-block-paragraph\">Destac\u00f3 que&nbsp;80 por ciento de los procedimientos se realizan con medicamentos&nbsp;y el resto se realiza con equipos profesionales para llevar a cabo de manera adecuada el proceso de interrupci\u00f3n legal que las mujeres requieran.<\/p>\n","protected":false},"excerpt":{"rendered":"<p>El n\u00famero de\u00a0interrupciones legales de embarazo (ILE)\u00a0realizadas en\u00a0hospitales\u00a0de la\u00a0Ciudad de M\u00e9xico disminuy\u00f3\u00a0casi la mitad en diez a\u00f1os: en 2012\u00a0se practicaron 20 mil 482 abortos\u00a0y 10 a\u00f1os despu\u00e9s se registraron 12 mil 876.<\/p>\n","protected":false},"author":3,"featured_media":71825,"comment_status":"open","ping_status":"open","sticky":false,"template":"","format":"standard","meta":{"_monsterinsights_skip_tracking":false,"footnotes":""},"categories":[27],"tags":[],"class_list":["post-71824","post","type-post","status-publish","format-standard","has-post-thumbnail","category-cobertura-especial"],"_links":{"self":[{"href":"https:\/\/redsemlac.com\/semmexico\/wp-json\/wp\/v2\/posts\/71824","targetHints":{"allow":["GET"]}}],"collection":[{"href":"https:\/\/redsemlac.com\/semmexico\/wp-json\/wp\/v2\/posts"}],"about":[{"href":"https:\/\/redsemlac.com\/semmexico\/wp-json\/wp\/v2\/types\/post"}],"author":[{"embeddable":true,"href":"https:\/\/redsemlac.com\/semmexico\/wp-json\/wp\/v2\/users\/3"}],"replies":[{"embeddable":true,"href":"https:\/\/redsemlac.com\/semmexico\/wp-json\/wp\/v2\/comments?post=71824"}],"version-history":[{"count":0,"href":"https:\/\/redsemlac.com\/semmexico\/wp-json\/wp\/v2\/posts\/71824\/revisions"}],"wp:featuredmedia":[{"embeddable":true,"href":"https:\/\/redsemlac.com\/semmexico\/wp-json\/wp\/v2\/media\/71825"}],"wp:attachment":[{"href":"https:\/\/redsemlac.com\/semmexico\/wp-json\/wp\/v2\/media?parent=71824"}],"wp:term":[{"taxonomy":"category","embeddable":true,"href":"https:\/\/redsemlac.com\/semmexico\/wp-json\/wp\/v2\/categories?post=71824"},{"taxonomy":"post_tag","embeddable":true,"href":"https:\/\/redsemlac.com\/semmexico\/wp-json\/wp\/v2\/tags?post=71824"}],"curies":[{"name":"wp","href":"https:\/\/api.w.org\/{rel}","templated":true}]}}