{"id":71820,"date":"2023-09-28T09:24:36","date_gmt":"2023-09-28T15:24:36","guid":{"rendered":"https:\/\/redsemlac.com\/semmexico\/?p=71820"},"modified":"2023-09-28T09:43:47","modified_gmt":"2023-09-28T15:43:47","slug":"marcha-por-el-aborto-28s-2023-horarios-rutas-y-actividades-en-todo-mexico","status":"publish","type":"post","link":"https:\/\/redsemlac.com\/semmexico\/marcha-por-el-aborto-28s-2023-horarios-rutas-y-actividades-en-todo-mexico\/","title":{"rendered":"Marcha por el aborto 28S 2023: horarios, rutas y actividades en todo M\u00e9xico"},"content":{"rendered":"\n<p class=\"wp-block-paragraph\">C\u00e1rteles de este 28S en M\u00e9xico\/ La Cadera de Eva<\/p>\n\n\n\n<p class=\"wp-block-paragraph\">En muchas entidades no habr\u00e1 marchas, sino&nbsp; an\u00e1lisis, evaluaciones y foros<\/p>\n\n\n\n<p class=\"wp-block-paragraph\">Las Marchas este 28 de septiembre en el pa\u00eds&nbsp; a partir de las 12 y 14 horas<\/p>\n\n\n\n<p class=\"wp-block-paragraph\">Redacci\u00f3n<\/p>\n\n\n\n<p class=\"wp-block-paragraph\">SemM\u00e9xico, Ciudad de M\u00e9xico, 28 de septiembre, 2023.- Como cada 28 de septiembre y con motivo de conmemorar el 28 de septiembre, D\u00eda de Acci\u00f3n Global por el Aborto Legal, Seguro y Accesible, se llevar\u00e1n a cabo diversas marchas en las avenidas m\u00e1s importantes de la CDMX y el pa\u00eds, convocadas por organizaciones en pro de los derechos humanos y reproductivos, adem\u00e1s de colectivas feministas.<\/p>\n\n\n\n<p class=\"wp-block-paragraph\">En la ciudad de M\u00e9xico, el colectivo&nbsp;<a href=\"https:\/\/www.facebook.com\/RedCentinelas?__cft__%5b0%5d=AZWSHPA44X09K-Wa8GIDVkggUn7JsXNRgZMLtOHwcJNJsN88B7T6nVoMcaf1IqSjkUwm4gQ2nmb8nmbVsKfBvGBc9Igcb-VMUHoW3iuM6XPSJPXYtfeVujidUQ4e6E1mG8olYIErn5Mlh4EfPDxAvdyWURk_ToZMFwZr1UIvpBJE8OYDDSmXcJfkX3c_nWNr-Hg&amp;__tn__=-UC*F\">Las Centinelas, Red de Acompa\u00f1amiento por el Derecho a Decidir<\/a>&nbsp;, detallan que la marcha comenzar\u00e1 a las 17:30 horas en la Plaza de los tres Poderes y<\/p>\n\n\n\n<p class=\"wp-block-paragraph\">terminar\u00e1 en la Glorieta del Caballito.<a href=\"https:\/\/twitter.com\/SCJN\/status\/1706405713453760562\/photo\/1\"><\/a><\/p>\n\n\n\n<p class=\"wp-block-paragraph\"><strong>Estas son las marchas por el 28 de septiembre que habr\u00e1 en la CDMX<\/strong><\/p>\n\n\n\n<p class=\"wp-block-paragraph\">La colectiva <strong>Marea Verde Mx<\/strong> tendr\u00e1, &nbsp;punto de reuni\u00f3n ser\u00e1 la Glorieta de las Mujeres que luchan a las 2 p.m.<\/p>\n\n\n\n<p class=\"wp-block-paragraph\">Otras salidas para las marchas: &nbsp;grupos de estudiantes, principalmente de nivel medio superior y nivel superior. Las salidas ser\u00e1n desde los planteles alrededor de las 2 p.m.<\/p>\n\n\n\n<p class=\"wp-block-paragraph\">Ir a reunirse: en &nbsp;las avenidas principales de la CDMX, como Reforma, Ju\u00e1rez y Eje Central. Ah\u00ed podr\u00e1n unirte a alguno de los grupos&nbsp; con pa\u00f1uelo verde.<\/p>\n\n\n\n<p class=\"wp-block-paragraph\">Si eres una persona no binariae, intersex o trans, entonces podr\u00e1s unirte al festejo con varias colectivas afuera del Hotel Fiesta Americana junto a la Glorieta de las Mujeres que Luchan a las 2:00 de la tarde.<\/p>\n\n\n\n<p class=\"wp-block-paragraph\"><strong>Baja California<\/strong> convocan Las Centinelas, Red de Acompa\u00f1amiento por el Derecho a Decidir. 5:30 de la tarde en la Plaza de los Tres Poderes y terminar\u00e1n en la Glorieta del Caballito.<\/p>\n\n\n\n<p class=\"wp-block-paragraph\"><strong>Baja California Sur<\/strong>: l Plant\u00f3n 28S.&nbsp; La Paz deber\u00e1s en La Paloma en el &nbsp;malec\u00f3n a las 5:00 de la tarde; &nbsp;en Los Cabos, cita en el &nbsp;Hospital General Dr. Ra\u00fal A. Carrillo ubicado en San Jos\u00e9 del Cabo a las 12:30.<\/p>\n\n\n\n<p class=\"wp-block-paragraph\">Convocar la colectiva Asamblea Feminista de Baja California Sur.<\/p>\n\n\n\n<p class=\"wp-block-paragraph\">&nbsp;<strong>Puebla<\/strong> convoca la colectiva Coatlicue SiempreViva 16 horas en la Plaza Dorada .<\/p>\n\n\n\n<p class=\"wp-block-paragraph\">3 de la tarde: primera edici\u00f3n del \u201cBailongo abortista\u201d donde habr\u00e1 mucha m\u00fasica y festejos frente al Congreso de Puebla<\/p>\n\n\n\n<p class=\"wp-block-paragraph\">\u00a1Ya lleg\u00f3! \u00a1Ya est\u00e1 aqu\u00ed! La cartelera abortista m\u00e1s esperada del a\u00f1o&#8230; Porque nadie nos va a parar \u00a1#EsAbortoLegalPueblaYA ! Checa nuestras actividades y muy pronto, nuestro evento \u00a1SOR PRESA! Hasta que #SeaLey, \u00a1Aqu\u00ed estamos @CongresoPue! pic.twitter.com\/08DCu6apt4<\/p>\n\n\n\n<p class=\"wp-block-paragraph\"><strong>En M\u00e9rida<\/strong>, Yucat\u00e1n el 28S iniciar\u00e1 en la Plaza Grande a las 6:30 pm. Asimismo, esta entidad&nbsp; contar\u00e1 con una serie de foros por la emancipaci\u00f3n corporal en la Facultad de Ciencias Antropol\u00f3gicas (UADY) el 28 y 29 de septiembre.<\/p>\n\n\n\n<p class=\"wp-block-paragraph\"><strong>Morelos.<\/strong>&nbsp; la Plaza de Armas (Z\u00f3calo) a las 2:00 de la tarde, batucada, talleres, m\u00f3dulos informativos, mercaditas y mucha m\u00fasica que correr\u00e1 a cargo de \u201cLafuriaderosita\u201d, \u201cRealVenus\u201d y \u201cNereidas\u201d.<\/p>\n\n\n\n<p class=\"wp-block-paragraph\">&nbsp;\u00a1<strong>Estado de M\u00e9xico<\/strong> se va a incendiar con Batukuir!, esta colectiva transincluyente se reunir\u00e1 en el IMSS de Ginecolog\u00eda y Obstetricia de Toluca a las 12:30 horas para demandar aborto seguro y autonom\u00eda para los cuerpos gestantes.<\/p>\n\n\n\n<p class=\"wp-block-paragraph\"><strong>Sonora<\/strong>&nbsp; marcha a las 4:00 pm en la Plaza Monumento a la Ignorancia \u201cMono Bichi\u201d , convoca &nbsp;la colectiva P\u00e1ramo Feminista.<\/p>\n\n\n\n<p class=\"wp-block-paragraph\"><strong>Chihuahua<\/strong>, festival El \u201cMorras Fest\u201d,&nbsp;&nbsp; a partir de las 4:00&nbsp; en la Plaza de la Grandeza, Chihuahua, Chihuahua. Habr\u00e1 un corredor artesanal, mucha m\u00fasica, arte e informaci\u00f3n para la interrupci\u00f3n legal del embarazo.<\/p>\n\n\n\n<figure class=\"wp-block-image size-large\"><a href=\"https:\/\/redsemlac.com\/semmexico\/wp-content\/uploads\/2023\/09\/marcha-28s-23-02.jpg\"><img decoding=\"async\" src=\"https:\/\/redsemlac.com\/semmexico\/wp-content\/uploads\/2023\/09\/marcha-28s-23-02-1024x631.jpg\" alt=\"\" class=\"wp-image-71822\"\/><\/a><\/figure>\n\n\n\n<p class=\"wp-block-paragraph\">No marchas, sino actividades<\/p>\n\n\n\n<p class=\"wp-block-paragraph\"><strong>Ciudad Victoria, Tamaulipas<\/strong>,&nbsp; Picnic Abortero donde habr\u00e1 talleres, comida, bazares, trueques e informaci\u00f3n de abortos seguros y asesor\u00eda jur\u00eddica. El espacio es ideal para acudir en familia y pasar una tarde tranquila&nbsp; consumiendo arte y alimentos de las participantes.<\/p>\n\n\n\n<p class=\"wp-block-paragraph\"><strong>En Morelos<\/strong> se proyectar\u00e1 el 27 de septiembre el documental \u201cMarea Verde\u201d en el Auditorio CIQ UAEM a las 13:30 y a las 15:30. El evento es gratuito. Para el 28S, podr\u00e1s asistir a la Plaza de Armas (Z\u00f3calo) a las 2:00 de la tarde donde encontrar\u00e1s la batucada, talleres, m\u00f3dulos informativos, mercaditas y mucha m\u00fasica que correr\u00e1 a cargo de \u201cLafuriaderosita\u201d, \u201cRealVenus\u201d y \u201cNereidas\u201d.<\/p>\n\n\n\n<h3 class=\"wp-block-heading\">Quer\u00e9taro. En esta ciudad est\u00e1n convocando a las mujeres involucradas en el \u00e1mbito art\u00edstico a expresarse ese d\u00eda. La marcha comenzar\u00e1 a las 16:00 horas en la Alameda, centro de Quer\u00e9taro.<\/h3>\n\n\n\n<h3 class=\"wp-block-heading\">Yucat\u00e1n .En la Facultad de Ciencias de la Universidad Aut\u00f3noma de Yucat\u00e1n, se prev\u00e9 la realizaci\u00f3n de un foro \u201cPor la emancipaci\u00f3n corporal\u201d, el 28 y 29 de septiembre.<\/h3>\n","protected":false},"excerpt":{"rendered":"<p>Como cada 28 de septiembre y con motivo de conmemorar el 28 de septiembre, D\u00eda de Acci\u00f3n Global por el Aborto Legal, Seguro y Accesible, se llevar\u00e1n a cabo diversas marchas en las avenidas m\u00e1s importantes de la CDMX y el pa\u00eds<\/p>\n","protected":false},"author":3,"featured_media":71821,"comment_status":"open","ping_status":"open","sticky":false,"template":"","format":"standard","meta":{"_monsterinsights_skip_tracking":false,"footnotes":""},"categories":[27],"tags":[],"class_list":["post-71820","post","type-post","status-publish","format-standard","has-post-thumbnail","category-cobertura-especial"],"_links":{"self":[{"href":"https:\/\/redsemlac.com\/semmexico\/wp-json\/wp\/v2\/posts\/71820","targetHints":{"allow":["GET"]}}],"collection":[{"href":"https:\/\/redsemlac.com\/semmexico\/wp-json\/wp\/v2\/posts"}],"about":[{"href":"https:\/\/redsemlac.com\/semmexico\/wp-json\/wp\/v2\/types\/post"}],"author":[{"embeddable":true,"href":"https:\/\/redsemlac.com\/semmexico\/wp-json\/wp\/v2\/users\/3"}],"replies":[{"embeddable":true,"href":"https:\/\/redsemlac.com\/semmexico\/wp-json\/wp\/v2\/comments?post=71820"}],"version-history":[{"count":0,"href":"https:\/\/redsemlac.com\/semmexico\/wp-json\/wp\/v2\/posts\/71820\/revisions"}],"wp:featuredmedia":[{"embeddable":true,"href":"https:\/\/redsemlac.com\/semmexico\/wp-json\/wp\/v2\/media\/71821"}],"wp:attachment":[{"href":"https:\/\/redsemlac.com\/semmexico\/wp-json\/wp\/v2\/media?parent=71820"}],"wp:term":[{"taxonomy":"category","embeddable":true,"href":"https:\/\/redsemlac.com\/semmexico\/wp-json\/wp\/v2\/categories?post=71820"},{"taxonomy":"post_tag","embeddable":true,"href":"https:\/\/redsemlac.com\/semmexico\/wp-json\/wp\/v2\/tags?post=71820"}],"curies":[{"name":"wp","href":"https:\/\/api.w.org\/{rel}","templated":true}]}}