{"id":71813,"date":"2023-09-27T17:02:38","date_gmt":"2023-09-27T23:02:38","guid":{"rendered":"https:\/\/redsemlac.com\/semmexico\/?p=71813"},"modified":"2023-09-27T17:02:39","modified_gmt":"2023-09-27T23:02:39","slug":"ultima-oportunidad-para-que-el-senado-cumpla-con-las-mujeres-y-se-despenalice-el-aborto-en-toda-la-nacion-patricia-mercado-castro","status":"publish","type":"post","link":"https:\/\/redsemlac.com\/semmexico\/ultima-oportunidad-para-que-el-senado-cumpla-con-las-mujeres-y-se-despenalice-el-aborto-en-toda-la-nacion-patricia-mercado-castro\/","title":{"rendered":"\u00daltima oportunidad para que el Senado cumpla con las mujeres, y se despenalice el aborto en toda la naci\u00f3n:\u00a0 Patricia Mercado Castro"},"content":{"rendered":"\n<ul class=\"wp-block-list\">\n<li><strong>La emecista, ex candidata presidencial se refiri\u00f3 al &nbsp;28 S, D\u00eda de Acci\u00f3n Global por un Aborto Legal y Seguro<\/strong><\/li>\n<\/ul>\n\n\n\n<ul class=\"wp-block-list\">\n<li><strong>Se presenta actualizada&nbsp; la iniciativa para reformar el C\u00f3digo Penal Federal y la Ley General de Salud<\/strong><\/li>\n<\/ul>\n\n\n\n<p class=\"wp-block-paragraph\"><strong>Sara Lovera<\/strong><\/p>\n\n\n\n<p class=\"wp-block-paragraph\">SemM\u00e9xico, Ciudad de M\u00e9xio, 27 de septiembre, 2023.- Esta es la \u00faltima oportunidad del Senado para legislar sobre el derecho humano a interrumpir un embarazo y no penalizar a las mujeres por ello, ret\u00f3&nbsp; la senadora Patricia Mercado Castro al pleno senatorial.<\/p>\n\n\n\n<p class=\"wp-block-paragraph\">Lo dijo as\u00ed: Estamos ante la \u00faltima oportunidad para que esta legislatura proteja a las mujeres y personas gestantes que decidan interrumpir su embarazo por cualquier raz\u00f3n para que dejen de ser criminalizadas y se les provean los servicios de salud pertinentes. En un r\u00e9gimen pleno de derechos humanos, las mujeres y personas que gestantes pueden decidir si llevar un embarazo a t\u00e9rmino o interrumpen, con la protecci\u00f3n del sistema de justicia y el de salud, criminalizar esa decisi\u00f3n es contrario a un r\u00e9gimen pleno de derechos humanos.\u201d.<\/p>\n\n\n\n<p class=\"wp-block-paragraph\">Esta es la segunda vez, recibe una iniciativa para eliminar del C\u00f3digo Penal Nacional la criminalizaci\u00f3n del aborto. Presentada por un grupo de senadoras, presentaron, una iniciativa senadoras de diferentes grupos parlamentarios y hace tres semanas la primera sala de la Suprema Corte de Justicia de la Naci\u00f3n, resolvi\u00f3 que son inconstitucionales las disposiciones contenidas en el C\u00f3digo Penal Federal, que consideran el aborto voluntario como un delito.<\/p>\n\n\n\n<h4 class=\"wp-block-heading\"><strong>Te puede interesar :<\/strong><\/h4>\n\n\n\n<figure class=\"wp-block-embed alignleft is-type-wp-embed is-provider-semmexico wp-block-embed-semmexico\"><div class=\"wp-block-embed__wrapper\">\n<blockquote class=\"wp-embedded-content\" data-secret=\"3IXgK90RiE\"><a href=\"https:\/\/redsemlac.com\/semmexico\/el-congreso-de-la-union-obligado-a-derogar-el-articulado-que-criminaliza-el-aborto\/\">El Congreso de la Uni\u00f3n obligado a derogar el articulado que criminaliza el aborto<\/a><\/blockquote><iframe loading=\"lazy\" class=\"wp-embedded-content\" sandbox=\"allow-scripts\" security=\"restricted\" style=\"position: absolute; visibility: hidden;\" title=\"\u00abEl Congreso de la Uni\u00f3n obligado a derogar el articulado que criminaliza el aborto\u00bb \u2014 SemM\u00e9xico\" src=\"https:\/\/redsemlac.com\/semmexico\/el-congreso-de-la-union-obligado-a-derogar-el-articulado-que-criminaliza-el-aborto\/embed\/#?secret=iiO0RApWRq#?secret=3IXgK90RiE\" data-secret=\"3IXgK90RiE\" width=\"600\" height=\"338\" frameborder=\"0\" marginwidth=\"0\" marginheight=\"0\" scrolling=\"no\"><\/iframe>\n<\/div><\/figure>\n\n\n\n<p class=\"wp-block-paragraph\">Mercado Castro record\u00f3 que el d\u00eda de ma\u00f1ana, 28 de septiembre, es el D\u00eda de Acci\u00f3n Global por un Aborto Legal y Seguro, y dijo que el amparo presentado por GIRE fue aprobado por la Corte para efecto de que el Congreso de la Uni\u00f3n derogue las normas contenidas en el C\u00f3digo Penal Federal que criminalizan el aborto voluntario, auto procurado o consentido, antes de que finalice el per\u00edodo ordinario de sesiones en que se notifique la sentencia de este asunto.<\/p>\n\n\n\n<p class=\"wp-block-paragraph\">Y explic\u00f3 que por esa raz\u00f3n, senadoras de diferentes grupos parlamentarios presentamos esta iniciativa, de la que dio cuenta la presidecia del Senado y a que actualiza la exposici\u00f3n de motivos de acuerdo al m\u00e1s reciente fallo de la Corte.<\/p>\n\n\n\n<p class=\"wp-block-paragraph\">Hay que recordar que hace 2 a\u00f1os la senadoras presentaron&nbsp; una primera iniciativa frente a la resoluci\u00f3n que en 2021&nbsp; que fue \u00f3 en el mismo sentido,&nbsp; pero en aquel caso fue frente a un amparo relativo al C\u00f3digo Penal de Coahuila, que sirvi\u00f3 como precedente para reformas legislativas en diferentes Estados, la iniciativa propone derogar los art\u00edculos 332, 336 y 334 del C\u00f3digo Penal Federal, es decir, se elimina cualquier pena para la madre o persona gestante.<\/p>\n\n\n\n<p class=\"wp-block-paragraph\">La iniciativa tambi\u00e9n propone reformar la Ley General de Salud, ya que las instituciones p\u00fablicas del sistema de salud deber\u00e1n prestar servicios de interrupci\u00f3n legal del embarazo, una de las reformas establece que la prevenci\u00f3n de los embarazos no intencionales, especialmente entre la poblaci\u00f3n adolescente, ser\u00e1n un objetivo prioritario del sistema nacional de salud.<\/p>\n\n\n\n<h4 class=\"wp-block-heading\"><strong>Te puede interesar:<\/strong><\/h4>\n\n\n\n<figure class=\"wp-block-embed alignleft is-type-wp-embed is-provider-semmexico wp-block-embed-semmexico\"><div class=\"wp-block-embed__wrapper\">\n<blockquote class=\"wp-embedded-content\" data-secret=\"YlTnG8MKjJ\"><a href=\"https:\/\/redsemlac.com\/semmexico\/scjn-despenaliza-el-aborto-en-el-codigo-penal-federal-por-un-amparo-promovido-por-gire\/\">SCJN despenaliza el aborto en el C\u00f3digo Penal Federal por un amparo promovido por GIRE<\/a><\/blockquote><iframe loading=\"lazy\" class=\"wp-embedded-content\" sandbox=\"allow-scripts\" security=\"restricted\" style=\"position: absolute; visibility: hidden;\" title=\"\u00abSCJN despenaliza el aborto en el C\u00f3digo Penal Federal por un amparo promovido por GIRE\u00bb \u2014 SemM\u00e9xico\" src=\"https:\/\/redsemlac.com\/semmexico\/scjn-despenaliza-el-aborto-en-el-codigo-penal-federal-por-un-amparo-promovido-por-gire\/embed\/#?secret=b6oVmZwAGw#?secret=YlTnG8MKjJ\" data-secret=\"YlTnG8MKjJ\" width=\"600\" height=\"338\" frameborder=\"0\" marginwidth=\"0\" marginheight=\"0\" scrolling=\"no\"><\/iframe>\n<\/div><\/figure>\n\n\n\n<p class=\"wp-block-paragraph\">Actualmente el aborto, dijo&nbsp; est\u00e1 despenalizado en 2 entidades, 2 de ellas por resoluci\u00f3n de la Corte, el resto por reformas en el Congreso. Este Senado deber\u00e1 cumplir con el plazo que establezca la Corte, que ser\u00e1 precisado cuando se le notifique la resoluci\u00f3n, una vez aprobada en el Pleno, se turnar\u00eda la minuta a la C\u00e1mara de diputadas y diputados.<\/p>\n\n\n\n<p class=\"wp-block-paragraph\">Y finalmente remat\u00f3 la senadora emecista,&nbsp; \u201cEstamos ante la \u00faltima oportunidad para que esta legislatura proteja a las mujeres y personas gestantes que decidan interrumpir su embarazo por cualquier raz\u00f3n para que dejen de ser criminalizadas y se les provean los servicios de salud pertinentes. En un r\u00e9gimen pleno de derechos humanos, las mujeres y personas que gestantes pueden decidir si llevar un embarazo a t\u00e9rmino o interrumpen, con la protecci\u00f3n del sistema de justicia y el de salud, criminalizar esa decisi\u00f3n es contrario a un r\u00e9gimen pleno de derechos humanos\u201d.<\/p>\n\n\n\n<h2 class=\"wp-block-heading\"><strong>Antecedentes las legisladoras trabajan por ello hace 5a\u00f1os<\/strong><\/h2>\n\n\n\n<p class=\"wp-block-paragraph\">En 2019&nbsp; la diputada morenista Loren Villavicencio Ayala convoc\u00f3 al Congreso a elaborar un C\u00f3digo Penal \u00danico que incluya este derecho humano de las mujeres, lo hizo el un dia como hoy, el 27 de septiembre. Durante la reuni\u00f3n \u201cPa\u00f1uelazo y parlamento abierto por el aborto seguro, gratuito y legal\u201d, en que como hoy, muchas legisladoras portaron el pa\u00f1uelo verde, sin restrici\u00f3n.<\/p>\n\n\n\n<p class=\"wp-block-paragraph\">Entonces la diputada&nbsp; Villavicencio Ayala, exigi\u00f3 al gobierno federal asuma y establezca una postura clara en torno al aborto. Propuso&nbsp; elaborar un C\u00f3digo Penal \u00danico para incluir este derecho humano de las mujeres, a trav\u00e9s de la modificaci\u00f3n del art\u00edculo 73 constitucional.<\/p>\n\n\n<div class=\"wp-block-image\">\n<figure class=\"alignleft size-full is-resized\"><a href=\"https:\/\/redsemlac.com\/semmexico\/wp-content\/uploads\/2023\/09\/Imagen1-10.png\"><img loading=\"lazy\" decoding=\"async\" src=\"https:\/\/redsemlac.com\/semmexico\/wp-content\/uploads\/2023\/09\/Imagen1-10.png\" alt=\"\" class=\"wp-image-71815\" style=\"width:318px;height:478px\" width=\"318\" height=\"478\"\/><\/a><\/figure>\n<\/div>\n\n\n<p class=\"wp-block-paragraph\">Se pronunci\u00f3 por acabar con visiones que criminalizan a las mujeres que abortan y demand\u00f3 la separaci\u00f3n del Estado de las iglesias en la discusi\u00f3n de este tema.<\/p>\n\n\n\n<p class=\"wp-block-paragraph\">\u201cNo podemos permitir, por ninguna circunstancia, que siga pesando el argumento de car\u00e1cter religioso sobre decisiones p\u00fablicas. Tenemos un principio de laicidad establecido en la Constituci\u00f3n que debe respetarse en esta Legislatura de la Paridad de G\u00e9nero. Exigimos que se separe el poder p\u00fablico de las iglesias\u201d, apunt\u00f3.<\/p>\n\n\n\n<p class=\"wp-block-paragraph\">Propuso a organizaciones de la sociedad civil elaborar un punto de acuerdo que conjunte sus propuestas y se presente directamente en el Pleno, con el objetivo de vincularlo con los congresos de las entidades federativas para que reformen los c\u00f3digos penales estatales, tras presentarles una propuesta de despenalizaci\u00f3n del aborto y amnist\u00eda, debido a que las mujeres juzgadas y encarceladas por este motivo fueron sentenciadas por jueces locales.<\/p>\n\n\n\n<p class=\"wp-block-paragraph\">Asimismo, solicitarles a los estados informen cu\u00e1ntas mujeres est\u00e1n recluidas no s\u00f3lo por aborto, sino delitos vinculados a esta conducta.<\/p>\n\n\n\n<p class=\"wp-block-paragraph\">Sostuvo que \u201clos derechos se vulneran cuando se penaliza el aborto\u201d, porque se violentan los derechos humanos de las mujeres. \u201cTenemos la obligaci\u00f3n de cumplir una serie de compromisos internacionales ratificados por M\u00e9xico en apoyo a esta poblaci\u00f3n\u201d.<\/p>\n\n\n\n<p class=\"wp-block-paragraph\">Calific\u00f3 de acontecimiento hist\u00f3rico la decisi\u00f3n del Congreso de Oaxaca al aprobar modificaciones en el c\u00f3digo penal estatal para despenalizarlo y establecerlo como un derecho humano fundamental de las mujeres.<\/p>\n\n\n\n<h2 class=\"wp-block-heading\"><strong>Vinieron las reformas pero falta mucho<\/strong><\/h2>\n\n\n\n<p class=\"wp-block-paragraph\">Luego han pasado casi 5 a\u00f1os. En la diputaci\u00f3n, la comisi\u00f3n de igualdad, realiz\u00f3 foros en 16 entidades, donde se reuni\u00f3 la vountad de muchas mujeres.<\/p>\n\n\n\n<p class=\"wp-block-paragraph\">Ahora est\u00e1 no criminalizado el aborto en 12 entidades, por tareas locales, de feministas y actitudes de los congresos de Oaxaca, Hidalgo y la intervenci\u00f3n de la Secretar\u00eda de Gobernaci\u00f3n en Veracruz.<\/p>\n\n\n\n<p class=\"wp-block-paragraph\">Pero a partir de 2021, por el Acuerdo de la SCJ, referido por la senadora Mercado Castro, se discriminaliz\u00f3 el aborto, en las otras entidades. La m\u00e1s reciente en Aguascalientes. Tuvo que haber amparos, manifestaciones de la Marea Verde en todo el pa\u00eds, y la insistencia de muchas legisladdores, senadoras y diputadas.<\/p>\n\n\n\n<h5 class=\"wp-block-heading\"><strong>Te puede interesar:<\/strong><\/h5>\n\n\n\n<figure class=\"wp-block-embed alignleft is-type-wp-embed is-provider-semmexico wp-block-embed-semmexico\"><div class=\"wp-block-embed__wrapper\">\n<blockquote class=\"wp-embedded-content\" data-secret=\"rc48206hZS\"><a href=\"https:\/\/redsemlac.com\/semmexico\/maniobra-de-legisladoras-y-legisladores-para-no-resolver-iniciativas-sobre-derechos-sexuales-y-reproductivos-entre-ellas-la-de-aborto\/\">Maniobra de legisladoras y legisladores para no  resolver iniciativas sobre derechos sexuales y reproductivos, entre ellas la de aborto<\/a><\/blockquote><iframe loading=\"lazy\" class=\"wp-embedded-content\" sandbox=\"allow-scripts\" security=\"restricted\" style=\"position: absolute; visibility: hidden;\" title=\"\u00abManiobra de legisladoras y legisladores para no  resolver iniciativas sobre derechos sexuales y reproductivos, entre ellas la de aborto\u00bb \u2014 SemM\u00e9xico\" src=\"https:\/\/redsemlac.com\/semmexico\/maniobra-de-legisladoras-y-legisladores-para-no-resolver-iniciativas-sobre-derechos-sexuales-y-reproductivos-entre-ellas-la-de-aborto\/embed\/#?secret=4WYdiSPRBn#?secret=rc48206hZS\" data-secret=\"rc48206hZS\" width=\"600\" height=\"338\" frameborder=\"0\" marginwidth=\"0\" marginheight=\"0\" scrolling=\"no\"><\/iframe>\n<\/div><\/figure>\n\n\n\n<h2 class=\"wp-block-heading\"><strong>A partir de 2019 una batalla larga<\/strong><\/h2>\n\n\n\n<p class=\"wp-block-paragraph\">Por ejemplo la entonces diputada del&nbsp; PRD, Guadalupe Almaguer Pardo, se\u00f1al\u00f3 que abortar en condiciones de insalubridad, sin atenci\u00f3n m\u00e9dica adecuada y oportuna, es la cuarta causa de muerte materna en el pa\u00eds.<\/p>\n\n\n\n<p class=\"wp-block-paragraph\">Agreg\u00f3 que 4 mil mujeres est\u00e1n presas en el pa\u00eds por este motivo, &#8211; todav\u00eda hay muchas hoy en 2023-&nbsp; y se\u00f1al\u00f3 \u201cmientras que ning\u00fan hombre est\u00e1 encarcelado por haber obligado a abortar, ni personal m\u00e9dico sentenciado\u201d..<\/p>\n\n\n\n<p class=\"wp-block-paragraph\">Se\u00f1al\u00f3 que 9.4 millones de mujeres de 15 a 49 a\u00f1os dijo haber estado embarazada en los \u00faltimos cinco a\u00f1os, de \u00e9stas, poco m\u00e1s de un mill\u00f3n inform\u00f3 haber recurrido a la interrupci\u00f3n de la gestaci\u00f3n.<\/p>\n\n\n\n<p class=\"wp-block-paragraph\">Resalt\u00f3 que el aborto es un asunto de salud p\u00fablica, donde la mujer tiene el derecho de decidir sobre su cuerpo. Se pronunci\u00f3 por construir un C\u00f3digo Penal \u00danico para insertar la \u201cno criminalizaci\u00f3n ni que sea punitiva la decisi\u00f3n de recurrir al aborto\u201d. Demand\u00f3 legislar con visi\u00f3n de g\u00e9nero.<\/p>\n\n\n\n<p class=\"wp-block-paragraph\">Entonces laa diputada Claudia P\u00e9rez Rodr\u00edguez, de Morena, se pronunci\u00f3 por la despenalizaci\u00f3n del aborto. El reto es consolidar un esfuerzo conjunto para la construcci\u00f3n y aprobar leyes adecuadas que apoyen a las mujeres, porque no es f\u00e1cil abordar el tema del aborto. \u201cTodos debemos asumir nuestra responsabilidad\u201d.<\/p>\n\n\n\n<p class=\"wp-block-paragraph\">\u201cNo es un favor que nos den las autoridades; los derechos humanos no se regatean, se ejercen. El Estado tiene una compromiso y obligaci\u00f3n por los tratados internacionales\u201d. Para tener \u00e9xito se debe seguir luchando por las mujeres y que las autoridades act\u00faen con perspectiva de g\u00e9nero.<\/p>\n\n\n\n<p class=\"wp-block-paragraph\">Coment\u00f3 que la Ley de Amnist\u00eda propone terminar la investigaci\u00f3n de un delito, un proceso comenzado en cualquiera de sus fases, un perd\u00f3n a la persona investigada, procesada o encarcelada, implicando que si no est\u00e1 detenida tenga su libertad de inmediato y se borren sus antecedentes, asunto que ha sido muy lento, seg\u00fan las investigaciones del grupo&nbsp; Equis Justicia para las Mujeres<\/p>\n\n\n\n<p class=\"wp-block-paragraph\">En la tarea reciente han participado&nbsp; las organizaciones Balance Fondo de Aborto para la Justicia Social Mar\u00eda; REDefine M\u00e9xico; Marea Verde M\u00e9xico; #YaEsHora; Las Libres; Instituto de Liderazgo Simone de Beavoir; AsiLEGAL y Equis Justicia para las Mujeres.<\/p>\n\n\n\n<h2 class=\"wp-block-heading\"><strong>Hay demanda internacional<\/strong><\/h2>\n\n\n\n<p class=\"wp-block-paragraph\">A prop\u00f3sito del \u00faltimo acuerdo de la SCJN el alto comisionado de las Naciones Unidas para los Derechos Humanos, Volker T\u00fcrk, celebr\u00f3 la sentencia del mi\u00e9rcoles dictada por la Suprema Corte de Justicia de la Naci\u00f3n de M\u00e9xico que declar\u00f3 inconstitucionales las sanciones penales por el aborto a nivel federal.<\/p>\n\n\n\n<p class=\"wp-block-paragraph\">\u201cEsta sentencia, que confirma decisiones previas de la Suprema Corte, representa una gran victoria para las mujeres en M\u00e9xico en su lucha de d\u00e9cadas por su autonom\u00eda corporal y su salud y derechos sexuales y reproductivos\u201d, afirm\u00f3 Volker T\u00fcrk. \u201cTambi\u00e9n es un testimonio de la importancia de contar con un Poder Judicial independiente comprometido con la defensa de los derechos humanos\u201d.<\/p>\n\n\n\n<p class=\"wp-block-paragraph\">El alto comisionado hizo un llamado al Congreso de M\u00e9xico para que tome medidas inmediatas a fin de promulgar la legislaci\u00f3n necesaria para eliminar el aborto del C\u00f3digo Penal Federal, y a Congresos de las entidades federativas donde el aborto sigue estando criminalizado para que hagan lo mismo con prontitud.<\/p>\n","protected":false},"excerpt":{"rendered":"<p>La emecista, ex candidata presidencial se refiri\u00f3 al \u00a028 S, D\u00eda de Acci\u00f3n Global por un Aborto Legal y Seguro<\/p>\n","protected":false},"author":3,"featured_media":71814,"comment_status":"open","ping_status":"open","sticky":false,"template":"","format":"standard","meta":{"_monsterinsights_skip_tracking":false,"footnotes":""},"categories":[27],"tags":[730,149],"class_list":["post-71813","post","type-post","status-publish","format-standard","has-post-thumbnail","category-cobertura-especial","tag-28s-2","tag-mujeres"],"_links":{"self":[{"href":"https:\/\/redsemlac.com\/semmexico\/wp-json\/wp\/v2\/posts\/71813","targetHints":{"allow":["GET"]}}],"collection":[{"href":"https:\/\/redsemlac.com\/semmexico\/wp-json\/wp\/v2\/posts"}],"about":[{"href":"https:\/\/redsemlac.com\/semmexico\/wp-json\/wp\/v2\/types\/post"}],"author":[{"embeddable":true,"href":"https:\/\/redsemlac.com\/semmexico\/wp-json\/wp\/v2\/users\/3"}],"replies":[{"embeddable":true,"href":"https:\/\/redsemlac.com\/semmexico\/wp-json\/wp\/v2\/comments?post=71813"}],"version-history":[{"count":0,"href":"https:\/\/redsemlac.com\/semmexico\/wp-json\/wp\/v2\/posts\/71813\/revisions"}],"wp:featuredmedia":[{"embeddable":true,"href":"https:\/\/redsemlac.com\/semmexico\/wp-json\/wp\/v2\/media\/71814"}],"wp:attachment":[{"href":"https:\/\/redsemlac.com\/semmexico\/wp-json\/wp\/v2\/media?parent=71813"}],"wp:term":[{"taxonomy":"category","embeddable":true,"href":"https:\/\/redsemlac.com\/semmexico\/wp-json\/wp\/v2\/categories?post=71813"},{"taxonomy":"post_tag","embeddable":true,"href":"https:\/\/redsemlac.com\/semmexico\/wp-json\/wp\/v2\/tags?post=71813"}],"curies":[{"name":"wp","href":"https:\/\/api.w.org\/{rel}","templated":true}]}}