{"id":71810,"date":"2023-09-27T16:58:57","date_gmt":"2023-09-27T22:58:57","guid":{"rendered":"https:\/\/redsemlac.com\/semmexico\/?p=71810"},"modified":"2023-09-27T16:58:57","modified_gmt":"2023-09-27T22:58:57","slug":"reclama-diputada-del-pt-inclusion-de-ex-priista-a-las-filas-de-la-4t","status":"publish","type":"post","link":"https:\/\/redsemlac.com\/semmexico\/reclama-diputada-del-pt-inclusion-de-ex-priista-a-las-filas-de-la-4t\/","title":{"rendered":"Reclama diputada del PT inclusi\u00f3n de ex priista a las filas de la 4T"},"content":{"rendered":"\n<ul class=\"wp-block-list\">\n<li><strong>Margarita Garc\u00eda llam\u00f3 a no permitir la impunidad de quienes fueron c\u00f3mplices de la desaparici\u00f3n de los 43 normalistas<\/strong><\/li>\n<\/ul>\n\n\n\n<ul class=\"wp-block-list\">\n<li><strong>Mariana Ben\u00edtez, ex procuradora en tiempos de Murillo Karam, ahora con Sheinbaum<\/strong><\/li>\n<\/ul>\n\n\n\n<p class=\"wp-block-paragraph\"><strong>Patricia Brise\u00f1o<\/strong><\/p>\n\n\n\n<p class=\"wp-block-paragraph\">SemM\u00e9xico, Ciudad de M\u00e9xico, 27 de septiembre de 2023.- Durante la efem\u00e9ride con motivo de la conmemoraci\u00f3n por la Desaparici\u00f3n de los 43 estudiantes de la Escuela Normal Rural, Ra\u00fal Isidro Burgos, en Ayotzinapa, la diputada federal, Margarita Garc\u00eda, sostuvo que su desaparici\u00f3n, evidenci\u00f3 la podredumbre de las instituciones en los gobiernos neoliberales, mientras la ciudadan\u00eda estaba desprotegida y a merced de la delincuencia y su violencia irracional.<\/p>\n\n\n\n<p class=\"wp-block-paragraph\">Al presentar su mensaje, a nombre del Grupo Parlamentario del Partido del Trabajo (GPPT), la legisladora por el estado de Oaxaca, lament\u00f3 la negligencia gubernamental de ese momento, as\u00ed como el uso faccioso que dieron a las instituciones de procuraci\u00f3n de justicia, al corromper, desaparecer y manipular pruebas, adem\u00e1s de encarcelar, sembrar armas y drogas, y prefabricarles delitos a los estudiantes.<br><br>En ese sentido, la congresista del Partido del Trabajo hizo un llamado a no permitir la impunidad y, mucho menos, que \u00e9sta se otorgue a quienes fueron c\u00f3mplices de este terrible episodio en la historia de M\u00e9xico, dentro del movimiento de la Cuarta Transformaci\u00f3n.<br><br>\u201cHip\u00f3critamente, la oposici\u00f3n -PAN, PVEM y PRD- recrimina que no se han esclarecido los hechos; deber\u00edan reclamar a sus aliados (PRI) que desviaron la investigaci\u00f3n y manipularon evidencias, en vez de reclamar los avances que en este sexenio se han tenido, pese al lodazal dejado\u201d.<\/p>\n\n\n\n<p class=\"wp-block-paragraph\">En el mismo contexto, Garc\u00eda mostr\u00f3 su indignaci\u00f3n porque quien fuera sub Procuradora con Murillo Karam, Mariana Ben\u00edtez Tiburcio, \u201choy se forma en las filas de la Cuarta Transformaci\u00f3n\u201d.<\/p>\n\n\n\n<p class=\"wp-block-paragraph\">Lo anterior, en alusi\u00f3n a la adhesi\u00f3n de Ben\u00edtez Tiburcio con la coordinadora nacional de la Cuarta Transformaci\u00f3n, Claudia Sheinbaum Pardo, firmando un \u201cacuerdo de unidad\u201d en un evento pol\u00edtico, celebrado el pasado 24 de septiembre, en el auditorio Guelaguetza, en la ciudad de Oaxaca.<\/p>\n\n\n\n<p class=\"wp-block-paragraph\">\u201c\u00bfQu\u00e9 nos est\u00e1 pasando? \u00bfNecesitamos de delincuentes, c\u00ednicos y corruptos en el movimiento para seguir del lado del pueblo?\u201d, pregunt\u00f3 en tribuna.<\/p>\n\n\n\n<p class=\"wp-block-paragraph\">Y cuestion\u00f3: \u00bfAcaso le vamos a dar impunidad en nuestro movimiento a esta gente que fue c\u00f3mplice en la (desaparici\u00f3n) de los 43 de Ayotzinapa?<\/p>\n\n\n\n<p class=\"wp-block-paragraph\">Reclam\u00f3 al Partido de la Revoluci\u00f3n Democr\u00e1tica no reconocer su participaci\u00f3n, \u201cse necesita estar muerto en vida para no aceptar que el gobierno que encabezaba y encabez\u00f3 la desaparici\u00f3n de los 43 era del PRD\u201d, dijo.<\/p>\n\n\n\n<p class=\"wp-block-paragraph\">&nbsp;\u201cA los estudiantes, desde aqu\u00ed les decimos que su lucha es la de M\u00e9xico. No dejen de so\u00f1ar y luchar hasta la victoria siempre\u201d, finaliz\u00f3.<\/p>\n\n\n\n<p class=\"wp-block-paragraph\">SEM\/pb\/sj<\/p>\n","protected":false},"excerpt":{"rendered":"<p>Mariana Ben\u00edtez, ex procuradora en tiempos de Murillo Karam, ahora con Sheinbaum<\/p>\n","protected":false},"author":3,"featured_media":71811,"comment_status":"open","ping_status":"open","sticky":false,"template":"","format":"standard","meta":{"_monsterinsights_skip_tracking":false,"footnotes":""},"categories":[50],"tags":[],"class_list":["post-71810","post","type-post","status-publish","format-standard","has-post-thumbnail","category-congreso"],"_links":{"self":[{"href":"https:\/\/redsemlac.com\/semmexico\/wp-json\/wp\/v2\/posts\/71810","targetHints":{"allow":["GET"]}}],"collection":[{"href":"https:\/\/redsemlac.com\/semmexico\/wp-json\/wp\/v2\/posts"}],"about":[{"href":"https:\/\/redsemlac.com\/semmexico\/wp-json\/wp\/v2\/types\/post"}],"author":[{"embeddable":true,"href":"https:\/\/redsemlac.com\/semmexico\/wp-json\/wp\/v2\/users\/3"}],"replies":[{"embeddable":true,"href":"https:\/\/redsemlac.com\/semmexico\/wp-json\/wp\/v2\/comments?post=71810"}],"version-history":[{"count":0,"href":"https:\/\/redsemlac.com\/semmexico\/wp-json\/wp\/v2\/posts\/71810\/revisions"}],"wp:featuredmedia":[{"embeddable":true,"href":"https:\/\/redsemlac.com\/semmexico\/wp-json\/wp\/v2\/media\/71811"}],"wp:attachment":[{"href":"https:\/\/redsemlac.com\/semmexico\/wp-json\/wp\/v2\/media?parent=71810"}],"wp:term":[{"taxonomy":"category","embeddable":true,"href":"https:\/\/redsemlac.com\/semmexico\/wp-json\/wp\/v2\/categories?post=71810"},{"taxonomy":"post_tag","embeddable":true,"href":"https:\/\/redsemlac.com\/semmexico\/wp-json\/wp\/v2\/tags?post=71810"}],"curies":[{"name":"wp","href":"https:\/\/api.w.org\/{rel}","templated":true}]}}