{"id":71806,"date":"2023-09-27T16:13:52","date_gmt":"2023-09-27T22:13:52","guid":{"rendered":"https:\/\/redsemlac.com\/semmexico\/?p=71806"},"modified":"2023-09-27T16:14:19","modified_gmt":"2023-09-27T22:14:19","slug":"opinion-de-las-mujeres-debe-ser-tomada-en-cuenta-plantea-red-cihalc","status":"publish","type":"post","link":"https:\/\/redsemlac.com\/semmexico\/opinion-de-las-mujeres-debe-ser-tomada-en-cuenta-plantea-red-cihalc\/","title":{"rendered":"Opini\u00f3n de las mujeres debe ser tomada en cuenta, plantea Red CIHALC"},"content":{"rendered":"\n<ul class=\"wp-block-list\">\n<li><strong>Dan a conocer la Segunda Declaraci\u00f3n de las Mujeres en la Cumbre Internacional del H\u00e1bitat<\/strong><\/li>\n<\/ul>\n\n\n\n<ul class=\"wp-block-list\">\n<li><strong>No puede haber sostenibilidad sin igualdad entre mujeres y hombres\u201d: Isabella de Roldao<\/strong><\/li>\n<\/ul>\n\n\n\n<p class=\"wp-block-paragraph\"><strong>Elda Montiel<\/strong><\/p>\n\n\n\n<p class=\"wp-block-paragraph\">SemM\u00e9xico, Ciudad de M\u00e9xico, 27 de septiembre 2023.- La opini\u00f3n de las mujeres debe ser tomada en cuenta en todos los \u00e1mbitos, lo que ellas dicen es prioridad para garantizar soluciones para vivir en asentamientos m\u00e1s igualitarios, fue el llamado de la Red de Mujeres de la Cumbre Internacional del H\u00e1bitat de Am\u00e9rica Latina y el Caribe (CIHALC).<\/p>\n\n\n\n<p class=\"wp-block-paragraph\">En Conferencia de prensa y en un video 14 mujeres integradas en un mecanismo de colectivo dieron a conocer la Segunda Declaraci\u00f3n de las Mujeres de la Cumbre Internacional del H\u00e1bitat para Am\u00e9rica Latina y el Caribe, realizada en la Ciudad de Zapopan Jalisco.<\/p>\n\n\n\n<p class=\"wp-block-paragraph\">La Red de Mujeres comprometida con la promoci\u00f3n de los derechos y contribuciones de las mujeres enumera los requerimientos para una vida plena y segura, con los requerimientos de seguridad e infraestructura y movilidad para una convivencia familiar, colectiva e intergeneracional y aseguramiento de los recursos naturales indispensables como el agua y la tierra.<\/p>\n\n\n\n<p class=\"wp-block-paragraph\">Magdalena Garc\u00eda Hern\u00e1ndez de Mujeres Iberoamericanas en Red (MIRA) enfatiza en la inclusi\u00f3n transversal de la igualdad sustantiva de mujeres y hombres en las pr\u00f3ximas cumbres, como sucedi\u00f3 con el cambio clim\u00e1tico, la migraci\u00f3n, las redes y la gobernanza, para hacer visible la contribuci\u00f3n que cada una de nosotras hacemos diariamente en nuestros pa\u00edses.<\/p>\n\n\n\n<p class=\"wp-block-paragraph\">Hacen suya la declaraci\u00f3n de la alcaldesa de Recife en Brasil, Isabella de Roldao, participante en la Cumbre: \u201cNo puede haber sostenibilidad sin igualdad entre mujeres y hombres\u201d.<\/p>\n\n\n\n<p class=\"wp-block-paragraph\">Tambi\u00e9n reclamaron el derecho a tener una buena administraci\u00f3n p\u00fablica, que los recursos se destinen considerando la igualdad sustantiva, que se cumpla con la consulta previa a toda acci\u00f3n de ordenamiento territorial, transparencia, acceso a la informaci\u00f3n y rendici\u00f3n de cuentas. Capacitaci\u00f3n y promoci\u00f3n de alertas tempranas ante riesgos y desastres.<\/p>\n\n\n\n<p class=\"wp-block-paragraph\">Demandan presupuestos transversales con perspectiva de g\u00e9nero, cr\u00e9ditos, seguridad alimentaria, reservas de suelo urbano para cooperativas de vivienda, con dimensiones que contribuyan a prevenir y erradicar la violencia familiar y el embarazo adolescente.<\/p>\n\n\n\n<p class=\"wp-block-paragraph\">Dulce Mar\u00eda Romo Z\u00fa\u00f1iga de Mujeres Iberoamericanas (MIRA); Silvia Rosales de Apoyo Urbano; \u00c1ngela Cuevas del Fondo Internacional de Desarrollo Agr\u00edcola (FIDA) plantearon la promoci\u00f3n de la econom\u00eda circular, impulsar la agricultura urbana hasta la protecci\u00f3n de los recursos naturales como el agua y los bosques.<\/p>\n\n\n\n<p class=\"wp-block-paragraph\">Reservas territoriales urbanas para viviendas, barrios integrales, usos de suelo apropiado para el mercado laboral de autoempleo, espacios p\u00fablicos que fomenten expresiones art\u00edsticas, culturales y deportivas. Transporte publico seguro, asequible, accesible, inclusivo y con rutas que consideren la movilidad de las mujeres.<\/p>\n\n\n\n<p class=\"wp-block-paragraph\">Infraestructura, mobiliario urbano y rural que ampli\u00e9 la cobertura y calidad de los servicios de las cuidadoras, ciudades que acojan con solidaridad y dignidad a los migrantes indocumentados creando infraestructura y servicios para atender especialmente a mujeres y menores que son v\u00edctimas de la trata de personas.<\/p>\n\n\n\n<p class=\"wp-block-paragraph\">Y solicitaron la reivindicaci\u00f3n de la aportaci\u00f3n de las mujeres a la cultura popular urbana, a la protecci\u00f3n de pueblos originarios y al cuidado de los bienes culturales.<\/p>\n\n\n\n<p class=\"wp-block-paragraph\">SEM\/em\/sj<\/p>\n","protected":false},"excerpt":{"rendered":"<p>Dan a conocer la Segunda Declaraci\u00f3n de las Mujeres en la Cumbre Internacional del H\u00e1bitat<\/p>\n","protected":false},"author":3,"featured_media":71807,"comment_status":"open","ping_status":"open","sticky":false,"template":"","format":"standard","meta":{"_monsterinsights_skip_tracking":false,"footnotes":""},"categories":[682],"tags":[],"class_list":["post-71806","post","type-post","status-publish","format-standard","has-post-thumbnail","category-noticias"],"_links":{"self":[{"href":"https:\/\/redsemlac.com\/semmexico\/wp-json\/wp\/v2\/posts\/71806","targetHints":{"allow":["GET"]}}],"collection":[{"href":"https:\/\/redsemlac.com\/semmexico\/wp-json\/wp\/v2\/posts"}],"about":[{"href":"https:\/\/redsemlac.com\/semmexico\/wp-json\/wp\/v2\/types\/post"}],"author":[{"embeddable":true,"href":"https:\/\/redsemlac.com\/semmexico\/wp-json\/wp\/v2\/users\/3"}],"replies":[{"embeddable":true,"href":"https:\/\/redsemlac.com\/semmexico\/wp-json\/wp\/v2\/comments?post=71806"}],"version-history":[{"count":0,"href":"https:\/\/redsemlac.com\/semmexico\/wp-json\/wp\/v2\/posts\/71806\/revisions"}],"wp:featuredmedia":[{"embeddable":true,"href":"https:\/\/redsemlac.com\/semmexico\/wp-json\/wp\/v2\/media\/71807"}],"wp:attachment":[{"href":"https:\/\/redsemlac.com\/semmexico\/wp-json\/wp\/v2\/media?parent=71806"}],"wp:term":[{"taxonomy":"category","embeddable":true,"href":"https:\/\/redsemlac.com\/semmexico\/wp-json\/wp\/v2\/categories?post=71806"},{"taxonomy":"post_tag","embeddable":true,"href":"https:\/\/redsemlac.com\/semmexico\/wp-json\/wp\/v2\/tags?post=71806"}],"curies":[{"name":"wp","href":"https:\/\/api.w.org\/{rel}","templated":true}]}}