{"id":71751,"date":"2023-09-27T12:12:10","date_gmt":"2023-09-27T18:12:10","guid":{"rendered":"https:\/\/redsemlac.com\/semmexico\/?p=71751"},"modified":"2023-09-27T12:12:10","modified_gmt":"2023-09-27T18:12:10","slug":"norma-andrade-estoy-frente-a-la-ultima-oportunidad-de-justicia","status":"publish","type":"post","link":"https:\/\/redsemlac.com\/semmexico\/norma-andrade-estoy-frente-a-la-ultima-oportunidad-de-justicia\/","title":{"rendered":"Norma Andrade: estoy frente a la \u00faltima oportunidad de justicia"},"content":{"rendered":"\n<ul class=\"wp-block-list\">\n<li><strong>La CIDH decidir\u00e1 si hoy el caso de su hija Ale, asesinada hace 22 a\u00f1os en Ju\u00e1rez es enviado ante la Corte Interamericana<\/strong><\/li>\n<\/ul>\n\n\n\n<ul class=\"wp-block-list\">\n<li><strong>El Estado mexicano sigue simulando y fabricando culpables<\/strong><\/li>\n<\/ul>\n\n\n\n<p class=\"wp-block-paragraph\"><strong>Soledad Jarqu\u00edn Edgar<\/strong><\/p>\n\n\n\n<p class=\"wp-block-paragraph\">SemM\u00e9xico, Ciudad de M\u00e9xico, 27 de septiembre de 2023.- Norma Andrade tiene 22 a\u00f1os esperando que la justicia llegue. Hoy est\u00e1 frente a la \u00faltima oportunidad de justicia. Este d\u00eda la Comisi\u00f3n Interamericana de Derechos Humanos determinar\u00e1 s\u00ed env\u00eda el caso de su hija Lilia Alejandra Garc\u00eda Andrade,<em> Ale<\/em>, a la Corte Interamericana de Derechos Humanos o da una nueva pr\u00f3rroga al Estado mexicano.<\/p>\n\n\n\n<p class=\"wp-block-paragraph\">Ciudad Ju\u00e1rez, Chihuahua, no es una sombra lejana en su vida, sigue presente, como el deseo de justicia para Ale desaparecida, torturada sexualmente y asesinada en febrero de 2001 en aquella ciudad fronteriza, donde siete a\u00f1os antes hab\u00edan empezado a desaparecer y a asesinar a j\u00f3venes, adolescentes y ni\u00f1as, cuyo \u00fanico pecado era ser mujeres.<\/p>\n\n\n\n<figure class=\"wp-block-image size-large\"><a href=\"https:\/\/redsemlac.com\/semmexico\/wp-content\/uploads\/2023\/09\/Captura-de-pantalla-2023-09-27-a-las-11.09.04.png\"><img decoding=\"async\" src=\"https:\/\/redsemlac.com\/semmexico\/wp-content\/uploads\/2023\/09\/Captura-de-pantalla-2023-09-27-a-las-11.09.04-1024x700.png\" alt=\"\" class=\"wp-image-71755\"\/><\/a><\/figure>\n\n\n\n<p class=\"wp-block-paragraph\">\u201cYo siempre dec\u00eda que no hab\u00eda voluntad pol\u00edtica por resolver la situaci\u00f3n, ahora despu\u00e9s de 22 a\u00f1os digo que esa es la voluntad pol\u00edtica, que sigan exterminando mujeres. Es la manera de los hombres de mostrar su dominio frente a las mujeres\u201d.<\/p>\n\n\n\n<p class=\"wp-block-paragraph\">Aunque ahora hay laboratorios, leyes, protocolos\u2026seguimos igual, dice en entrevista para SemM\u00e9xico.<\/p>\n\n\n\n<p class=\"wp-block-paragraph\">En 2003 present\u00f3 el caso ante la CIDH, pero entonces el feminicidio de Ale estaba en etapa de investigaci\u00f3n, \u201cel mismo estado donde hoy sigue\u201d, pero hubo comunicaci\u00f3n con el organismo internacional y fue hasta mayo de 2012 cuando la CIDH admiti\u00f3 el caso.<\/p>\n\n\n\n<p class=\"wp-block-paragraph\">Acudieron a una audiencia en la que el Estado mexicano recibi\u00f3 \u201crecomendaciones puntuales\u201d, pero como Norma Andrade lo dice en un video que circularon desde ayer por la tarde \u201cel Estado mexicano sigue simulando y fabricando culpables\u201d<\/p>\n\n\n\n<p class=\"wp-block-paragraph\">\u201cDesde entonces pedimos que el caso fuera enviado a la Corte, porque sab\u00edamos que en M\u00e9xico no encontrar\u00edamos justicia\u201d, a\u00f1ade a SemM\u00e9xico una de las integrantes de la organizaci\u00f3n Nuestras Hijas de Regreso a Casa, que naci\u00f3 a ra\u00edz del asesinato de Ale y junto con otras familias salieron a la calle a exigir justicia.<\/p>\n\n\n\n<p class=\"wp-block-paragraph\">\u201cEs tiempo de sentar al Estado mexicano en el banquillo de los acusados en la Corte Interamericana y nos responda por el 95 por ciento de feminicidios impunes que ocurren cada d\u00eda en nuestro pa\u00eds.<\/p>\n\n\n<div class=\"wp-block-image\">\n<figure class=\"alignleft size-full\"><a href=\"https:\/\/redsemlac.com\/semmexico\/wp-content\/uploads\/2023\/09\/6819796352_17c898b87b_z.jpg\"><img loading=\"lazy\" decoding=\"async\" width=\"427\" height=\"640\" src=\"https:\/\/redsemlac.com\/semmexico\/wp-content\/uploads\/2023\/09\/6819796352_17c898b87b_z.jpg\" alt=\"\" class=\"wp-image-71752\"\/><\/a><\/figure>\n<\/div>\n\n\n<p class=\"wp-block-paragraph\">\u201cCuando tienes toda tu esperanza en la justicia internacional y esta te defrauda sientes que lo has perdido todo\u2026 tal vez esta sea la \u00faltima oportunidad para no morir sin encontrar justicia\u201d, reitera con tristeza en el video promovido por el Grupo de Acci\u00f3n por los Derechos Humanos y la Justicia Social donde solicita la sororidad de la gente para pedirle a la CIDH que env\u00ede el caso de Ale a la Corte.<\/p>\n\n\n\n<p class=\"wp-block-paragraph\">Y es mi \u00faltima oportunidad, dice Norma Andrade, porque tras 22 a\u00f1os de esperar justicia su salud se ha deteriorado. El a\u00f1o pasado tuvo que pasar un mes en terapia intensiva. Hoy, debido a una lenta recuperaci\u00f3n, siente que no puede esperar por m\u00e1s tiempo.<\/p>\n\n\n\n<p class=\"wp-block-paragraph\">Por eso llama a la CIDH para que env\u00ede el caso de Lilia Alejandra a la Corte Interamericana, que no haya m\u00e1s pr\u00f3rrogas para el Estado mexicano, porque al final eso tambi\u00e9n es tortura ella, su hija mayor Mal\u00fa Garc\u00eda Andrade y los hijos de Ale, hoy dos j\u00f3venes que se aferran al rostro que conocen de su madre en una fotograf\u00eda, mientras su abuela se sostiene de la esperanza.<\/p>\n\n\n\n<p class=\"wp-block-paragraph\">Esa mujer fuerte que aparenta ser Norma Andrade confiesa que han sido Kaleb y Jade, su nieto y nieta, quienes la han sostenido todos estos a\u00f1os, \u201csin ella y \u00e9l me hubiera vuelto loca\u201d.<\/p>\n\n\n\n<p class=\"wp-block-paragraph\">\u201cSin esa fuerza habr\u00eda dejado de luchar por descubrir la verdad y se detenga a los asesinos de mi hija durante 22 a\u00f1os, llenos de angustia y de un dolor que t\u00fa sabes se revive cada vez que conoces que una joven a desaparecido y es encontrada asesinada, se te remueve todo, vuelves a ese d\u00eda en que te pas\u00f3, porque ese dolor no se va, es permanente\u201d.<\/p>\n\n\n\n<p class=\"wp-block-paragraph\">Norma Andrade junto con otras madres, entre ellas Maricela Ortiz (maestra de Ale), salieron a la calle poco despu\u00e9s de que el cuerpo de Lilia Alejandra de 17 a\u00f1os de edad fue encontrado luego de siete d\u00edas desaparecida, ten\u00eda apenas 24 horas de haber sido asesinada.<\/p>\n\n\n\n<p class=\"wp-block-paragraph\">Cuatro presidentes de la Rep\u00fablica \u2013desde Fox hasta AMLO-, seis gobernadores \u2013desde Patricio Mart\u00ednez hasta Maru Campos, nueve fiscales y varias docenas de ministerios p\u00fablicos han conocido los hechos, le han dado vueltas y ha fabricado culpables y esperanzas que al tiempo se desvanecen y que fortalecen a los asesinos.<\/p>\n\n\n\n<p class=\"wp-block-paragraph\">As\u00ed ella y su familia han tenido que salir desde 2011 de Ju\u00e1rez. Norma sufri\u00f3 un atentado, los sicarios dieron cinco veces en su cuerpo, cuando sali\u00f3 del hospital, supo que su familia hab\u00eda sido sacada de la cuidad. No fue la \u00fanica vez, en 2017 su hija Mal\u00fa sufri\u00f3 un atentado y salv\u00f3 la vida milagrosamente.<\/p>\n\n\n\n<p class=\"wp-block-paragraph\">Todo ello suma, dice Norma Andrade, quien espera que la tortura termine pronto, y tome un nuevo aliento la esperanza cuando la CIDH decida que desde ahora el caso debe estar en manos de la Corte.<\/p>\n","protected":false},"excerpt":{"rendered":"<p>El Estado mexicano sigue simulando y fabricando culpables<\/p>\n","protected":false},"author":3,"featured_media":71753,"comment_status":"open","ping_status":"open","sticky":false,"template":"","format":"standard","meta":{"_monsterinsights_skip_tracking":false,"footnotes":""},"categories":[48],"tags":[142],"class_list":["post-71751","post","type-post","status-publish","format-standard","has-post-thumbnail","category-no-mas-impunidad-no-mas-impunidad","tag-violencia"],"_links":{"self":[{"href":"https:\/\/redsemlac.com\/semmexico\/wp-json\/wp\/v2\/posts\/71751","targetHints":{"allow":["GET"]}}],"collection":[{"href":"https:\/\/redsemlac.com\/semmexico\/wp-json\/wp\/v2\/posts"}],"about":[{"href":"https:\/\/redsemlac.com\/semmexico\/wp-json\/wp\/v2\/types\/post"}],"author":[{"embeddable":true,"href":"https:\/\/redsemlac.com\/semmexico\/wp-json\/wp\/v2\/users\/3"}],"replies":[{"embeddable":true,"href":"https:\/\/redsemlac.com\/semmexico\/wp-json\/wp\/v2\/comments?post=71751"}],"version-history":[{"count":0,"href":"https:\/\/redsemlac.com\/semmexico\/wp-json\/wp\/v2\/posts\/71751\/revisions"}],"wp:featuredmedia":[{"embeddable":true,"href":"https:\/\/redsemlac.com\/semmexico\/wp-json\/wp\/v2\/media\/71753"}],"wp:attachment":[{"href":"https:\/\/redsemlac.com\/semmexico\/wp-json\/wp\/v2\/media?parent=71751"}],"wp:term":[{"taxonomy":"category","embeddable":true,"href":"https:\/\/redsemlac.com\/semmexico\/wp-json\/wp\/v2\/categories?post=71751"},{"taxonomy":"post_tag","embeddable":true,"href":"https:\/\/redsemlac.com\/semmexico\/wp-json\/wp\/v2\/tags?post=71751"}],"curies":[{"name":"wp","href":"https:\/\/api.w.org\/{rel}","templated":true}]}}