{"id":71748,"date":"2023-09-27T12:06:51","date_gmt":"2023-09-27T18:06:51","guid":{"rendered":"https:\/\/redsemlac.com\/semmexico\/?p=71748"},"modified":"2023-09-27T12:13:03","modified_gmt":"2023-09-27T18:13:03","slug":"una-mexiquense-en-la-final-para-integrar-la-sala-superior-del-tepjf","status":"publish","type":"post","link":"https:\/\/redsemlac.com\/semmexico\/una-mexiquense-en-la-final-para-integrar-la-sala-superior-del-tepjf\/","title":{"rendered":"Una mexiquense en la final para integrar la Sala Superior del TEPJF"},"content":{"rendered":"\n<ul class=\"wp-block-list\">\n<li><strong>Marcela Fern\u00e1ndez est\u00e1 en la terna que la Suprema Corte envi\u00f3 al Senado<\/strong><strong><\/strong><\/li>\n<\/ul>\n\n\n\n<p class=\"wp-block-paragraph\"><strong>Violeta Huerta<\/strong><strong><\/strong><\/p>\n\n\n\n<p class=\"wp-block-paragraph\">SemM\u00e9xico\/El Sol de Toluca, Toluca, Edomex,\u00a0 27 de septiembre, 2023.- La magistrada de la Sala Toluca, Marcela Elena Fern\u00e1ndez Dom\u00ednguez fue incluida en las ternas que ser\u00e1n enviadas al Senado, por parte de la Suprema Corte de Justicia, en la recta final para nombrar dos personas magistradas en la Sala Superior del Tribunal Electoral del Poder Judicial de la Federaci\u00f3n (TEPJF).<\/p>\n\n\n\n<p class=\"wp-block-paragraph\">Ella ha laborado en la entidad mexiquense y est\u00e1 cerca de integrar la Sala Superior del m\u00e1ximo tribunal electoral federal.<\/p>\n\n\n\n<p class=\"wp-block-paragraph\">Inicialmente, el Pleno de la Suprema Corte de Justicia seleccion\u00f3 a 12 de 60 personas que, de acuerdo con las ministras y los ministros, reunieron los m\u00e9ritos curriculares y ten\u00edan el perfil id\u00f3neo para ocupar una magistratura en la Sala Superior.<\/p>\n\n\n\n<p class=\"wp-block-paragraph\">Despu\u00e9s de entrevistarlas, las y los ministros&nbsp; evaluaron los conocimientos de las personas aspirantes y definieron una terna de mujeres y una de hombres.<\/p>\n\n\n\n<p class=\"wp-block-paragraph\">El Senado de la Rep\u00fablica designar\u00e1 a las personas que cubrir\u00e1n las dos vacantes del cargo de magistrada o magistrado de Sala Superior del TEPJF.<\/p>\n\n\n\n<p class=\"wp-block-paragraph\">Los nombramientos son por un per\u00edodo de nueve a\u00f1os, en los lugares que dejar\u00e1n Jos\u00e9 Luis Vargas e Indalfer Infante, el 31 de octubre de este a\u00f1o.<\/p>\n\n\n\n<p class=\"wp-block-paragraph\">La terna de mujeres y hombres la integran:<\/p>\n\n\n\n<p class=\"wp-block-paragraph\">1. -Marcela Elena Fern\u00e1ndez Dom\u00ednguez<\/p>\n\n\n\n<p class=\"wp-block-paragraph\">2.- Claudia Valle Aguilasocho<\/p>\n\n\n\n<p class=\"wp-block-paragraph\">3. -Gabriela Villafuerte Coello<\/p>\n\n\n\n<p class=\"wp-block-paragraph\">4.- Rub\u00e9n Jes\u00fas Lara Patr\u00f3n<\/p>\n\n\n\n<p class=\"wp-block-paragraph\">5.- Armando Ismael Maitret Hern\u00e1ndez<\/p>\n\n\n\n<p class=\"wp-block-paragraph\">5.- Francisco Javier Sandoval L\u00f3pez<\/p>\n","protected":false},"excerpt":{"rendered":"<p>Marcela Fern\u00e1ndez est\u00e1 en la terna que la Suprema Corte envi\u00f3 al Senado<\/p>\n","protected":false},"author":3,"featured_media":71749,"comment_status":"open","ping_status":"open","sticky":false,"template":"","format":"standard","meta":{"_monsterinsights_skip_tracking":false,"footnotes":""},"categories":[700],"tags":[],"class_list":["post-71748","post","type-post","status-publish","format-standard","has-post-thumbnail","category-estados"],"_links":{"self":[{"href":"https:\/\/redsemlac.com\/semmexico\/wp-json\/wp\/v2\/posts\/71748","targetHints":{"allow":["GET"]}}],"collection":[{"href":"https:\/\/redsemlac.com\/semmexico\/wp-json\/wp\/v2\/posts"}],"about":[{"href":"https:\/\/redsemlac.com\/semmexico\/wp-json\/wp\/v2\/types\/post"}],"author":[{"embeddable":true,"href":"https:\/\/redsemlac.com\/semmexico\/wp-json\/wp\/v2\/users\/3"}],"replies":[{"embeddable":true,"href":"https:\/\/redsemlac.com\/semmexico\/wp-json\/wp\/v2\/comments?post=71748"}],"version-history":[{"count":0,"href":"https:\/\/redsemlac.com\/semmexico\/wp-json\/wp\/v2\/posts\/71748\/revisions"}],"wp:featuredmedia":[{"embeddable":true,"href":"https:\/\/redsemlac.com\/semmexico\/wp-json\/wp\/v2\/media\/71749"}],"wp:attachment":[{"href":"https:\/\/redsemlac.com\/semmexico\/wp-json\/wp\/v2\/media?parent=71748"}],"wp:term":[{"taxonomy":"category","embeddable":true,"href":"https:\/\/redsemlac.com\/semmexico\/wp-json\/wp\/v2\/categories?post=71748"},{"taxonomy":"post_tag","embeddable":true,"href":"https:\/\/redsemlac.com\/semmexico\/wp-json\/wp\/v2\/tags?post=71748"}],"curies":[{"name":"wp","href":"https:\/\/api.w.org\/{rel}","templated":true}]}}