{"id":7165,"date":"2018-12-03T23:02:45","date_gmt":"2018-12-03T23:02:45","guid":{"rendered":"https:\/\/redsemlac.com\/semmexico\/?p=7165"},"modified":"2023-07-21T14:34:44","modified_gmt":"2023-07-21T19:34:44","slug":"botella-al-mar-13","status":"publish","type":"post","link":"https:\/\/redsemlac.com\/semmexico\/botella-al-mar-13\/","title":{"rendered":"Botella al Mar"},"content":{"rendered":"\n<p class=\"wp-block-paragraph\">Es momento de hacer \u00e9ste ejercicio por nuestro pa\u00eds.<\/p>\n\n\n\n<h5 class=\"wp-block-heading\"> Tomorrowland<\/h5>\n\n\n\n<p class=\"wp-block-paragraph\"><a href=\"https:\/\/semmexico.com\/gallery-post.php?id=6528#\">Martha Canseco<\/a><\/p>\n\n\n\n<p class=\"wp-block-paragraph\">SemM\u00e9xico. 03 de Diciembre 2018.- Hace solo algunos d\u00edas platicaba con Magalli Pi\u00f1a sobre lo que me est\u00e1 ocurriendo, los sucesos m\u00e1s sencillos y cotidianos est\u00e1n sin duda conectados a algo m\u00e1s, nada de lo que estoy viviendo es casualidad, ni tiempo me da de preguntarme el \u00bfpara qu\u00e9? cuando ya tengo las respuestas.<\/p>\n\n\n\n<p class=\"wp-block-paragraph\">Sue\u00f1o mucho, despierta, dormida, sobre mi futuro y el de todas y todos, en ocasiones tengo la sensaci\u00f3n que me muevo entre certezas.<\/p>\n\n\n\n<p class=\"wp-block-paragraph\">Escrib\u00ed hace semanas que acabo de terminar un proyecto de realizaci\u00f3n de cortometrajes con poblaci\u00f3n ind\u00edgena adolescente para prevenir el embarazo a temprana edad.<\/p>\n\n\n\n<p class=\"wp-block-paragraph\">Con ellas y ellos, impuls\u00e9 una t\u00e9cnica narrativa totalmente distinta a la que nos imponen los medios masivos de comunicaci\u00f3n en M\u00e9xico, los resultados fueron muy buenos, la ficci\u00f3n futurista, permiti\u00f3 a las y los j\u00f3venes imaginar una vida distinta a la que \u00e9ste sistema neoliberal les tiene condenados.<\/p>\n\n\n\n<p class=\"wp-block-paragraph\">La semana pasada termin\u00e9 un curso al que me invit\u00f3 la Sub-Secretaria Kenia Montiel y ah\u00ed nuevamente tuve que hacer un ejercicio de visualizaci\u00f3n apegada a la Teor\u00eda del Cambio.<\/p>\n\n\n\n<p class=\"wp-block-paragraph\">Todo esto me trajo a la memoria una de mis pel\u00edculas preferidas \u201cTomorrowland\u201d de Brat Bird, es ciencia ficci\u00f3n sobre una joven adolescente que es contactada por un \u201crobot\u201d del futuro para salvar al mundo de la destrucci\u00f3n.<\/p>\n\n\n\n<p class=\"wp-block-paragraph\">De eso trata el filme, pero en el fondo es una s\u00faplica para que la humanidad no deje de so\u00f1ar de manera optimista y positiva. La joven es contactada precisamente porque es una so\u00f1adora optimista. La teor\u00eda del cambio se refiere a lo mismo, que pongamos en presente lo que esperamos que ocurra y la ficci\u00f3n futurista tambi\u00e9n.<\/p>\n\n\n\n<p class=\"wp-block-paragraph\">As\u00ed se los explicaba a las y los j\u00f3venes ind\u00edgenas para que entendieran el alcance de sus guiones: \u201cSi Julio Verne no hubiera imaginado que el hombre llegar\u00eda a la luna, ni siquiera lo habr\u00eda intentado, si Georges Meli\u00e9s no hubiera hecho una pel\u00edcula al respecto, nunca habr\u00edamos visualizado la huella de un hombre sobre la luna y si Katherine Johnson no hubiera hecho los c\u00e1lculos correctos para llevarlo y traerlo de regreso jam\u00e1s habr\u00edamos pisado la luna. Imaginar, visualizar, realizar\u201d.<\/p>\n\n\n\n<p class=\"wp-block-paragraph\">Es momento de hacer \u00e9ste ejercicio por nuestro pa\u00eds, se ha abierto una nueva etapa y es la oportunidad perfecta. Lo que vi el s\u00e1bado por televisi\u00f3n me anima a hacerlo, lo que le\u00ed en las redes me entristece y preocupa.<\/p>\n\n\n\n<p class=\"wp-block-paragraph\">Hace muchos a\u00f1os, como periodista, me toc\u00f3 cubrir la guerra Contra que el gobierno de Washington organiz\u00f3 y financi\u00f3 para acabar con el gobierno sandinista de Nicaragua, (1979-1990), fui testigo de los estragos que causa en un pueblo el asedio a un r\u00e9gimen democr\u00e1ticamente electo, lo vi de primera mano.<\/p>\n\n\n\n<p class=\"wp-block-paragraph\">Y cr\u00e9anme de verdad, es un camino que no nos conviene, el s\u00e1bado nos hicieron el triste recuento hist\u00f3rico de 36 a\u00f1os de neoliberalismo salvaje, una pol\u00edtica de golpeteo y asedio a un gobierno a quien m\u00e1s afecta es precisamente a los m\u00e1s pobres, a las v\u00edctimas del neoliberalismo, es decir a la mayor\u00eda.<\/p>\n\n\n\n<p class=\"wp-block-paragraph\">Pecar\u00eda de pueril s\u00ed creo que el monstruo neoliberal se quedar\u00e1 tranquilo rumiando su derrota, ya tienen rato sus obscuras tretas para dividirnos, tengo amigos a los que he dejado de seguir en la web porque alegres se prestan a ello.<\/p>\n\n\n\n<p class=\"wp-block-paragraph\">No entiendo a los que desean que nos vaya mal porque su opci\u00f3n pol\u00edtica no fue favorecida, eso es mezquino, cruel e inhumano, y no puedo imaginar lo que imaginan.<\/p>\n\n\n\n<p class=\"wp-block-paragraph\">Prefiero imaginar lo que imagino, seguir\u00e9 siendo una optimista so\u00f1adora.<\/p>\n\n\n\n<p class=\"wp-block-paragraph\">botellalmar2017@gmail.com<\/p>\n","protected":false},"excerpt":{"rendered":"<p>Es momento de hacer \u00e9ste ejercicio por nuestro pa\u00eds. Tomorrowland Martha Canseco SemM\u00e9xico. 03 de Diciembre 2018.- Hace solo algunos d\u00edas platicaba con Magalli Pi\u00f1a sobre lo que me est\u00e1 ocurriendo, los sucesos m\u00e1s sencillos y cotidianos est\u00e1n sin duda conectados a algo m\u00e1s, nada de lo que estoy viviendo es casualidad, ni tiempo me [&hellip;]<\/p>\n","protected":false},"author":3,"featured_media":7055,"comment_status":"open","ping_status":"open","sticky":false,"template":"","format":"standard","meta":{"_monsterinsights_skip_tracking":false,"footnotes":""},"categories":[689,98,84,35],"tags":[],"class_list":["post-7165","post","type-post","status-publish","format-standard","has-post-thumbnail","category-689","category-botella-al-mar","category-martha-canseco","category-opinion"],"_links":{"self":[{"href":"https:\/\/redsemlac.com\/semmexico\/wp-json\/wp\/v2\/posts\/7165","targetHints":{"allow":["GET"]}}],"collection":[{"href":"https:\/\/redsemlac.com\/semmexico\/wp-json\/wp\/v2\/posts"}],"about":[{"href":"https:\/\/redsemlac.com\/semmexico\/wp-json\/wp\/v2\/types\/post"}],"author":[{"embeddable":true,"href":"https:\/\/redsemlac.com\/semmexico\/wp-json\/wp\/v2\/users\/3"}],"replies":[{"embeddable":true,"href":"https:\/\/redsemlac.com\/semmexico\/wp-json\/wp\/v2\/comments?post=7165"}],"version-history":[{"count":0,"href":"https:\/\/redsemlac.com\/semmexico\/wp-json\/wp\/v2\/posts\/7165\/revisions"}],"wp:featuredmedia":[{"embeddable":true,"href":"https:\/\/redsemlac.com\/semmexico\/wp-json\/wp\/v2\/media\/7055"}],"wp:attachment":[{"href":"https:\/\/redsemlac.com\/semmexico\/wp-json\/wp\/v2\/media?parent=7165"}],"wp:term":[{"taxonomy":"category","embeddable":true,"href":"https:\/\/redsemlac.com\/semmexico\/wp-json\/wp\/v2\/categories?post=7165"},{"taxonomy":"post_tag","embeddable":true,"href":"https:\/\/redsemlac.com\/semmexico\/wp-json\/wp\/v2\/tags?post=7165"}],"curies":[{"name":"wp","href":"https:\/\/api.w.org\/{rel}","templated":true}]}}