{"id":71592,"date":"2023-09-25T11:47:50","date_gmt":"2023-09-25T17:47:50","guid":{"rendered":"https:\/\/redsemlac.com\/semmexico\/?p=71592"},"modified":"2023-09-25T11:47:50","modified_gmt":"2023-09-25T17:47:50","slug":"violeta-del-anahuac-cristina-batista-verdad-y-justicia","status":"publish","type":"post","link":"https:\/\/redsemlac.com\/semmexico\/violeta-del-anahuac-cristina-batista-verdad-y-justicia\/","title":{"rendered":"Violeta del An\u00e1huac| \u201cCristina Batista: verdad y justicia\u201d"},"content":{"rendered":"\n<p class=\"wp-block-paragraph\"><strong>Isabel Ortega Morales<\/strong><\/p>\n\n\n\n<p class=\"wp-block-paragraph\">SemM\u00e9xico, Tlapa de Comonfort, 25 de septiembre, 2023.- Do\u00f1a Cristina Batista es mam\u00e1 de Benjam\u00edn Ascencio Batista, uno de los 43 estudiantes de la Normal Rural \u201cRa\u00fal Isidro Burgos\u201d de Ayotzinapa desaparecidos en septiembre de 2014.<\/p>\n\n\n\n<p class=\"wp-block-paragraph\">A Do\u00f1a Cristina, como a las otras mam\u00e1s de esos normalistas, la vida les cambi\u00f3 todo, ahora no solo est\u00e1n en la ruta de encontrar a sus hijos, sino de conocer la verdad y tener justicia.<\/p>\n\n\n\n<p class=\"wp-block-paragraph\">Como las otras mam\u00e1s el tiempo le ha cambiado su esperanza. Pero tambi\u00e9n les ha cambiado la vida familiar, la vida social, la vida misma. La ausencia de Benjam\u00edn la ha conducido tambi\u00e9n a una ausencia de su vida para ser parte de un grupo que est\u00e1 dispuesto a llegar a la verdad y tener justicia.<\/p>\n\n\n\n<p class=\"wp-block-paragraph\">Ella ha aprendido a hacer lo que nunca se imagin\u00f3, estar enfrentando el dolor de la incertidumbre sobre el paradero de su hijo, pero tambi\u00e9n la incertidumbre sobre el destino del movimiento.<\/p>\n\n\n\n<p class=\"wp-block-paragraph\">Para muchos, desde fuera, el movimiento de b\u00fasqueda genera incomodidad porque mueve la vida en sus actividades los d\u00edas del movimiento, y aun cuando est\u00e1 focalizado hacia las instituciones y hacia las casetas de cobro,&nbsp; y empresas privadas, la percepci\u00f3n desde dentro es que, no hacerlo, es dejar de generar inter\u00e9s en la b\u00fasqueda de los estudiantes, y temen que al criminalizarlo lo condenen a su freno y con ello, a la desaparici\u00f3n de la b\u00fasqueda.<\/p>\n\n\n\n<p class=\"wp-block-paragraph\">Do\u00f1a Cristina no mira la vida desde la misma \u00f3ptica de las dem\u00e1s mam\u00e1s. Ella sin propon\u00e9rselo, se ha colocado en los grupos de b\u00fasqueda de hijos e hijas que constituyen ya en la historia del pa\u00eds, una parte que est\u00e1 pidiendo al gobierno implementar acciones para la identificaci\u00f3n gen\u00e9tica de los cuerpos que han sido localizados y que, sin duda, representan un nombre y una esperanza en la b\u00fasqueda de madres, padres y familiares.<\/p>\n\n\n\n<p class=\"wp-block-paragraph\">Sabe que la lucha no est\u00e1 acabada hasta que no se conozca el paradero de su hijo Benjam\u00edn y comparte con las dem\u00e1s mam\u00e1s y pap\u00e1s de los normalistas desaparecidos, el mismo penar.<\/p>\n\n\n\n<p class=\"wp-block-paragraph\">Ella llora una ausencia, pero no puede llorar un hijo que puede parecer desde fuera no estar m\u00e1s con vida, porque para ellas y ellos, aceptarlo es aceptar que la b\u00fasqueda culmin\u00f3 una etapa, pero sin cuerpos, sin datos gen\u00e9ticos que le indiquen que no est\u00e1 en este plano de vida, no pueden darse por vencidos y aceptar una verdad inconclusa. Aunque parezca dif\u00edcil de entender.<\/p>\n\n\n\n<p class=\"wp-block-paragraph\">Ha tenido que aprender a hacer largas caminatas de protesta. A responder a interrogantes de medios, a sentarse a comer, pero lo hace, porque debe vivir para la b\u00fasqueda, a enfrentar el d\u00eda a d\u00eda porque cada uno representa la posibilidad de estar frente a su hijo.<\/p>\n\n\n\n<p class=\"wp-block-paragraph\">Esta semana se cumplen 9 a\u00f1os en que Benjam\u00edn no est\u00e1. Do\u00f1a Cristina avanza en la caminata aun cuando en ese andar han quedado otros padres y madres que han partido a una b\u00fasqueda distinta en el otro plano.<\/p>\n\n\n\n<p class=\"wp-block-paragraph\">Por eso su grito de \u201cverdad y justicia\u201d, aunque ese grito se pierda en el eco de o\u00eddos sordos, en sonrisa socarrona, en palabras vanas que no alcanzan a comprender el dolor ni abarcar el sufrimiento de un grupo que mantendr\u00e1 sus fuerzas porque el amor de madre es m\u00e1s fuerte que la promesa incumplida de dar con el paradero de su hijo.<\/p>\n","protected":false},"excerpt":{"rendered":"<p>o\u00f1a Cristina Batista es mam\u00e1 de Benjam\u00edn Ascencio Batista, uno de los 43 estudiantes de la Normal Rural \u201cRa\u00fal Isidro Burgos\u201d de Ayotzinapa desaparecidos en septiembre de 2014.<\/p>\n","protected":false},"author":3,"featured_media":38368,"comment_status":"open","ping_status":"open","sticky":false,"template":"","format":"standard","meta":{"_monsterinsights_skip_tracking":false,"footnotes":""},"categories":[198,35,197],"tags":[],"class_list":["post-71592","post","type-post","status-publish","format-standard","has-post-thumbnail","category-isabel-ortega-morales","category-opinion","category-violeta-del-anahuac"],"_links":{"self":[{"href":"https:\/\/redsemlac.com\/semmexico\/wp-json\/wp\/v2\/posts\/71592","targetHints":{"allow":["GET"]}}],"collection":[{"href":"https:\/\/redsemlac.com\/semmexico\/wp-json\/wp\/v2\/posts"}],"about":[{"href":"https:\/\/redsemlac.com\/semmexico\/wp-json\/wp\/v2\/types\/post"}],"author":[{"embeddable":true,"href":"https:\/\/redsemlac.com\/semmexico\/wp-json\/wp\/v2\/users\/3"}],"replies":[{"embeddable":true,"href":"https:\/\/redsemlac.com\/semmexico\/wp-json\/wp\/v2\/comments?post=71592"}],"version-history":[{"count":0,"href":"https:\/\/redsemlac.com\/semmexico\/wp-json\/wp\/v2\/posts\/71592\/revisions"}],"wp:featuredmedia":[{"embeddable":true,"href":"https:\/\/redsemlac.com\/semmexico\/wp-json\/wp\/v2\/media\/38368"}],"wp:attachment":[{"href":"https:\/\/redsemlac.com\/semmexico\/wp-json\/wp\/v2\/media?parent=71592"}],"wp:term":[{"taxonomy":"category","embeddable":true,"href":"https:\/\/redsemlac.com\/semmexico\/wp-json\/wp\/v2\/categories?post=71592"},{"taxonomy":"post_tag","embeddable":true,"href":"https:\/\/redsemlac.com\/semmexico\/wp-json\/wp\/v2\/tags?post=71592"}],"curies":[{"name":"wp","href":"https:\/\/api.w.org\/{rel}","templated":true}]}}