{"id":71581,"date":"2023-09-24T14:16:07","date_gmt":"2023-09-24T20:16:07","guid":{"rendered":"https:\/\/redsemlac.com\/semmexico\/?p=71581"},"modified":"2023-09-24T14:16:07","modified_gmt":"2023-09-24T20:16:07","slug":"el-congreso-de-la-union-obligado-a-derogar-el-articulado-que-criminaliza-el-aborto","status":"publish","type":"post","link":"https:\/\/redsemlac.com\/semmexico\/el-congreso-de-la-union-obligado-a-derogar-el-articulado-que-criminaliza-el-aborto\/","title":{"rendered":"El Congreso de la Uni\u00f3n obligado a derogar el articulado que criminaliza el aborto"},"content":{"rendered":"\n<p class=\"wp-block-paragraph\"><strong>Por sentencia de la SCJN, Reuni\u00f3n en el Senado sobre Salud Sexual y Reproductiva<\/strong><\/p>\n\n\n\n<p class=\"wp-block-paragraph\">Elda Montiel<\/p>\n\n\n\n<p class=\"wp-block-paragraph\">SemM\u00e9xico, Ciudad de M\u00e9xico, 24 de septiembre 2023.- El Congreso de la Uni\u00f3n est\u00e1 obligado a derogar el articulado que criminaliza a las mujeres que abortan tras la reciente resoluci\u00f3n de la Suprema Corte de Justicia de la Naci\u00f3n (SCJN), que declar\u00f3 inconstitucional penalizar el aborto en el C\u00f3digo Penal Federal, por ser contrario al derecho a decidir de las mujeres.<\/p>\n\n\n\n<p class=\"wp-block-paragraph\">En la reuni\u00f3n de trabajo del Senado de la Republica, \u201cSalud Sexual y reproductiva; Resoluci\u00f3n de Amparo en Revisi\u00f3n 267\/2023\u201d se destac\u00f3 la importancia de dicha sentencia que, en voz de la senadora Martha Luc\u00eda Micher, es un hito fundamental para los derechos de las mujeres para decidir sobre su propio cuerpo.<\/p>\n\n\n\n<p class=\"wp-block-paragraph\">La presidenta de la Comisi\u00f3n para la Igualdad de G\u00e9nero, hizo un llamado a no ignorar las observaciones realizadas por organismos internacionales en la materia, como el caso de la Convenci\u00f3n para la Eliminaci\u00f3n de Todas las Formas de Discriminaci\u00f3n contra la Mujer (CEDAW), donde se pidi\u00f3 a los Estados adoptar medidas para impedir que las mujeres sean coaccionadas en su fecundidad.&nbsp;&nbsp;<\/p>\n\n\n\n<p class=\"wp-block-paragraph\">En la reuni\u00f3n, del Grupo de Informaci\u00f3n en Reproducci\u00f3n Elegida (GIRE), la subdirectora Isabel Fulda Graue destac\u00f3 la importancia de permitir el acceso al aborto en las instituciones de salud p\u00fablica. Recalc\u00f3 que la criminalizaci\u00f3n establecida previamente evitaba la atenci\u00f3n de este servicio para la poblaci\u00f3n.<\/p>\n\n\n\n<p class=\"wp-block-paragraph\">Melisa Ayala, coordinadora de Litigio y Documentaci\u00f3n de GIRE, explic\u00f3 que, una vez que fue notificada la sentencia de la Corte, el Congreso de la Uni\u00f3n est\u00e1 obligado a derogar el articulado que criminaliza a las mujeres que abortan y al personal m\u00e9dico que les asistan, adem\u00e1s de que las instituciones de salud tienen la obligaci\u00f3n de prestar el servicio.<\/p>\n\n\n\n<p class=\"wp-block-paragraph\">Mientras, Francisco Cu\u00e9 Mart\u00ednez, responsable de vinculaci\u00f3n legislativa de GIRE, enfatiz\u00f3 que los Congresos locales tambi\u00e9n est\u00e1n obligados a reformar sus leyes penales para eliminar los delitos relacionados con el aborto.<\/p>\n\n\n\n<p class=\"wp-block-paragraph\">Se\u00f1al\u00f3 que la Corte ha indicado la necesidad de abandonar el uso del derecho penal para regular qui\u00e9n, cu\u00e1ndo y bajo qu\u00e9 circunstancias se puede acceder al aborto.<\/p>\n\n\n\n<p class=\"wp-block-paragraph\">La resoluci\u00f3n de la SCJN marca un avance significativo en el reconocimiento de los derechos reproductivos de las mujeres en M\u00e9xico y plantea un importante cambio en la legislaci\u00f3n y la pr\u00e1ctica relacionada con el aborto en el pa\u00eds, se puso de manifiesto.<\/p>\n\n\n\n<p class=\"wp-block-paragraph\">La legisladora del Grupo Parlamentario del PES, Eunice Renata Romo Molina, dijo que m\u00e1s all\u00e1 de las banderas pol\u00edticas, este es un asunto jur\u00eddico, por lo que es necesario impulsar su difusi\u00f3n para que la ciudadan\u00eda conozca la resoluci\u00f3n de la Suprema Corte, pues a\u00fan existen muchas dudas sobre lo que se puede hacer con esta decisi\u00f3n.&nbsp;<\/p>\n\n\n\n<p class=\"wp-block-paragraph\">El pasado 6 de septiembre, la Suprema Corte de Justicia de la Naci\u00f3n (SCJN), concluy\u00f3 que el apartado del C\u00f3digo Penal Federal que criminaliza el aborto ya no tendr\u00e1 efectos y, por lo tanto, a ninguna mujer, ni personal de salud, se le podr\u00e1 castigar por abortar, por tanto, IMSS, ISSSTE, PEMEX y cualquier instituci\u00f3n de salud deber\u00e1n brindar el servicio de aborto a todas las mujeres que lo soliciten.&nbsp;<\/p>\n\n\n\n<p class=\"wp-block-paragraph\">Esta sentencia se da por el amparo interpuesto por GIRE contra el Congreso de la Uni\u00f3n y el Ejecutivo Federal por haber emitido una regulaci\u00f3n que criminaliza el aborto, con base en la sentencia sobre la inconstitucionalidad del delito de aborto en el C\u00f3digo Penal de Coahuila resuelta por unanimidad por la Suprema Corte de Justicia de la Naci\u00f3n en septiembre de 2021.<\/p>\n\n\n\n<p class=\"wp-block-paragraph\">GIRE junto con otras organizaciones locales han emprendido una estrategia jur\u00eddica nacional que consiste en presentar amparos para eliminar el delito de aborto autoprocurado y consentido en todos los c\u00f3digos penales del pa\u00eds donde no se ha despenalizado por parte de los congresos, incluido el federal.<\/p>\n\n\n\n<p class=\"wp-block-paragraph\">GIRE junto con Cultivando AC, Morras help Morras, TERFU AC, y CECADEC son las organizaciones encargadas de impulsar una estrategia jur\u00eddica con el fin de despenalizar al aborto en varias entidades del pa\u00eds, entre ellas Aguascalientes, Puebla, Chihuahua, Chiapas, Morelos y San Luis Potos\u00ed.&nbsp;<\/p>\n\n\n\n<p class=\"wp-block-paragraph\">Una semana antes, el 30 de agosto la Suprema Corte de Justicia de M\u00e9xico (SCJN), declar\u00f3 la invalidez de la penalizaci\u00f3n del aborto en Aguascalientes. Es la segunda vez, despu\u00e9s de Coahuila, que se consigue la despenalizaci\u00f3n del aborto mediante una acci\u00f3n judicial ordenada por el m\u00e1ximo tribunal.<\/p>\n\n\n\n<p class=\"wp-block-paragraph\">De esta manera, Aguascalientes se convirti\u00f3 en la 12 entidad federativa que despenaliza la Interrupci\u00f3n Legal del Embarazo (ILE). Se suma a la Ciudad de M\u00e9xico, Oaxaca, Hidalgo, Veracruz, Coahuila, Baja California, Colima, Sinaloa, Guerrero, Baja California Sur, y Quintana Roo.<\/p>\n","protected":false},"excerpt":{"rendered":"<p>El Congreso de la Uni\u00f3n est\u00e1 obligado a derogar el articulado que criminaliza a las mujeres que abortan tras la reciente resoluci\u00f3n de la Suprema Corte de Justicia de la Naci\u00f3n (SCJN), que declar\u00f3 inconstitucional penalizar el aborto en el C\u00f3digo Penal Federal, por ser contrario al derecho a decidir de las mujeres.<\/p>\n","protected":false},"author":3,"featured_media":71582,"comment_status":"open","ping_status":"open","sticky":false,"template":"","format":"standard","meta":{"_monsterinsights_skip_tracking":false,"footnotes":""},"categories":[50],"tags":[],"class_list":["post-71581","post","type-post","status-publish","format-standard","has-post-thumbnail","category-congreso"],"_links":{"self":[{"href":"https:\/\/redsemlac.com\/semmexico\/wp-json\/wp\/v2\/posts\/71581","targetHints":{"allow":["GET"]}}],"collection":[{"href":"https:\/\/redsemlac.com\/semmexico\/wp-json\/wp\/v2\/posts"}],"about":[{"href":"https:\/\/redsemlac.com\/semmexico\/wp-json\/wp\/v2\/types\/post"}],"author":[{"embeddable":true,"href":"https:\/\/redsemlac.com\/semmexico\/wp-json\/wp\/v2\/users\/3"}],"replies":[{"embeddable":true,"href":"https:\/\/redsemlac.com\/semmexico\/wp-json\/wp\/v2\/comments?post=71581"}],"version-history":[{"count":0,"href":"https:\/\/redsemlac.com\/semmexico\/wp-json\/wp\/v2\/posts\/71581\/revisions"}],"wp:featuredmedia":[{"embeddable":true,"href":"https:\/\/redsemlac.com\/semmexico\/wp-json\/wp\/v2\/media\/71582"}],"wp:attachment":[{"href":"https:\/\/redsemlac.com\/semmexico\/wp-json\/wp\/v2\/media?parent=71581"}],"wp:term":[{"taxonomy":"category","embeddable":true,"href":"https:\/\/redsemlac.com\/semmexico\/wp-json\/wp\/v2\/categories?post=71581"},{"taxonomy":"post_tag","embeddable":true,"href":"https:\/\/redsemlac.com\/semmexico\/wp-json\/wp\/v2\/tags?post=71581"}],"curies":[{"name":"wp","href":"https:\/\/api.w.org\/{rel}","templated":true}]}}