{"id":71578,"date":"2023-09-24T13:57:50","date_gmt":"2023-09-24T19:57:50","guid":{"rendered":"https:\/\/redsemlac.com\/semmexico\/?p=71578"},"modified":"2023-09-24T13:57:51","modified_gmt":"2023-09-24T19:57:51","slug":"vive-sor-juana-y-su-cancionero","status":"publish","type":"post","link":"https:\/\/redsemlac.com\/semmexico\/vive-sor-juana-y-su-cancionero\/","title":{"rendered":"Vive Sor Juana y su Cancionero"},"content":{"rendered":"\n<p class=\"wp-block-paragraph\"><strong>Grupo Favola in m\u00fasica interpret\u00f3 obras de la D\u00e9cima Musa&nbsp;<\/strong><\/p>\n\n\n\n<p class=\"wp-block-paragraph\">SemM\u00e9xico, Ciudad de M\u00e9xico, 24 de septiembre, 2023.- La fastuosa sala de Recepciones del Museo Nacional de Arte (Munal) se llen\u00f3 ayer con los sonidos creados por Sor Juana In\u00e9s de la Cruz gracias al rescate del grupo mexicano Favola in M\u00fasica de la m\u00fasica virreinal, de Guatemala a Italia, misma que era entonces m\u00fasica popular.<br><br>Rami Mart\u00ednez, bar\u00edtono integrante del ensamble explic\u00f3 que es un esfuerzo por&nbsp;englobar la tradici\u00f3n del pueblo y la&nbsp;<em>D\u00e9cima Musa,<\/em>&nbsp;sor Juana In\u00e9s de la Cruz, quien forma parte del colectivo imaginario del mexicano. Las canciones contienen elementos l\u00e9xicos, geogr\u00e1ficos, tem\u00e1ticos y formales, en estas letras de sor Juana, las cuales en su tiempo eran de corte popular.&nbsp;<\/p>\n\n\n\n<p class=\"wp-block-paragraph\">El programa matutino inici\u00f3&nbsp;con <em>An\u00f3nimo, Guatemala (s. XVII)&nbsp;<\/em>retomado por nuestra&nbsp;<em>D\u00e9cima musa<\/em>,Sor Juana In\u00e9s de la Cruz (M\u00e9xico, 1648-1695):&nbsp;<em>Las flores y las estrellas;&nbsp;<\/em>le seguir\u00e1&nbsp;<em>Dice el G\u00e9nesis sagrado<\/em>,&nbsp;<em>Claro pastor divino y Oigan deprendan versos latinos&nbsp;<\/em>de Sor Juana y Rafael Antonio Castellanos (Guatemala, 1725-1791); luego,&nbsp;<em>Vengan pues hoy a la mesa, Los que tienen hambre&nbsp;<\/em>de sor Juana In\u00e9s de la Cruz y Manuel de Mesa y Carrizo (Bolivia, 1725 \u2013 Argentina, 1773);&nbsp;<em>Escuchad, dos sacristanes&nbsp;<\/em>de Sor Juana In\u00e9s y Theodoro Ayala;&nbsp;<em>Si dios se contiene en el Sacramento,&nbsp;<\/em>de Sor Juana In\u00e9s y Mat\u00edas Juan de Veana (Espa\u00f1a, 1656-1708).&nbsp;<\/p>\n\n\n\n<p class=\"wp-block-paragraph\">La segunda parte del programa inici\u00f3 con <em>Villancicos de amor profano s. XV, Ay triste que vengo y <\/em>culmin\u00f3 con<em> Si abra en este valdr\u00e9s,&nbsp;<\/em>de&nbsp;Juan del Encina (Espa\u00f1a, 1468-1530), interpretados por la soprano Diana Areyzaga; el bar\u00edtono Rami Mart\u00ed y la direcci\u00f3n musical de la flauta de pico a cargo de Jacobo Poo, Adriana Hern\u00e1ndez al viol\u00edn, Roberto Gonz\u00e1lez en la tiorba y guitarrilla, as\u00ed como Ulises Miramontes en el violonchelo, inform\u00f3 el Instituto Nacional de Bellas Artes y Literatura (INBAL).<br><br><strong>La importancia de un villancico<br><\/strong><br>Rami Mart\u00ednez se refiri\u00f3 al villancico, tambi\u00e9n favorecido por la D\u00e9cima Musa. \u201cIgnorado como obra l\u00edrica, que tiene en la obra de&nbsp;<em>Favola in musica<\/em>&nbsp;una doble funci\u00f3n, por una parte, el rescate de una tradici\u00f3n muy atractiva literariamente, soporte de un estado de lengua. Adem\u00e1s, ling\u00fc\u00edsticamente da cuenta de posibilidades como procesos de significaci\u00f3n, desplazamiento de significados por figuras ret\u00f3ricas, as\u00ed como un valioso y exquisito repertorio l\u00e9xico plasmados tambi\u00e9n en los llamados&nbsp;<em>artes gramaticales<\/em>&nbsp;del siglo XVII.\u201d Agreg\u00f3.&nbsp;<br><br>La palabra villancico deviene de villancejo, villancete, diminutivos de villano, aldeano o r\u00fastico y su cantar o baile una&nbsp;<em>imitaci\u00f3n artificiosa<\/em>; baile o canto&nbsp;<em>pastoril o rusticano<\/em>&nbsp;denomin\u00e1ndose sin\u00f3nimo&nbsp;<em>villanesca,<\/em>&nbsp;sin tomar en cuenta el contenido profano o sacro, explicaci\u00f3n que Mart\u00ednez le acredita al fil\u00f3sofo y fil\u00f3logo radicado en M\u00e9xico en los a\u00f1os veinte del siglo XX, Pedro Henr\u00edquez Ure\u00f1a, recoge el comunicado de prensa de INBAL.&nbsp;<br><br><\/p>\n","protected":false},"excerpt":{"rendered":"<p>La fastuosa sala de Recepciones del Museo Nacional de Arte (Munal) se llen\u00f3 ayer con los sonidos creados por Sor Juana In\u00e9s de la Cruz gracias al rescate del grupo mexicano Favola in M\u00fasica de la m\u00fasica virreinal, de Guatemala a Italia, misma que era entonces m\u00fasica popular.<\/p>\n","protected":false},"author":3,"featured_media":71579,"comment_status":"open","ping_status":"open","sticky":false,"template":"","format":"standard","meta":{"_monsterinsights_skip_tracking":false,"footnotes":""},"categories":[45,46],"tags":[],"class_list":["post-71578","post","type-post","status-publish","format-standard","has-post-thumbnail","category-cultura","category-cultura-cultura"],"_links":{"self":[{"href":"https:\/\/redsemlac.com\/semmexico\/wp-json\/wp\/v2\/posts\/71578","targetHints":{"allow":["GET"]}}],"collection":[{"href":"https:\/\/redsemlac.com\/semmexico\/wp-json\/wp\/v2\/posts"}],"about":[{"href":"https:\/\/redsemlac.com\/semmexico\/wp-json\/wp\/v2\/types\/post"}],"author":[{"embeddable":true,"href":"https:\/\/redsemlac.com\/semmexico\/wp-json\/wp\/v2\/users\/3"}],"replies":[{"embeddable":true,"href":"https:\/\/redsemlac.com\/semmexico\/wp-json\/wp\/v2\/comments?post=71578"}],"version-history":[{"count":0,"href":"https:\/\/redsemlac.com\/semmexico\/wp-json\/wp\/v2\/posts\/71578\/revisions"}],"wp:featuredmedia":[{"embeddable":true,"href":"https:\/\/redsemlac.com\/semmexico\/wp-json\/wp\/v2\/media\/71579"}],"wp:attachment":[{"href":"https:\/\/redsemlac.com\/semmexico\/wp-json\/wp\/v2\/media?parent=71578"}],"wp:term":[{"taxonomy":"category","embeddable":true,"href":"https:\/\/redsemlac.com\/semmexico\/wp-json\/wp\/v2\/categories?post=71578"},{"taxonomy":"post_tag","embeddable":true,"href":"https:\/\/redsemlac.com\/semmexico\/wp-json\/wp\/v2\/tags?post=71578"}],"curies":[{"name":"wp","href":"https:\/\/api.w.org\/{rel}","templated":true}]}}