{"id":71570,"date":"2023-09-24T13:39:14","date_gmt":"2023-09-24T19:39:14","guid":{"rendered":"https:\/\/redsemlac.com\/semmexico\/?p=71570"},"modified":"2023-09-24T13:39:14","modified_gmt":"2023-09-24T19:39:14","slug":"alfa-omega-la-vida-no-es-tan-rosa-ni-romantica","status":"publish","type":"post","link":"https:\/\/redsemlac.com\/semmexico\/alfa-omega-la-vida-no-es-tan-rosa-ni-romantica\/","title":{"rendered":"Alfa Omega| \u00a0La Vida No Es Tan Rosa Ni Rom\u00e1ntica"},"content":{"rendered":"\n<p class=\"wp-block-paragraph\"><strong><em>Urgentes la Reconciliaci\u00f3n y la Reconstrucci\u00f3n<\/em><\/strong><\/p>\n\n\n\n<p class=\"wp-block-paragraph\"><strong><em>Se Fue Uno de los Grandes Pol\u00edticos PRIistas<\/em><\/strong><strong><\/strong><\/p>\n\n\n\n<p class=\"wp-block-paragraph\"><strong><em>Nieto e Hijo de Tigres, Con Futuro, en Acci\u00f3n<\/em><\/strong><\/p>\n\n\n\n<p class=\"wp-block-paragraph\"><strong>Jorge Herrera Valenzuela<\/strong><\/p>\n\n\n\n<p class=\"wp-block-paragraph\"><strong><em>Con el Voto del 2 de junio de 2024 Desterremos a la Delincuencia Organizada, Volvamos a Vivir en Paz, Que Se Aplique la Ley<\/em><\/strong><\/p>\n\n\n\n<p class=\"wp-block-paragraph\">Estamos viviendo una \u00e9poca de cambios, no de transformaci\u00f3n.<\/p>\n\n\n\n<p class=\"wp-block-paragraph\">Me gustar\u00eda mucho, por el bien de las futuras generaciones y quienes queremos vivir unos a\u00f1os m\u00e1s, que los mexicanos nos sacudi\u00e9ramos el polvo de la <strong>indiferencia<\/strong> frente a las elecciones del 2024, termin\u00e1ramos con la injustificada <strong>apat\u00eda c\u00edvica<\/strong> y demostremos con hechos el <strong>inter\u00e9s de<\/strong> <strong>progresar.<\/strong> Reiteremos nuestra <strong>inconformidad <\/strong>por un gobierno unipersonal.<\/p>\n\n\n\n<p class=\"wp-block-paragraph\">Hay que trabajar arduamente por <strong>la Reconciliaci\u00f3n de las y los mexicanos. <\/strong>Todos debemos obligarnos a aportar esfuerzos para <strong>la Reconstrucci\u00f3n de M\u00e9xico.<\/strong><\/p>\n\n\n\n<p class=\"wp-block-paragraph\">Por primera vez, una mujer despachar\u00e1 como Presidenta de los Estados Unidos Mexicanos, a partir del 1 de octubre de 2024. Cruzar\u00e1 la Puerta de Honor de Palacio Nacional, en autom\u00f3vil.<\/p>\n\n\n\n<p class=\"wp-block-paragraph\">Nada f\u00e1cil es el trabajo que espera al nuevo equipo para las tareas pol\u00edticas y administrativas.&nbsp; Al interior la violencia y la inseguridad son los problemas prioritarios. Serio enfrentamiento habr\u00e1 de darse contra la delincuencia organizada, la desorganizada y el narcopoder.<\/p>\n\n\n\n<p class=\"wp-block-paragraph\">Cuando me preguntan, \u00bfPor qui\u00e9n vas a votar?<\/p>\n\n\n\n<p class=\"wp-block-paragraph\">La respuesta se encierra en dos palabras, <strong>Por M\u00e9xico.<\/strong><\/p>\n\n\n\n<p class=\"wp-block-paragraph\">La que gane en las urnas debe tener el respaldo de los millones de mexicanos, hayamos votado en pro o en contra de la candidata triunfadora. Ser\u00e1 de nuestro respeto a la institucionalidad que representa como Jefa de Estado.<\/p>\n\n\n\n<p class=\"wp-block-paragraph\"><strong>Ella debe tener todo nuestro respeto y apoyo a su investidura.<\/strong><\/p>\n\n\n\n<p class=\"wp-block-paragraph\">Ya no estamos en tiempos de m\u00e1s divisionismo. Que se termine con la negligente pol\u00edtica solapadora de los delincuentes \u201c<strong>porque tambi\u00e9n son humanos<\/strong>\u201d y la absurda postura de \u201c<strong>abrazos, no balazos<\/strong>\u201d. Aplicar la Ley y punto.<\/p>\n\n\n\n<p class=\"wp-block-paragraph\">Reconciliar a las y los mexicanos, es muy importante. No s\u00f3lo en la vida p\u00fablica, pol\u00edtica, social, cultural y deportiva, sino en las mismas familias. Hermanos o hermanas contra hermanos. Padres, madres contra hijos. Borrar la mancha aplicada a la clase media, porque no comulga con las ideas gubernamentales.<\/p>\n\n\n\n<p class=\"wp-block-paragraph\">Hay que presentar programas de soluciones. Realizables. Ejecutables. No esperar m\u00e1s.<\/p>\n\n\n\n<p class=\"wp-block-paragraph\">El militarismo impuesto no debe permanecer, porque el Ej\u00e9rcito Mexicano tiene tareas, funciones y obligaciones constitucionales m\u00e1s importantes que las otorgadas.<\/p>\n\n\n\n<p class=\"wp-block-paragraph\">La verdad es muy bonita la vida rosa, hasta una canci\u00f3n hay. El romanticismo ha imperado siempre entre la humanidad. Sin embargo, en el incipiente siglo XXI <strong>hay muchos cambios, cero transformaciones.<\/strong><\/p>\n\n\n\n<p class=\"wp-block-paragraph\"><strong>ADI\u00d3S A TULIO HERN\u00c1NDEZ<\/strong><\/p>\n\n\n\n<p class=\"wp-block-paragraph\">Es muy triste morir fuera de tiempo. Dejar de respirar casi en el abandono. Si acaso alg\u00fan familiar est\u00e1 para cerrarle los p\u00e1rpados.<\/p>\n\n\n\n<p class=\"wp-block-paragraph\">\u00bfD\u00f3nde est\u00e1n los \u201camigos\u201d y los que gozaron de los beneficios del que emprendi\u00f3 el viaje sin regreso?<\/p>\n\n\n\n<p class=\"wp-block-paragraph\">Se preguntar\u00e1 porqu\u00e9 estoy melodram\u00e1tico o qu\u00e9 ara\u00f1a me pic\u00f3.<\/p>\n\n\n\n<p class=\"wp-block-paragraph\">Ha muerto mi compa\u00f1ero preparatoriano e hijo de un consejero de la Juventud, el profesor <strong>Francisco Hern\u00e1ndez y Hern\u00e1ndez <\/strong>y de la profesora <strong>Leonarda G\u00f3mez Blanco<\/strong>. Tuvo dos hermanos <strong>Pancho y H\u00e9ctor. <\/strong>El primero ya falleci\u00f3.<\/p>\n\n\n\n<p class=\"wp-block-paragraph\">El pasado d\u00eda 16 en una vivienda de San Esteban Tizatl\u00e1n, en la capital de Tlaxcala, muri\u00f3 <strong>Tulio Hern\u00e1ndez G\u00f3mez<\/strong>, a los 85 a\u00f1os. Me dijeron: \u201cEstaba solo. Viv\u00eda con sus dos leales servidores. Su secretaria y su secretario particular\u201d. Es uno de los iconos tlaxcaltecas. En su tierra dicen que su mejor legado, la herencia m\u00e1s sentida, es \u201c<strong>Amar a Tlaxcala<\/strong>\u201d.<\/p>\n\n\n\n<p class=\"wp-block-paragraph\">La noticia entristeci\u00f3 a quienes lo conocimos y atestiguamos su valor como pol\u00edtico, de los grandes del siglo pasado. Con la camiseta tricolor, la del PRI, desde los a\u00f1os en que fue directivo juvenil en Tlaxcala y en el Distrito Federal. Un joven eficiente secretario particular de otro grande, el gobernador <strong>Emilio S\u00e1nchez Piedras<\/strong>, a quien llamaron \u201cEl Pr\u00edncipe de Tepetzala\u201d.<\/p>\n\n\n\n<p class=\"wp-block-paragraph\">Tulio pertenece a una brillante generaci\u00f3n de pol\u00edticos priistas. El 19 de marzo de 1959 asumi\u00f3 la subdirecci\u00f3n nacional juvenil. El titular fue el profesor <strong>Miguel Osorio Marb\u00e1n. <\/strong>Dos subdirectores m\u00e1s, <strong>Pedro Luis Bartilotti Perea y Daniel Miranda Molina. <\/strong>El presidente de la Comisi\u00f3n Editorial, <strong>Augusto G\u00f3mez Villanueva<\/strong>.<\/p>\n\n\n\n<p class=\"wp-block-paragraph\">En esa camada pol\u00edtica, en el sexenio de <strong>Adolfo L\u00f3pez Mateos<\/strong> (el pasado viernes 22, se cumplieron 59 a\u00f1os de su fallecimiento), tambi\u00e9n estuvieron <strong>Carlos Armando Biebrich, Guillermo Fonseca \u00c1lvarez, Luis H. Ducoing<\/strong>, gobernadores de Sonora, San Luis Potos\u00ed y Guanajuato, respectivamente. <strong>Alfredo Figueroa, <\/strong>presidente municipal de Taxco, Guerrero.<strong> Biebrich Torres <\/strong>muri\u00f3 en 2011 por Covid 19.<\/p>\n\n\n\n<p class=\"wp-block-paragraph\">De esa Direcci\u00f3n Nacional Juvenil salieron gobernadores, senadores, diputados federales y locales, presidentes municipales y miembros de gabinete presidencial, como Osorio Marb\u00e1n y G\u00f3mez Villanueva, ambos en la Secretar\u00eda de la Reforma Agraria en diferentes per\u00edodos. Funcion\u00f3 el Instituto Nacional de Capacitaci\u00f3n Pol\u00edtica con la gu\u00eda del presidente del CEN del PRI, general y licenciado <strong>Alfonso Corona del Rosal.<\/strong><\/p>\n\n\n\n<p class=\"wp-block-paragraph\"><strong>LO RECUERDAN CON CARI\u00d1O<\/strong><\/p>\n\n\n\n<p class=\"wp-block-paragraph\">A Tulio lo quieren sus paisanos. Fue un gobernador que siempre estuvo al lado del pueblo.<\/p>\n\n\n\n<p class=\"wp-block-paragraph\">\u201c<strong>Don Tulio siempre me recibi\u00f3 y daba respuesta a los problemas que le plante\u00e1bamos\u201d<\/strong>, me dijo un campesino de Huamantla en una reciente visita, con motivos de las fiestas taurinas del pasado agosto.<\/p>\n\n\n\n<p class=\"wp-block-paragraph\">Las y los tlaxcaltecas vivieron seis a\u00f1os, a partir del 15 de enero de 1981, en pleno desarrollo agropecuario. Se mantuvo la paz pol\u00edtica y social. Se promovi\u00f3 la creaci\u00f3n del Instituto Tlaxcalteca de Cultura y el Fidecomiso de la Casas de las Artesan\u00edas. Se publicaron los C\u00f3dices de Huamantla y de Tepectipac, as\u00ed como los Lienzos de Tlaxcala y de Huamantla. Los Colegios de Bachilleres con diferentes especialidades y fue modernizado el Instituto Tecnol\u00f3gico de Apizaco.<\/p>\n\n\n\n<p class=\"wp-block-paragraph\">Como est\u00e1 comentado, Tulio asumi\u00f3 en enero de 1981, la gubernatura, misma que le entregaba su exjefe, <strong>Emilio S\u00e1nchez Piedras<\/strong> y a su vez Tulio cedi\u00f3 el paso a la gran pol\u00edtica <strong>Beatriz Elena Paredes Rangel. Un tr\u00edo de pol\u00edticos y gobernadores hasta ahora no superado.<\/strong><\/p>\n\n\n\n<p class=\"wp-block-paragraph\">La gran noticia en los medios pol\u00edtico y art\u00edstico se produjo en 1982 cuando el gobernador Tulio Hern\u00e1ndez contra\u00eda matrimonio con la superactriz y superbella <strong>Silvia Pinal, <\/strong>quien se convirti\u00f3 en primera dama de Tlaxcala y directora del DIF.<\/p>\n\n\n\n<p class=\"wp-block-paragraph\">Silvia por su labor recibi\u00f3 buenos comentarios y cumpli\u00f3 con su misi\u00f3n en esa instituci\u00f3n para atender los problemas de la ni\u00f1ez y de la familia.<\/p>\n\n\n\n<p class=\"wp-block-paragraph\">El matrimonio Hern\u00e1ndez Pinal dur\u00f3 13 a\u00f1os. Tulio se dedic\u00f3 a la docencia en la Facultad de Derecho de la UNAM y en la Escuela Nacional Preparatoria. El Alzheimer y problemas card\u00edacos le cortaron la vida. En su partido pol\u00edtico no tuvieron para pagar la inserci\u00f3n, en diario, de una esquela.<\/p>\n\n\n\n<p class=\"wp-block-paragraph\"><strong>HOMENAJE P\u00d3STUMO<\/strong><\/p>\n\n\n\n<p class=\"wp-block-paragraph\">La gobernadora <strong>Lorena Cu\u00e9llar Cisneros<\/strong> prepar\u00f3 y realiz\u00f3 en el Palacio de Gobierno, un merecido homenaje a Tulio Hern\u00e1ndez. El evento se caracteriz\u00f3 porque acudieron muchos tlaxcaltecas que, en verdad apreciaron al gobernador impulsor de la cultura y quien en febrero de este mismo don\u00f3 el casco del exrancho Santo Domingo, en Calpulalpan, para que en el espacio sea edificado el Museo Regional en una de las zonas arqueol\u00f3gicas de Tlaxcala.<\/p>\n\n\n\n<p class=\"wp-block-paragraph\">Durante la ceremonia, de cuerpo presente y frente al ata\u00fad, el secretario de Educaci\u00f3n, <strong>Antonio Mart\u00ednez Vel\u00e1zquez <\/strong>dio lectura a la semblanza de Tulio Hern\u00e1ndez G\u00f3mez, resaltando que fue un honesto y aut\u00e9ntico l\u00edder social y pol\u00edtico, al que siempre recordar\u00e1n.<\/p>\n\n\n\n<p class=\"wp-block-paragraph\">Uno de los pocos comentarios que le\u00ed fue el de mi amigo y colega <strong>Teodoro Renter\u00eda Arroyave.<\/strong> Ni hablar, as\u00ed es la vida o m\u00e1s bien as\u00ed actuamos los humanos, indiferentes y olvidadizos.<\/p>\n\n\n\n<p class=\"wp-block-paragraph\">Do\u00f1a Silvia Pinal, ahora retirada del espect\u00e1culo, ya divorciada de Tulio inici\u00f3 su carrera pol\u00edtica fue diputada federal, diputada local en el Distrito Federal y senadora por dos a\u00f1os.<\/p>\n\n\n\n<p class=\"wp-block-paragraph\"><strong>ES GARC\u00cdA Y PUBLICITAN A HARFUCH<\/strong><\/p>\n\n\n\n<p class=\"wp-block-paragraph\">La verdad no entiendo nada de pol\u00edtica sexenal. No me preocupa ni quiero entender, porque es simplemente etapa de ocurrencias, de caprichos y de lo que importa es tener el poder.<\/p>\n\n\n\n<p class=\"wp-block-paragraph\"><strong>Omar Hadim Garc\u00eda Harfuch<\/strong>, excelente funcionario en materia de seguridad hab\u00eda manifestado que no entrar\u00eda al juego para ser aspirante al Gobierno de la Ciudad de M\u00e9xico. De pronto lo animaron, seguramente lo medit\u00f3 y finalmente hizo p\u00fablica su participaci\u00f3n con el apoyo del partido pol\u00edtico en el poder.<\/p>\n\n\n\n<p class=\"wp-block-paragraph\">Garc\u00eda Harfuch es el \u00fanico elemento del gobierno que tiene 10 de calificaci\u00f3n. La Ciudad de M\u00e9xico tiene problemas con los narcomenudistas, pero no es escenario de pleito entre los Carteles de Sinaloa, Jalisco Nueva Generaci\u00f3n y del Golfo, entre otros. \u201c<strong>Los Chapitos<\/strong>\u201d perdieron a sus c\u00e9lulas, al ser capturados sus sicarios en un operativo realizado en Topilejo, Alcald\u00eda de Tlalpan.<\/p>\n\n\n\n<p class=\"wp-block-paragraph\">Los delineantes de \u201cEl Mencho\u201d, los del Cartel Jalisco Nueva Generaci\u00f3n, intentaron asesinar a Omar. Lo hirieron de tres y salv\u00f3 la vida. Identificados los sicarios y ordenadas las aprehensiones. Aqu\u00ed no se aplic\u00f3 la orden presidencial de \u201cAbrazos no Balazos\u201d.<\/p>\n\n\n\n<p class=\"wp-block-paragraph\">Comento que no entiendo lo del nombramiento del hombre que est\u00e1 preparado para ser, como ya lo es, un efectivo combatiente de la delincuencia, la llamen organizada o desorganizada.<\/p>\n\n\n\n<p class=\"wp-block-paragraph\">El presidente de M\u00e9xico no lo traga ni en pintura. En los dos casos sobresalientes mencionados, de Palacio Nacional salieron instrucciones a la Fiscal\u00eda de la Ciudad de M\u00e9xico para que sean benignos con los detenidos en Topilejo y silencio con los de \u201cMencho\u201d.<\/p>\n\n\n\n<p class=\"wp-block-paragraph\">\u00bfSe impuso la doctora Claudia Sheinbaum Pardo?<\/p>\n\n\n\n<p class=\"wp-block-paragraph\">&nbsp;\u00bfOmar estar\u00e1 corto tiempo en el cargo y despu\u00e9s ser\u00e1 fiscal general de la Rep\u00fablica o secretario de Seguridad Ciudadana?<\/p>\n\n\n\n<p class=\"wp-block-paragraph\">Omar Garc\u00eda Harfuch debe realizar una campa\u00f1a pol\u00edtico electoral sin que solo se le identifique por el apellido <strong>HARFUCH.<\/strong><\/p>\n\n\n\n<p class=\"wp-block-paragraph\">Muy respetable su apellido materno. Su mam\u00e1 es mi artista consentida y me fascina verla con Cantinflas en El Barrendero, <strong>Mar\u00eda Sort\u00e9<\/strong>. Mar\u00eda Harfuch Hidalgo, nacida en Ciudad Camargo, Chihuahua, hace 68 a\u00f1os.<\/p>\n\n\n\n<p class=\"wp-block-paragraph\">Tendremos un jefe de Gobierno de lujo.<\/p>\n\n\n\n<p class=\"wp-block-paragraph\">&nbsp;Hombre serio. Funcionario preparado. Con personalidad y car\u00e1cter. En la sangre trae la lealtad del abuelo, el general <strong>Marcelino Garc\u00eda Barrag\u00e1n. <\/strong>La entereza y fortaleza de su padre, <strong>Javier Garc\u00eda Paniagua<\/strong>, quien fue precandidato presidencial.<\/p>\n\n\n\n<p class=\"wp-block-paragraph\"><strong>jherrerav@live.com.mx<\/strong><\/p>\n","protected":false},"excerpt":{"rendered":"<p>Con el Voto del 2 de junio de 2024 Desterremos a la Delincuencia Organizada, Volvamos a Vivir en Paz, Que Se Aplique la Ley<\/p>\n","protected":false},"author":3,"featured_media":7843,"comment_status":"open","ping_status":"open","sticky":false,"template":"","format":"standard","meta":{"_monsterinsights_skip_tracking":false,"footnotes":""},"categories":[94,35],"tags":[],"class_list":["post-71570","post","type-post","status-publish","format-standard","has-post-thumbnail","category-jorge-herrera-valenzuela","category-opinion"],"_links":{"self":[{"href":"https:\/\/redsemlac.com\/semmexico\/wp-json\/wp\/v2\/posts\/71570","targetHints":{"allow":["GET"]}}],"collection":[{"href":"https:\/\/redsemlac.com\/semmexico\/wp-json\/wp\/v2\/posts"}],"about":[{"href":"https:\/\/redsemlac.com\/semmexico\/wp-json\/wp\/v2\/types\/post"}],"author":[{"embeddable":true,"href":"https:\/\/redsemlac.com\/semmexico\/wp-json\/wp\/v2\/users\/3"}],"replies":[{"embeddable":true,"href":"https:\/\/redsemlac.com\/semmexico\/wp-json\/wp\/v2\/comments?post=71570"}],"version-history":[{"count":0,"href":"https:\/\/redsemlac.com\/semmexico\/wp-json\/wp\/v2\/posts\/71570\/revisions"}],"wp:featuredmedia":[{"embeddable":true,"href":"https:\/\/redsemlac.com\/semmexico\/wp-json\/wp\/v2\/media\/7843"}],"wp:attachment":[{"href":"https:\/\/redsemlac.com\/semmexico\/wp-json\/wp\/v2\/media?parent=71570"}],"wp:term":[{"taxonomy":"category","embeddable":true,"href":"https:\/\/redsemlac.com\/semmexico\/wp-json\/wp\/v2\/categories?post=71570"},{"taxonomy":"post_tag","embeddable":true,"href":"https:\/\/redsemlac.com\/semmexico\/wp-json\/wp\/v2\/tags?post=71570"}],"curies":[{"name":"wp","href":"https:\/\/api.w.org\/{rel}","templated":true}]}}