{"id":71543,"date":"2023-09-23T16:48:41","date_gmt":"2023-09-23T22:48:41","guid":{"rendered":"https:\/\/redsemlac.com\/semmexico\/?p=71543"},"modified":"2023-09-23T16:48:42","modified_gmt":"2023-09-23T22:48:42","slug":"ligera-disminucion-en-embarazo-adolescente-en-guerrero-conapo","status":"publish","type":"post","link":"https:\/\/redsemlac.com\/semmexico\/ligera-disminucion-en-embarazo-adolescente-en-guerrero-conapo\/","title":{"rendered":"Ligera disminuci\u00f3n en embarazo adolescente en Guerrero: Conapo"},"content":{"rendered":"\n<p class=\"wp-block-paragraph\"><strong>40% de comunidades son rurales y dispersas en 2023: Agenda Demogr\u00e1fica COESPO<\/strong><\/p>\n\n\n\n<p class=\"wp-block-paragraph\">Redacci\u00f3n<\/p>\n\n\n\n<p class=\"wp-block-paragraph\">SemM\u00e9xico\/Ceprovysa, Chilpancingo, Gro; 23 de septiembre de 2023.- En el estado de Guerrero baj\u00f3 la tasa de 83 a 64.1 hijas e hijos por cada mil embarazos en adolescentes anunci\u00f3 esta semana Gabriela Rodr\u00edguez Ram\u00edrez, secretaria general del Consejo Nacional de Poblaci\u00f3n (Conapo), durante la presentaci\u00f3n de la Agenda Demogr\u00e1fica 2023 del Estado de Guerrero.<\/p>\n\n\n\n<p class=\"wp-block-paragraph\">Guerrero hist\u00f3ricamente ha tenido una de las tasas de embarazo adolescente m\u00e1s altas en el pa\u00eds. Gabriela Rodr\u00edguez indic\u00f3 que la tercera parte de las mujeres en el estado de Guerrero se une o casan antes de los 18 a\u00f1os, \u201cy el mensaje es que la segunda d\u00e9cada de la vida es para estar estudiando.\u201d<\/p>\n\n\n\n<p class=\"wp-block-paragraph\">\u201cEn 2053 llegaremos al tope poblacional del pa\u00eds, con 147 millones de personas, y empezar\u00e1 a descender el volumen de la poblaci\u00f3n\u201d, de acuerdo con el comunicado de prensa.<\/p>\n\n\n\n<p class=\"wp-block-paragraph\">El panorama demogr\u00e1fico de la entidad muestra que, de acuerdo con el Censo de Poblaci\u00f3n y Vivienda 2020 del INEGI, en Guerrero habitan 3 millones 540 mil 685 personas en un total de 6 mil 769 localidades. De \u00e9stas, 59.7 por ciento de la poblaci\u00f3n viven en 142 localidades urbanas y 40.3 por ciento en 6,627 localidades rurales, lo que demuestra una gran dispersi\u00f3n de la poblaci\u00f3n guerrerense que dificulta el acceso y la prestaci\u00f3n de los servicios p\u00fablicos.<\/p>\n\n\n\n<p class=\"wp-block-paragraph\">Estos servicios que deben llegar a un mill\u00f3n 840 mil 073 mujeres y un mill\u00f3n 700 mil 612 hombres.&nbsp;<\/p>\n\n\n\n<p class=\"wp-block-paragraph\">En pir\u00e1mide poblacional, el grupo de 0-14 a\u00f1os representa el 29.2 por ciento; de 15 a 29, un 24.4 por ciento; 30 a 64, 36.9 por ciento y de 65 y m\u00e1s &#8211;que son los adultos mayores, 8.9 por ciento.<\/p>\n\n\n\n<p class=\"wp-block-paragraph\">Las tendencias apuntan a cambios en la estructura de la poblaci\u00f3n que requieren acelerar las acciones para atender los desaf\u00edos poblacionales como el envejecimiento poblacional, pero tambi\u00e9n para aprovechar las oportunidades que deriven de ella, como el bono demogr\u00e1fico, muestra la Agenda Demogr\u00e1fica 2023, presentada por la Secretar\u00eda General de Gobierno a trav\u00e9s del Consejo Estatal de Poblaci\u00f3n (COESPO).<\/p>\n\n\n\n<p class=\"wp-block-paragraph\">Respecto a la migraci\u00f3n seg\u00fan lugar de nacimiento: 3 millones 311 mil 109 personas nacieron en el estado de Guerrero; 195 mil 093 nacieron en otra entidad; 16 mil 437 en Estados Unidos de Norte Am\u00e9rica; y en otro pa\u00eds 1 mil 580. Un total de 16 mil 437 personas.<\/p>\n\n\n\n<p class=\"wp-block-paragraph\">La Agenda Demogr\u00e1fica, permitir\u00e1 a los acad\u00e9micos y p\u00fablico en general disponer de un documento para la consulta \u00e1gil y r\u00e1pida de los datos e indicadores estad\u00edsticos y sociodemogr\u00e1ficos permite conocer la estructura y distribuci\u00f3n territorial de la poblaci\u00f3n y sus caracter\u00edsticas principales desglosados por sexo y grupos de edad.<\/p>\n\n\n\n<p class=\"wp-block-paragraph\">Durante la presentaci\u00f3n, el secretario general de Gobierno, Ludwig Marcial Reynoso N\u00fa\u00f1ez, en representaci\u00f3n de la gobernadora, Evelyn Salgado Pineda reafirm\u00f3 el compromiso para generar acciones que contribuyan a posicionar la pol\u00edtica de poblaci\u00f3n y los temas sociodemogr\u00e1ficos en el centro de las pol\u00edticas p\u00fablicas, utilizando esta importante herramienta para la creaci\u00f3n de programas que beneficien a la sociedad guerrerense, orientadas a disminuir las brechas y desigualdades sociales de la entidad.<\/p>\n\n\n\n<p class=\"wp-block-paragraph\">Asistieron al evento el Coordinador Estatal del INEGI, Ismael Maldonado Valenzuela; la titular de la Comisi\u00f3n Estatal de Derechos Humanos en Guerrero, Cecilia Narciso Gayt\u00e1n; secretarios de despacho, autoridades estatales, educativas y representantes de organizaciones.<\/p>\n","protected":false},"excerpt":{"rendered":"<p>En el estado de Guerrero baj\u00f3 la tasa de 83 a 64.1 hijas e hijos por cada mil embarazos en adolescentes anunci\u00f3 esta semana Gabriela Rodr\u00edguez Ram\u00edrez, secretaria general del Consejo Nacional de Poblaci\u00f3n<\/p>\n","protected":false},"author":3,"featured_media":71544,"comment_status":"open","ping_status":"open","sticky":false,"template":"","format":"standard","meta":{"_monsterinsights_skip_tracking":false,"footnotes":""},"categories":[682],"tags":[],"class_list":["post-71543","post","type-post","status-publish","format-standard","has-post-thumbnail","category-noticias"],"_links":{"self":[{"href":"https:\/\/redsemlac.com\/semmexico\/wp-json\/wp\/v2\/posts\/71543","targetHints":{"allow":["GET"]}}],"collection":[{"href":"https:\/\/redsemlac.com\/semmexico\/wp-json\/wp\/v2\/posts"}],"about":[{"href":"https:\/\/redsemlac.com\/semmexico\/wp-json\/wp\/v2\/types\/post"}],"author":[{"embeddable":true,"href":"https:\/\/redsemlac.com\/semmexico\/wp-json\/wp\/v2\/users\/3"}],"replies":[{"embeddable":true,"href":"https:\/\/redsemlac.com\/semmexico\/wp-json\/wp\/v2\/comments?post=71543"}],"version-history":[{"count":0,"href":"https:\/\/redsemlac.com\/semmexico\/wp-json\/wp\/v2\/posts\/71543\/revisions"}],"wp:featuredmedia":[{"embeddable":true,"href":"https:\/\/redsemlac.com\/semmexico\/wp-json\/wp\/v2\/media\/71544"}],"wp:attachment":[{"href":"https:\/\/redsemlac.com\/semmexico\/wp-json\/wp\/v2\/media?parent=71543"}],"wp:term":[{"taxonomy":"category","embeddable":true,"href":"https:\/\/redsemlac.com\/semmexico\/wp-json\/wp\/v2\/categories?post=71543"},{"taxonomy":"post_tag","embeddable":true,"href":"https:\/\/redsemlac.com\/semmexico\/wp-json\/wp\/v2\/tags?post=71543"}],"curies":[{"name":"wp","href":"https:\/\/api.w.org\/{rel}","templated":true}]}}